{"id":13854,"date":"2023-04-26T14:45:00","date_gmt":"2023-04-26T17:45:00","guid":{"rendered":"https:\/\/www.infomoney.com.br\/?p=2118019"},"modified":"2023-04-26T14:45:00","modified_gmt":"2023-04-26T17:45:00","slug":"governo-tem-a-obrigacao-de-zerar-o-deficit-fiscal-em-2024-afirma-tebet","status":"publish","type":"post","link":"https:\/\/sindaopcpb.org.br\/index.php\/2023\/04\/26\/governo-tem-a-obrigacao-de-zerar-o-deficit-fiscal-em-2024-afirma-tebet\/","title":{"rendered":"Governo tem a obriga\u00e7\u00e3o de zerar o d\u00e9ficit fiscal em 2024, afirma Tebet"},"content":{"rendered":"<p><img loading=\"lazy\" width=\"300\" height=\"200\" src=\"https:\/\/www.infomoney.com.br\/wp-content\/uploads\/2023\/03\/52621767145_544494f92f_c.jpg?fit=300%2C200&amp;quality=70&amp;strip=all\" class=\"attachment-medium size-medium wp-post-image\" alt=\"\" decoding=\"async\" style=\"float:right; margin:0 0 10px 10px;\" srcset=\"https:\/\/www.infomoney.com.br\/wp-content\/uploads\/2023\/03\/52621767145_544494f92f_c.jpg?w=799&amp;quality=70&amp;strip=all 799w, https:\/\/www.infomoney.com.br\/wp-content\/uploads\/2023\/03\/52621767145_544494f92f_c.jpg?w=300&amp;quality=70&amp;strip=all 300w, https:\/\/www.infomoney.com.br\/wp-content\/uploads\/2023\/03\/52621767145_544494f92f_c.jpg?w=768&amp;quality=70&amp;strip=all 768w, https:\/\/www.infomoney.com.br\/wp-content\/uploads\/2023\/03\/52621767145_544494f92f_c.jpg?w=150&amp;quality=70&amp;strip=all 150w\" sizes=\"auto, (max-width: 300px) 100vw, 300px\" data-attachment-id=\"2094193\" data-permalink=\"https:\/\/www.infomoney.com.br\/politica\/reforma-tributaria-e-a-salvacao-da-lavoura-a-unica-bala-de-prata-que-temos-afirma-tebet\/attachment\/52621767145_544494f92f_c\/\" data-orig-file=\"https:\/\/www.infomoney.com.br\/wp-content\/uploads\/2023\/03\/52621767145_544494f92f_c.jpg?fit=799%2C533&amp;quality=70&amp;strip=all\" data-orig-size=\"799,533\" data-comments-opened=\"0\" data-image-meta=\"{&quot;aperture&quot;:&quot;0&quot;,&quot;credit&quot;:&quot;&quot;,&quot;camera&quot;:&quot;&quot;,&quot;caption&quot;:&quot;&quot;,&quot;created_timestamp&quot;:&quot;0&quot;,&quot;copyright&quot;:&quot;&quot;,&quot;focal_length&quot;:&quot;0&quot;,&quot;iso&quot;:&quot;0&quot;,&quot;shutter_speed&quot;:&quot;0&quot;,&quot;title&quot;:&quot;&quot;,&quot;orientation&quot;:&quot;0&quot;}\" data-image-title=\"Simone Tebet\" data-image-description=\"\" data-image-caption=\"&lt;p&gt;A ministra do Planejamento e Or\u00e7amento, Simone Tebet (MDB), em an\u00fancio da pasta (Foto: Edu Andrade\/Ascom\/MF)&lt;\/p&gt;\n\" data-medium-file=\"https:\/\/www.infomoney.com.br\/wp-content\/uploads\/2023\/03\/52621767145_544494f92f_c.jpg?fit=300%2C200&amp;quality=70&amp;strip=all\" data-large-file=\"https:\/\/www.infomoney.com.br\/wp-content\/uploads\/2023\/03\/52621767145_544494f92f_c.jpg?fit=799%2C533&amp;quality=70&amp;strip=all\" title=\"\"><\/p>\n<p>A ministra do Planejamento e Or\u00e7amento, Simone Tebet, afirmou, nesta quarta-feira (26), que o governo tem a obriga\u00e7\u00e3o de zerar o d\u00e9ficit fiscal em 2024, como prev\u00ea o novo arcabou\u00e7o fiscal enviado ao Congresso. A declara\u00e7\u00e3o foi feita durante participa\u00e7\u00e3o em evento da Frente Parlamentar do Empreendedorismo (FPE).<\/p>\n<p>&#8220;O arcabou\u00e7o n\u00e3o veio com o objetivo de cortar gastos p\u00fablicos. Esses cortes ser\u00e3o feitos com outras medidas. Temos uma secretaria espec\u00edfica que vai avaliar os gastos p\u00fablicos. O arcabou\u00e7o fiscal vem com objetivo de reequilibrar as contas p\u00fablicas&#8221;, declarou a ministra.<\/p>\n<p>Tebet tamb\u00e9m declarou que o reequil\u00edbrio das contas p\u00fablicas \u00e9 essencial para a retomada do crescimento econ\u00f4mico. Segundo ela, a proposta enviada ao Legislativo estabelece o or\u00e7amento de 2023 como o piso das despesas p\u00fablicas e limita o crescimento real das despesas p\u00fablicas a, no m\u00e1ximo, 2,5%. &#8220;\u00c9 imposs\u00edvel ter crescimento sustent\u00e1vel e duradouro com d\u00e9ficit de 2% do PIB&#8221;, disse.<\/p>\n<p>Ela tamb\u00e9m declarou que aceitou o desafio de ser ministra mais pelo planejamento do que pelo or\u00e7amento. Segundo ela, o planejamento do Brasil \u00e9 importante para o desenvolvimento econ\u00f4mico e social.<\/p>\n<p>Citou ainda como exemplo um trabalho de revis\u00e3o de benef\u00edcios do Bolsa Fam\u00edlia que deve acarretar em economia anual de R$ 7 bilh\u00f5es feito pela Pasta em parceria com o Minist\u00e9rio do Desenvolvimento Social.<\/p>\n<p>The post <a rel=\"nofollow noopener\" href=\"https:\/\/www.infomoney.com.br\/politica\/governo-tem-a-obrigacao-de-zerar-o-deficit-fiscal-em-2024-afirma-tebet\/\" target=\"_blank\">Governo tem a obriga\u00e7\u00e3o de zerar o d\u00e9ficit fiscal em 2024, afirma Tebet<\/a> appeared first on <a rel=\"nofollow noopener\" href=\"https:\/\/www.infomoney.com.br\/\" target=\"_blank\">InfoMoney<\/a>.<\/p>\n","protected":false},"excerpt":{"rendered":"<p><img loading=\"lazy\" decoding=\"async\" width=\"300\" height=\"200\" src=\"https:\/\/www.infomoney.com.br\/wp-content\/uploads\/2023\/03\/52621767145_544494f92f_c.jpg?fit=300%2C200&amp;quality=70&amp;strip=all\" class=\"attachment-medium size-medium wp-post-image\" alt=\"\" data-attachment-id=\"2094193\" data-permalink=\"https:\/\/www.infomoney.com.br\/politica\/reforma-tributaria-e-a-salvacao-da-lavoura-a-unica-bala-de-prata-que-temos-afirma-tebet\/attachment\/52621767145_544494f92f_c\/\" data-orig-file=\"https:\/\/www.infomoney.com.br\/wp-content\/uploads\/2023\/03\/52621767145_544494f92f_c.jpg?fit=799%2C533&amp;quality=70&amp;strip=all\" data-orig-size=\"799,533\" data-comments-opened=\"0\" data-image-meta='{\"aperture\":\"0\",\"credit\":\"\",\"camera\":\"\",\"caption\":\"\",\"created_timestamp\":\"0\",\"copyright\":\"\",\"focal_length\":\"0\",\"iso\":\"0\",\"shutter_speed\":\"0\",\"title\":\"\",\"orientation\":\"0\"}' data-image-title=\"Simone Tebet\" data-image-description=\"\" data-image-caption=\"&lt;p&gt;A ministra do Planejamento e Or\u00e7amento, Simone Tebet (MDB), em an\u00fancio da pasta (Foto: Edu Andrade\/Ascom\/MF)&lt;\/p&gt;\n\" data-medium-file=\"https:\/\/www.infomoney.com.br\/wp-content\/uploads\/2023\/03\/52621767145_544494f92f_c.jpg?fit=300%2C200&amp;quality=70&amp;strip=all\" data-large-file=\"https:\/\/www.infomoney.com.br\/wp-content\/uploads\/2023\/03\/52621767145_544494f92f_c.jpg?fit=799%2C533&amp;quality=70&amp;strip=all\">Ministra defende reequil\u00edbrio das contas p\u00fablicas para a retomada do crescimento econ\u00f4mico<\/p>\n<p>The post <a rel=\"nofollow\" href=\"https:\/\/www.infomoney.com.br\/politica\/governo-tem-a-obrigacao-de-zerar-o-deficit-fiscal-em-2024-afirma-tebet\/\">Governo tem a obriga\u00e7\u00e3o de zerar o d\u00e9ficit fiscal em 2024, afirma Tebet<\/a> appeared first on <a rel=\"nofollow\" href=\"https:\/\/www.infomoney.com.br\/\">InfoMoney<\/a>.<\/p>\n","protected":false},"author":43,"featured_media":0,"comment_status":"closed","ping_status":"closed","sticky":false,"template":"","format":"standard","meta":{"advgb_blocks_editor_width":"","advgb_blocks_columns_visual_guide":"","footnotes":""},"categories":[108,34,47,443,360],"tags":[35],"class_list":["post-13854","post","type-post","status-publish","format-standard","hentry","category-arcabouco-fiscal","category-g1","category-politica","category-politica-fiscal","category-simone-tebet","tag-g1"],"author_meta":{"display_name":"Estad\u00e3o Conte\u00fado","author_link":"https:\/\/sindaopcpb.org.br\/author\/estadao-conteudo\/"},"featured_img":null,"coauthors":[],"tax_additional":{"categories":{"linked":["<a href=\"https:\/\/sindaopcpb.org.br\/arcabouco-fiscal\/\" class=\"advgb-post-tax-term\">Arcabou\u00e7o Fiscal<\/a>","<a href=\"https:\/\/sindaopcpb.org.br\/g1\/\" class=\"advgb-post-tax-term\">G1<\/a>","<a href=\"https:\/\/sindaopcpb.org.br\/politica\/\" class=\"advgb-post-tax-term\">POLITICA<\/a>","<a href=\"https:\/\/sindaopcpb.org.br\/politica-fiscal\/\" class=\"advgb-post-tax-term\">Pol\u00edtica Fiscal<\/a>","<a href=\"https:\/\/sindaopcpb.org.br\/simone-tebet\/\" class=\"advgb-post-tax-term\">Simone Tebet<\/a>"],"unlinked":["<span class=\"advgb-post-tax-term\">Arcabou\u00e7o Fiscal<\/span>","<span class=\"advgb-post-tax-term\">G1<\/span>","<span class=\"advgb-post-tax-term\">POLITICA<\/span>","<span class=\"advgb-post-tax-term\">Pol\u00edtica Fiscal<\/span>","<span class=\"advgb-post-tax-term\">Simone Tebet<\/span>"]},"tags":{"linked":["<a href=\"https:\/\/sindaopcpb.org.br\/simone-tebet\/\" class=\"advgb-post-tax-term\">g1<\/a>"],"unlinked":["<span class=\"advgb-post-tax-term\">g1<\/span>"]}},"comment_count":"0","relative_dates":{"created":"Publicado 3 anos atr\u00e1s","modified":"Atualizado 3 anos atr\u00e1s"},"absolute_dates":{"created":"Publicado em 26 de abril de 2023","modified":"Atualizado em 26 de abril de 2023"},"absolute_dates_time":{"created":"Publicado em 26 de abril de 2023 14:45","modified":"Atualizado em 26 de abril de 2023 14:45"},"featured_img_caption":"","series_order":"","_links":{"self":[{"href":"https:\/\/sindaopcpb.org.br\/index.php\/wp-json\/wp\/v2\/posts\/13854","targetHints":{"allow":["GET"]}}],"collection":[{"href":"https:\/\/sindaopcpb.org.br\/index.php\/wp-json\/wp\/v2\/posts"}],"about":[{"href":"https:\/\/sindaopcpb.org.br\/index.php\/wp-json\/wp\/v2\/types\/post"}],"author":[{"embeddable":true,"href":"https:\/\/sindaopcpb.org.br\/index.php\/wp-json\/wp\/v2\/users\/43"}],"replies":[{"embeddable":true,"href":"https:\/\/sindaopcpb.org.br\/index.php\/wp-json\/wp\/v2\/comments?post=13854"}],"version-history":[{"count":1,"href":"https:\/\/sindaopcpb.org.br\/index.php\/wp-json\/wp\/v2\/posts\/13854\/revisions"}],"predecessor-version":[{"id":13855,"href":"https:\/\/sindaopcpb.org.br\/index.php\/wp-json\/wp\/v2\/posts\/13854\/revisions\/13855"}],"wp:attachment":[{"href":"https:\/\/sindaopcpb.org.br\/index.php\/wp-json\/wp\/v2\/media?parent=13854"}],"wp:term":[{"taxonomy":"category","embeddable":true,"href":"https:\/\/sindaopcpb.org.br\/index.php\/wp-json\/wp\/v2\/categories?post=13854"},{"taxonomy":"post_tag","embeddable":true,"href":"https:\/\/sindaopcpb.org.br\/index.php\/wp-json\/wp\/v2\/tags?post=13854"}],"curies":[{"name":"wp","href":"https:\/\/api.w.org\/{rel}","templated":true}]}}