{"id":13850,"date":"2023-04-26T15:05:00","date_gmt":"2023-04-26T18:05:00","guid":{"rendered":"https:\/\/www.infomoney.com.br\/?p=2117896"},"modified":"2023-04-26T15:05:00","modified_gmt":"2023-04-26T18:05:00","slug":"lula-afirma-que-bndes-e-bancos-publicos-voltarao-a-fazer-emprestimos-para-promover-crescimento","status":"publish","type":"post","link":"https:\/\/sindaopcpb.org.br\/index.php\/2023\/04\/26\/lula-afirma-que-bndes-e-bancos-publicos-voltarao-a-fazer-emprestimos-para-promover-crescimento\/","title":{"rendered":"Lula afirma que BNDES e bancos p\u00fablicos voltar\u00e3o a fazer empr\u00e9stimos para promover crescimento"},"content":{"rendered":"<p><img loading=\"lazy\" width=\"300\" height=\"157\" src=\"https:\/\/www.infomoney.com.br\/wp-content\/uploads\/2023\/01\/bndes-1.jpg?fit=300%2C157&amp;quality=70&amp;strip=all\" class=\"attachment-medium size-medium wp-post-image\" alt=\"BNDES\" decoding=\"async\" style=\"float:right; margin:0 0 10px 10px;\" srcset=\"https:\/\/www.infomoney.com.br\/wp-content\/uploads\/2023\/01\/bndes-1.jpg?w=1280&amp;quality=70&amp;strip=all 1280w, https:\/\/www.infomoney.com.br\/wp-content\/uploads\/2023\/01\/bndes-1.jpg?w=300&amp;quality=70&amp;strip=all 300w, https:\/\/www.infomoney.com.br\/wp-content\/uploads\/2023\/01\/bndes-1.jpg?w=768&amp;quality=70&amp;strip=all 768w, https:\/\/www.infomoney.com.br\/wp-content\/uploads\/2023\/01\/bndes-1.jpg?w=150&amp;quality=70&amp;strip=all 150w\" sizes=\"auto, (max-width: 300px) 100vw, 300px\" data-attachment-id=\"2021502\" data-permalink=\"https:\/\/www.infomoney.com.br\/guias\/bndes-banco-nacional-de-desenvolvimento-economico-social\/attachment\/bndes-1-2\/\" data-orig-file=\"https:\/\/www.infomoney.com.br\/wp-content\/uploads\/2023\/01\/bndes-1.jpg?fit=1280%2C669&amp;quality=70&amp;strip=all\" data-orig-size=\"1280,669\" data-comments-opened=\"0\" data-image-meta=\"{&quot;aperture&quot;:&quot;0&quot;,&quot;credit&quot;:&quot;&quot;,&quot;camera&quot;:&quot;&quot;,&quot;caption&quot;:&quot;&quot;,&quot;created_timestamp&quot;:&quot;0&quot;,&quot;copyright&quot;:&quot;&quot;,&quot;focal_length&quot;:&quot;0&quot;,&quot;iso&quot;:&quot;0&quot;,&quot;shutter_speed&quot;:&quot;0&quot;,&quot;title&quot;:&quot;&quot;,&quot;orientation&quot;:&quot;0&quot;}\" data-image-title=\"bndes (1)\" data-image-description=\"\" data-image-caption=\"\" data-medium-file=\"https:\/\/www.infomoney.com.br\/wp-content\/uploads\/2023\/01\/bndes-1.jpg?fit=300%2C157&amp;quality=70&amp;strip=all\" data-large-file=\"https:\/\/www.infomoney.com.br\/wp-content\/uploads\/2023\/01\/bndes-1.jpg?fit=1280%2C669&amp;quality=70&amp;strip=all\" title=\"\"><\/p>\n<p>O presidente da Rep\u00fablica, Luiz In\u00e1cio Lula da Silva, disse que o Banco Nacional de Desenvolvimento Econ\u00f4mico e Social (BNDES) e os bancos p\u00fablicos brasileiros v\u00e3o voltar a fazer empr\u00e9stimos para promover o crescimento. Em seu \u00faltimo pronunciamento na viagem que faz \u00e0 Europa, ele afirmou que n\u00e3o h\u00e1 problema em fazer d\u00edvida, se for para construir ativos novos.<\/p>\n<p>&#8220;Se tiver que fazer d\u00edvida, vamos fazer d\u00edvida&#8221;, afirmou Lula, acrescentando que n\u00e3o &#8220;podemos \u00e9 fazer d\u00edvida para pagar d\u00edvida&#8221;.<\/p>\n<p>Lula reafirmou ainda, como j\u00e1 havia dito no Brasil e em Portugal, que n\u00e3o vai vender empresas estatais e disse que quer parceiras com os empres\u00e1rios. &#8220;Precisamos convencer os empres\u00e1rios brasileiros a fazer investimento na Espanha e convencer os empres\u00e1rios espanh\u00f3is a fazer parcerias, a investir no Brasil. N\u00f3s n\u00e3o vamos mais privatizar nenhuma empresa. N\u00e3o vamos vender patrim\u00f4nio p\u00fablico para pagar d\u00edvida&#8221;, afirmou.<\/p>\n<p>O presidente disse ainda que sem dinheiro e sem cr\u00e9dito a economia n\u00e3o cresce.<\/p>\n<h2><b>Acordo Mercosul-Uni\u00e3o Europeia<\/b><\/h2>\n<p>Lula disse ainda que, se fosse f\u00e1cil fechar o acordo Mercosul com a Uni\u00e3o Europeia, isso &#8220;j\u00e1 teria sido feito&#8221;. Ele lembrou que o desfecho para essa negocia\u00e7\u00e3o j\u00e1 esteve perto muitas vezes e citou v\u00e1rios momentos em seus governos passados onde isso ocorreu.<\/p>\n<p>&#8220;O acordo mexe com os interesses da sociedade&#8221;, justificou Lula.<\/p>\n<p>Segundo o presidente brasileiro, o acerto feito pelo governo Bolsonaro \u00e9 inaceit\u00e1vel porque imp\u00f5e puni\u00e7\u00e3o. &#8220;A proposta \u00e9 inaceit\u00e1vel porque imp\u00f5e puni\u00e7\u00e3o e n\u00e3o podemos aceitar&#8221;, disse Lula, acrescentando que tem interesse em assinar o documento.<\/p>\n<p>A Espanha vai presidir a Uni\u00e3o Europeia no segundo semestre deste ano em substitui\u00e7\u00e3o \u00e0 Su\u00e9cia e, na percep\u00e7\u00e3o do presidente da Rep\u00fablica, isso aumenta a chance de sucesso.<\/p>\n<p>&#8220;Tenho interesse em fechar, mas todos t\u00eam que estar de acordo e tem que todo mundo ganhar. No ganha-ganha \u00e9 que podemos fazer um bom acordo&#8221;, disse Lula.<\/p>\n<h2><b>Banco dos Brics<\/b><\/h2>\n<p>No mesmo pronunciamento, feito ap\u00f3s conversa com o presidente de governo espanhol, Lula afirmou que gostaria que o banco dos Brics &#8220;se transforme num grande banco de investimentos, se poss\u00edvel maior que o Banco Mundial&#8221;.<\/p>\n<p>&#8220;Sem dinheiro, sem cr\u00e9dito, a economia n\u00e3o cresce&#8221;, disse o presidente brasileiro, acrescentando que &#8220;ou o Estado ou os empres\u00e1rios t\u00eam que colocar dinheiro&#8221;. &#8220;Se o Estado n\u00e3o pode colocar e os empres\u00e1rios n\u00e3o t\u00eam, os bancos t\u00eam que oferecer. Se os bancos privados n\u00e3o querem, os bancos p\u00fablicos que ofere\u00e7am. No Brasil temos quatro bancos p\u00fablicos importantes&#8221;, disse, citando BNDES, Banco do Brasil, Caixa, Banco do Nordeste e Banco da Amaz\u00f4nia.<\/p>\n<p>Lula tamb\u00e9m voltou a defender a cria\u00e7\u00e3o de uma moeda comum para os pa\u00edses do Mercosul e outra para os membros do Brics. &#8220;Como o euro&#8221;, comparou.<\/p>\n<p>The post <a rel=\"nofollow noopener\" href=\"https:\/\/www.infomoney.com.br\/politica\/lula-afirma-que-bndes-e-bancos-publicos-voltarao-a-fazer-emprestimos-para-promover-crescimento\/\" target=\"_blank\">Lula afirma que BNDES e bancos p\u00fablicos voltar\u00e3o a fazer empr\u00e9stimos para promover crescimento<\/a> appeared first on <a rel=\"nofollow noopener\" href=\"https:\/\/www.infomoney.com.br\/\" target=\"_blank\">InfoMoney<\/a>.<\/p>\n","protected":false},"excerpt":{"rendered":"<p><img loading=\"lazy\" decoding=\"async\" width=\"300\" height=\"157\" src=\"https:\/\/www.infomoney.com.br\/wp-content\/uploads\/2023\/01\/bndes-1.jpg?fit=300%2C157&amp;quality=70&amp;strip=all\" class=\"attachment-medium size-medium wp-post-image\" alt=\"BNDES\" data-attachment-id=\"2021502\" data-permalink=\"https:\/\/www.infomoney.com.br\/guias\/bndes-banco-nacional-de-desenvolvimento-economico-social\/attachment\/bndes-1-2\/\" data-orig-file=\"https:\/\/www.infomoney.com.br\/wp-content\/uploads\/2023\/01\/bndes-1.jpg?fit=1280%2C669&amp;quality=70&amp;strip=all\" data-orig-size=\"1280,669\" data-comments-opened=\"0\" data-image-meta='{\"aperture\":\"0\",\"credit\":\"\",\"camera\":\"\",\"caption\":\"\",\"created_timestamp\":\"0\",\"copyright\":\"\",\"focal_length\":\"0\",\"iso\":\"0\",\"shutter_speed\":\"0\",\"title\":\"\",\"orientation\":\"0\"}' data-image-title=\"bndes (1)\" data-image-description=\"\" data-image-caption=\"\" data-medium-file=\"https:\/\/www.infomoney.com.br\/wp-content\/uploads\/2023\/01\/bndes-1.jpg?fit=300%2C157&amp;quality=70&amp;strip=all\" data-large-file=\"https:\/\/www.infomoney.com.br\/wp-content\/uploads\/2023\/01\/bndes-1.jpg?fit=1280%2C669&amp;quality=70&amp;strip=all\">Presidente reafirmou que n\u00e3o vai vender empresas estatais e disse que quer parceiras com os empres\u00e1rios<\/p>\n<p>The post <a rel=\"nofollow\" href=\"https:\/\/www.infomoney.com.br\/politica\/lula-afirma-que-bndes-e-bancos-publicos-voltarao-a-fazer-emprestimos-para-promover-crescimento\/\">Lula afirma que BNDES e bancos p\u00fablicos voltar\u00e3o a fazer empr\u00e9stimos para promover crescimento<\/a> appeared first on <a rel=\"nofollow\" href=\"https:\/\/www.infomoney.com.br\/\">InfoMoney<\/a>.<\/p>\n","protected":false},"author":43,"featured_media":0,"comment_status":"closed","ping_status":"closed","sticky":false,"template":"","format":"standard","meta":{"advgb_blocks_editor_width":"","advgb_blocks_columns_visual_guide":"","footnotes":""},"categories":[1075,139,34,129,47],"tags":[35],"class_list":["post-13850","post","type-post","status-publish","format-standard","hentry","category-bancos-publicos","category-bndes","category-g1","category-luiz-inacio-lula-da-silva","category-politica","tag-g1"],"author_meta":{"display_name":"Estad\u00e3o Conte\u00fado","author_link":"https:\/\/sindaopcpb.org.br\/author\/estadao-conteudo\/"},"featured_img":null,"coauthors":[],"tax_additional":{"categories":{"linked":["<a href=\"https:\/\/sindaopcpb.org.br\/bancos-publicos\/\" class=\"advgb-post-tax-term\">Bancos p\u00fablicos<\/a>","<a href=\"https:\/\/sindaopcpb.org.br\/bndes\/\" class=\"advgb-post-tax-term\">BNDES<\/a>","<a href=\"https:\/\/sindaopcpb.org.br\/g1\/\" class=\"advgb-post-tax-term\">G1<\/a>","<a href=\"https:\/\/sindaopcpb.org.br\/luiz-inacio-lula-da-silva\/\" class=\"advgb-post-tax-term\">Luiz In\u00e1cio Lula da Silva<\/a>","<a href=\"https:\/\/sindaopcpb.org.br\/politica\/\" class=\"advgb-post-tax-term\">POLITICA<\/a>"],"unlinked":["<span class=\"advgb-post-tax-term\">Bancos p\u00fablicos<\/span>","<span class=\"advgb-post-tax-term\">BNDES<\/span>","<span class=\"advgb-post-tax-term\">G1<\/span>","<span class=\"advgb-post-tax-term\">Luiz In\u00e1cio Lula da Silva<\/span>","<span class=\"advgb-post-tax-term\">POLITICA<\/span>"]},"tags":{"linked":["<a href=\"https:\/\/sindaopcpb.org.br\/politica\/\" class=\"advgb-post-tax-term\">g1<\/a>"],"unlinked":["<span class=\"advgb-post-tax-term\">g1<\/span>"]}},"comment_count":"0","relative_dates":{"created":"Publicado 3 anos atr\u00e1s","modified":"Atualizado 3 anos atr\u00e1s"},"absolute_dates":{"created":"Publicado em 26 de abril de 2023","modified":"Atualizado em 26 de abril de 2023"},"absolute_dates_time":{"created":"Publicado em 26 de abril de 2023 15:05","modified":"Atualizado em 26 de abril de 2023 15:05"},"featured_img_caption":"","series_order":"","_links":{"self":[{"href":"https:\/\/sindaopcpb.org.br\/index.php\/wp-json\/wp\/v2\/posts\/13850","targetHints":{"allow":["GET"]}}],"collection":[{"href":"https:\/\/sindaopcpb.org.br\/index.php\/wp-json\/wp\/v2\/posts"}],"about":[{"href":"https:\/\/sindaopcpb.org.br\/index.php\/wp-json\/wp\/v2\/types\/post"}],"author":[{"embeddable":true,"href":"https:\/\/sindaopcpb.org.br\/index.php\/wp-json\/wp\/v2\/users\/43"}],"replies":[{"embeddable":true,"href":"https:\/\/sindaopcpb.org.br\/index.php\/wp-json\/wp\/v2\/comments?post=13850"}],"version-history":[{"count":1,"href":"https:\/\/sindaopcpb.org.br\/index.php\/wp-json\/wp\/v2\/posts\/13850\/revisions"}],"predecessor-version":[{"id":13851,"href":"https:\/\/sindaopcpb.org.br\/index.php\/wp-json\/wp\/v2\/posts\/13850\/revisions\/13851"}],"wp:attachment":[{"href":"https:\/\/sindaopcpb.org.br\/index.php\/wp-json\/wp\/v2\/media?parent=13850"}],"wp:term":[{"taxonomy":"category","embeddable":true,"href":"https:\/\/sindaopcpb.org.br\/index.php\/wp-json\/wp\/v2\/categories?post=13850"},{"taxonomy":"post_tag","embeddable":true,"href":"https:\/\/sindaopcpb.org.br\/index.php\/wp-json\/wp\/v2\/tags?post=13850"}],"curies":[{"name":"wp","href":"https:\/\/api.w.org\/{rel}","templated":true}]}}