{"id":13844,"date":"2023-04-26T15:47:52","date_gmt":"2023-04-26T18:47:52","guid":{"rendered":"https:\/\/www.infomoney.com.br\/?p=2118095"},"modified":"2023-04-26T15:47:52","modified_gmt":"2023-04-26T18:47:52","slug":"andre-mendonca-suspende-julgamento-de-beneficio-tributario-no-stj","status":"publish","type":"post","link":"https:\/\/sindaopcpb.org.br\/index.php\/2023\/04\/26\/andre-mendonca-suspende-julgamento-de-beneficio-tributario-no-stj\/","title":{"rendered":"Andr\u00e9 Mendon\u00e7a suspende julgamento de benef\u00edcio tribut\u00e1rio no STJ"},"content":{"rendered":"<p><img loading=\"lazy\" width=\"300\" height=\"200\" src=\"https:\/\/www.infomoney.com.br\/wp-content\/uploads\/2021\/12\/Andre_Mendonca.jpg?fit=300%2C200&amp;quality=70&amp;strip=all\" class=\"attachment-medium size-medium wp-post-image\" alt=\"\" decoding=\"async\" style=\"float:right; margin:0 0 10px 10px;\" srcset=\"https:\/\/www.infomoney.com.br\/wp-content\/uploads\/2021\/12\/Andre_Mendonca.jpg?w=799&amp;quality=70&amp;strip=all 799w, https:\/\/www.infomoney.com.br\/wp-content\/uploads\/2021\/12\/Andre_Mendonca.jpg?w=300&amp;quality=70&amp;strip=all 300w, https:\/\/www.infomoney.com.br\/wp-content\/uploads\/2021\/12\/Andre_Mendonca.jpg?w=768&amp;quality=70&amp;strip=all 768w, https:\/\/www.infomoney.com.br\/wp-content\/uploads\/2021\/12\/Andre_Mendonca.jpg?w=150&amp;quality=70&amp;strip=all 150w\" sizes=\"auto, (max-width: 300px) 100vw, 300px\" data-attachment-id=\"1742796\" data-permalink=\"https:\/\/www.infomoney.com.br\/politica\/senado-vota-pec-dos-precatorios-em-plenario-acompanhe\/attachment\/andre_mendonca\/\" data-orig-file=\"https:\/\/www.infomoney.com.br\/wp-content\/uploads\/2021\/12\/Andre_Mendonca.jpg?fit=799%2C533&amp;quality=70&amp;strip=all\" data-orig-size=\"799,533\" data-comments-opened=\"1\" data-image-meta=\"{&quot;aperture&quot;:&quot;0&quot;,&quot;credit&quot;:&quot;Marcos Oliveira\\\/Ag\\u00eancia Senado&quot;,&quot;camera&quot;:&quot;&quot;,&quot;caption&quot;:&quot;&quot;,&quot;created_timestamp&quot;:&quot;0&quot;,&quot;copyright&quot;:&quot;Senado Federal do Brasil&quot;,&quot;focal_length&quot;:&quot;0&quot;,&quot;iso&quot;:&quot;0&quot;,&quot;shutter_speed&quot;:&quot;0&quot;,&quot;title&quot;:&quot;&quot;,&quot;orientation&quot;:&quot;0&quot;}\" data-image-title=\"Andre_Mendon\u00e7a\" data-image-description=\"\" data-image-caption=\"\" data-medium-file=\"https:\/\/www.infomoney.com.br\/wp-content\/uploads\/2021\/12\/Andre_Mendonca.jpg?fit=300%2C200&amp;quality=70&amp;strip=all\" data-large-file=\"https:\/\/www.infomoney.com.br\/wp-content\/uploads\/2021\/12\/Andre_Mendonca.jpg?fit=799%2C533&amp;quality=70&amp;strip=all\" title=\"\"><\/p>\n<p>O ministro Andr\u00e9 Mendon\u00e7a, do Supremo Tribunal Federal (STF), decidiu, nesta quarta-feira (26), suspender o julgamento dos processos do Superior Tribunal de Justi\u00e7a (STJ) que tratam da possibilidade de exclus\u00e3o dos benef\u00edcios fiscais de ICMS da base de c\u00e1lculo do Imposto de Renda Pessoa Jur\u00eddica (IRPJ) e da Contribui\u00e7\u00e3o Social sobre o Lucro L\u00edquido (CSLL).<\/p>\n<p>Pela determina\u00e7\u00e3o do magistrado, o tema deve ser avocado para julgamento no plen\u00e1rio do STF por entender que se trata de quest\u00e3o constitucional. A medida cautelar atende a pedido feito pela Associa\u00e7\u00e3o Brasileira do Agroneg\u00f3cio.<\/p>\n<p>A decis\u00e3o ocorre no momento em que a 1\u00aa Se\u00e7\u00e3o do STJ se preparava para decidir, em car\u00e1ter repetitivo (ou seja, com efeito vinculante), se a Uni\u00e3o poderia cobrar Imposto de Renda e CSLL sobre ganhos obtidos com benef\u00edcios fiscais concedidos por Estados.<\/p>\n<p><em>mais informa\u00e7\u00f5es em instantes<\/em><\/p>\n<p>The post <a rel=\"nofollow noopener\" href=\"https:\/\/www.infomoney.com.br\/politica\/andre-mendonca-suspende-julgamento-de-beneficio-tributario-no-stj\/\" target=\"_blank\">Andr\u00e9 Mendon\u00e7a suspende julgamento de benef\u00edcio tribut\u00e1rio no STJ<\/a> appeared first on <a rel=\"nofollow noopener\" href=\"https:\/\/www.infomoney.com.br\/\" target=\"_blank\">InfoMoney<\/a>.<\/p>\n","protected":false},"excerpt":{"rendered":"<p><img loading=\"lazy\" decoding=\"async\" width=\"300\" height=\"200\" src=\"https:\/\/www.infomoney.com.br\/wp-content\/uploads\/2021\/12\/Andre_Mendonca.jpg?fit=300%2C200&amp;quality=70&amp;strip=all\" class=\"attachment-medium size-medium wp-post-image\" alt=\"\" data-attachment-id=\"1742796\" data-permalink=\"https:\/\/www.infomoney.com.br\/politica\/senado-vota-pec-dos-precatorios-em-plenario-acompanhe\/attachment\/andre_mendonca\/\" data-orig-file=\"https:\/\/www.infomoney.com.br\/wp-content\/uploads\/2021\/12\/Andre_Mendonca.jpg?fit=799%2C533&amp;quality=70&amp;strip=all\" data-orig-size=\"799,533\" data-comments-opened=\"1\" data-image-meta='{\"aperture\":\"0\",\"credit\":\"Marcos Oliveira\\\/Ag\\u00eancia Senado\",\"camera\":\"\",\"caption\":\"\",\"created_timestamp\":\"0\",\"copyright\":\"Senado Federal do Brasil\",\"focal_length\":\"0\",\"iso\":\"0\",\"shutter_speed\":\"0\",\"title\":\"\",\"orientation\":\"0\"}' data-image-title=\"Andre_Mendon\u00e7a\" data-image-description=\"\" data-image-caption=\"\" data-medium-file=\"https:\/\/www.infomoney.com.br\/wp-content\/uploads\/2021\/12\/Andre_Mendonca.jpg?fit=300%2C200&amp;quality=70&amp;strip=all\" data-large-file=\"https:\/\/www.infomoney.com.br\/wp-content\/uploads\/2021\/12\/Andre_Mendonca.jpg?fit=799%2C533&amp;quality=70&amp;strip=all\">Pela determina\u00e7\u00e3o do magistrado, o tema deve ser avocado para julgamento no plen\u00e1rio do STF<\/p>\n<p>The post <a rel=\"nofollow\" href=\"https:\/\/www.infomoney.com.br\/politica\/andre-mendonca-suspende-julgamento-de-beneficio-tributario-no-stj\/\">Andr\u00e9 Mendon\u00e7a suspende julgamento de benef\u00edcio tribut\u00e1rio no STJ<\/a> appeared first on <a rel=\"nofollow\" href=\"https:\/\/www.infomoney.com.br\/\">InfoMoney<\/a>.<\/p>\n","protected":false},"author":52,"featured_media":0,"comment_status":"closed","ping_status":"closed","sticky":false,"template":"","format":"standard","meta":{"advgb_blocks_editor_width":"","advgb_blocks_columns_visual_guide":"","footnotes":""},"categories":[1575,1712,34,128,556,1713,47,449,1610],"tags":[35],"class_list":["post-13844","post","type-post","status-publish","format-standard","hentry","category-andre-mendonca","category-csll","category-g1","category-icms","category-impostos","category-irpj","category-politica","category-stf","category-stj","tag-g1"],"author_meta":{"display_name":"Marcos Mortari","author_link":"https:\/\/sindaopcpb.org.br\/author\/marcos-mortari\/"},"featured_img":null,"coauthors":[],"tax_additional":{"categories":{"linked":["<a href=\"https:\/\/sindaopcpb.org.br\/andre-mendonca\/\" class=\"advgb-post-tax-term\">Andr\u00e9 Mendon\u00e7a<\/a>","<a href=\"https:\/\/sindaopcpb.org.br\/csll\/\" class=\"advgb-post-tax-term\">CSLL<\/a>","<a href=\"https:\/\/sindaopcpb.org.br\/g1\/\" class=\"advgb-post-tax-term\">G1<\/a>","<a href=\"https:\/\/sindaopcpb.org.br\/icms\/\" class=\"advgb-post-tax-term\">ICMS<\/a>","<a href=\"https:\/\/sindaopcpb.org.br\/impostos\/\" class=\"advgb-post-tax-term\">Impostos<\/a>","<a href=\"https:\/\/sindaopcpb.org.br\/irpj\/\" class=\"advgb-post-tax-term\">IRPJ<\/a>","<a href=\"https:\/\/sindaopcpb.org.br\/politica\/\" class=\"advgb-post-tax-term\">POLITICA<\/a>","<a href=\"https:\/\/sindaopcpb.org.br\/stf\/\" class=\"advgb-post-tax-term\">STF<\/a>","<a href=\"https:\/\/sindaopcpb.org.br\/stj\/\" class=\"advgb-post-tax-term\">STJ<\/a>"],"unlinked":["<span class=\"advgb-post-tax-term\">Andr\u00e9 Mendon\u00e7a<\/span>","<span class=\"advgb-post-tax-term\">CSLL<\/span>","<span class=\"advgb-post-tax-term\">G1<\/span>","<span class=\"advgb-post-tax-term\">ICMS<\/span>","<span class=\"advgb-post-tax-term\">Impostos<\/span>","<span class=\"advgb-post-tax-term\">IRPJ<\/span>","<span class=\"advgb-post-tax-term\">POLITICA<\/span>","<span class=\"advgb-post-tax-term\">STF<\/span>","<span class=\"advgb-post-tax-term\">STJ<\/span>"]},"tags":{"linked":["<a href=\"https:\/\/sindaopcpb.org.br\/stj\/\" class=\"advgb-post-tax-term\">g1<\/a>"],"unlinked":["<span class=\"advgb-post-tax-term\">g1<\/span>"]}},"comment_count":"0","relative_dates":{"created":"Publicado 3 anos atr\u00e1s","modified":"Atualizado 3 anos atr\u00e1s"},"absolute_dates":{"created":"Publicado em 26 de abril de 2023","modified":"Atualizado em 26 de abril de 2023"},"absolute_dates_time":{"created":"Publicado em 26 de abril de 2023 15:47","modified":"Atualizado em 26 de abril de 2023 15:47"},"featured_img_caption":"","series_order":"","_links":{"self":[{"href":"https:\/\/sindaopcpb.org.br\/index.php\/wp-json\/wp\/v2\/posts\/13844","targetHints":{"allow":["GET"]}}],"collection":[{"href":"https:\/\/sindaopcpb.org.br\/index.php\/wp-json\/wp\/v2\/posts"}],"about":[{"href":"https:\/\/sindaopcpb.org.br\/index.php\/wp-json\/wp\/v2\/types\/post"}],"author":[{"embeddable":true,"href":"https:\/\/sindaopcpb.org.br\/index.php\/wp-json\/wp\/v2\/users\/52"}],"replies":[{"embeddable":true,"href":"https:\/\/sindaopcpb.org.br\/index.php\/wp-json\/wp\/v2\/comments?post=13844"}],"version-history":[{"count":4,"href":"https:\/\/sindaopcpb.org.br\/index.php\/wp-json\/wp\/v2\/posts\/13844\/revisions"}],"predecessor-version":[{"id":13902,"href":"https:\/\/sindaopcpb.org.br\/index.php\/wp-json\/wp\/v2\/posts\/13844\/revisions\/13902"}],"wp:attachment":[{"href":"https:\/\/sindaopcpb.org.br\/index.php\/wp-json\/wp\/v2\/media?parent=13844"}],"wp:term":[{"taxonomy":"category","embeddable":true,"href":"https:\/\/sindaopcpb.org.br\/index.php\/wp-json\/wp\/v2\/categories?post=13844"},{"taxonomy":"post_tag","embeddable":true,"href":"https:\/\/sindaopcpb.org.br\/index.php\/wp-json\/wp\/v2\/tags?post=13844"}],"curies":[{"name":"wp","href":"https:\/\/api.w.org\/{rel}","templated":true}]}}