{"id":13822,"date":"2023-04-26T13:31:07","date_gmt":"2023-04-26T16:31:07","guid":{"rendered":"https:\/\/www.infomoney.com.br\/?p=2117885"},"modified":"2023-04-26T13:31:07","modified_gmt":"2023-04-26T16:31:07","slug":"pacheco-le-requerimento-da-cpmi-do-8-de-janeiro-e-oficializa-criacao-de-comissao-no-congresso","status":"publish","type":"post","link":"https:\/\/sindaopcpb.org.br\/index.php\/2023\/04\/26\/pacheco-le-requerimento-da-cpmi-do-8-de-janeiro-e-oficializa-criacao-de-comissao-no-congresso\/","title":{"rendered":"Pacheco l\u00ea requerimento da CPMI do 8 de Janeiro e oficializa cria\u00e7\u00e3o de comiss\u00e3o no Congresso"},"content":{"rendered":"<p><img loading=\"lazy\" width=\"300\" height=\"200\" src=\"https:\/\/www.infomoney.com.br\/wp-content\/uploads\/2022\/07\/52199147356_b9f3dce7da_c.jpg?fit=300%2C200&amp;quality=70&amp;strip=all\" class=\"attachment-medium size-medium wp-post-image\" alt=\"\" decoding=\"async\" style=\"float:right; margin:0 0 10px 10px;\" srcset=\"https:\/\/www.infomoney.com.br\/wp-content\/uploads\/2022\/07\/52199147356_b9f3dce7da_c.jpg?w=799&amp;quality=70&amp;strip=all 799w, https:\/\/www.infomoney.com.br\/wp-content\/uploads\/2022\/07\/52199147356_b9f3dce7da_c.jpg?w=300&amp;quality=70&amp;strip=all 300w, https:\/\/www.infomoney.com.br\/wp-content\/uploads\/2022\/07\/52199147356_b9f3dce7da_c.jpg?w=768&amp;quality=70&amp;strip=all 768w, https:\/\/www.infomoney.com.br\/wp-content\/uploads\/2022\/07\/52199147356_b9f3dce7da_c.jpg?w=150&amp;quality=70&amp;strip=all 150w\" sizes=\"auto, (max-width: 300px) 100vw, 300px\" data-attachment-id=\"1886325\" data-permalink=\"https:\/\/www.infomoney.com.br\/politica\/pacheco-abre-cpi-do-mec-e-outras-tres-comissoes-mas-investigacoes-ficam-para-depois-das-eleicoes\/attachment\/52199147356_b9f3dce7da_c\/\" data-orig-file=\"https:\/\/www.infomoney.com.br\/wp-content\/uploads\/2022\/07\/52199147356_b9f3dce7da_c.jpg?fit=799%2C533&amp;quality=70&amp;strip=all\" data-orig-size=\"799,533\" data-comments-opened=\"1\" data-image-meta=\"{&quot;aperture&quot;:&quot;0&quot;,&quot;credit&quot;:&quot;Marcos Oliveira\\\/Ag\\u00eancia Senado&quot;,&quot;camera&quot;:&quot;&quot;,&quot;caption&quot;:&quot;&quot;,&quot;created_timestamp&quot;:&quot;0&quot;,&quot;copyright&quot;:&quot;Senado Federal do Brasil&quot;,&quot;focal_length&quot;:&quot;0&quot;,&quot;iso&quot;:&quot;0&quot;,&quot;shutter_speed&quot;:&quot;0&quot;,&quot;title&quot;:&quot;&quot;,&quot;orientation&quot;:&quot;0&quot;}\" data-image-title=\"Rodrigo Pacheco\" data-image-description=\"\" data-image-caption=\"&lt;p&gt;O presidente do Senado Federal, Rodrigo Pacheco (PSD-MG), durante sess\u00e3o no plen\u00e1rio (Foto: Marcos Oliveira\/Ag\u00eancia Senado)&lt;\/p&gt;\n\" data-medium-file=\"https:\/\/www.infomoney.com.br\/wp-content\/uploads\/2022\/07\/52199147356_b9f3dce7da_c.jpg?fit=300%2C200&amp;quality=70&amp;strip=all\" data-large-file=\"https:\/\/www.infomoney.com.br\/wp-content\/uploads\/2022\/07\/52199147356_b9f3dce7da_c.jpg?fit=799%2C533&amp;quality=70&amp;strip=all\" title=\"\"><\/p>\n<p>O presidente do Congresso Nacional, senador Rodrigo Pacheco (PSD-MG), leu no in\u00edcio da tarde, durante abertura da primeira sess\u00e3o do Congresso, o requerimento que solicita a cria\u00e7\u00e3o da Comiss\u00e3o Parlamentar Mista de Inqu\u00e9rito\u00a0 (CPMI) para apurar poss\u00edveis respons\u00e1veis sobre os epis\u00f3dios ocorridos em 8 de janeiro, quando v\u00e2ndalos depredaram o Congresso Nacional, o Pal\u00e1cio do Planalto e o Supremo Tribunal Federal.<\/p>\n<p>No momento da leitura, feita antes do in\u00edcio da Ordem do Dia, estavam presentes 306 deputados e 61 senadores. De acordo com o tr\u00e2mite para abertura da CPMI, Pacheco disse que partidos e blocos partid\u00e1rios devem enviar os nomes dos integrantes da comiss\u00e3o respeitando a proporcionalidade, em prazo que ainda ser\u00e1 comunicado.<\/p>\n<p>&#8220;H\u00e1 sobre a mesa o requerimento do deputado Andr\u00e9 Fernandes (PL-CE) e outros deputados, que requer a cria\u00e7\u00e3o de Comiss\u00e3o Parlamentar Mista de Inqu\u00e9rito (CPMI) com a finalidade de investigar atos de a\u00e7\u00e3o e omiss\u00e3o ocorridos no dia 8 de janeiro nas sedes dos Tr\u00eas Poderes da Rep\u00fablica, em Bras\u00edlia, nos termos do artigo 58 da Constitui\u00e7\u00e3o Federal e 21 do Regimento Comum do Congresso Nacional. O requerimento cont\u00e9m o n\u00famero constitucional de subscritores e ser\u00e1 publicado para que produza seus efeitos legais&#8221;.<\/p>\n<p>De acordo com a assessoria de Andr\u00e9 Fernandes, at\u00e9 segunda-feira (24), 235 deputados e 37 senadores haviam manifestado apoio formal \u00e0 instala\u00e7\u00e3o do colegiado. Na pe\u00e7a, o parlamentar pede que a CPMI tenha 30 integrantes titulares, sendo 15 deputados e 15 senadores, e igual n\u00famero de suplentes de cada casa legislativa.<\/p>\n<p>O pedido prev\u00ea funcionamento de 180 dias para a CPMI e define como objeto das investiga\u00e7\u00f5es \u201cos atos de a\u00e7\u00e3o e omiss\u00e3o ocorridos no \u00faltimo dia 08 de janeiro nas Sedes dos Tr\u00eas Poderes da Rep\u00fablica, em Bras\u00edlia\u201d.<\/p>\n<p>\u201cN\u00e3o h\u00e1 d\u00favidas que houve depreda\u00e7\u00e3o do patrim\u00f4nio p\u00fablico, o que \u00e9 inadmiss\u00edvel em um Estado Democr\u00e1tico de Direito e todos os envolvidos, sejam eles extremistas ou infiltrados, devem, rigorosamente, ser identificados e punidos na forma da lei. Contudo, ainda paira no ar as incertezas acerca d0 ocorrido e quem de fato o planejou, executou e se omitiu, quando por for\u00e7a legal deveria ter agido\u201d, diz o documento.<\/p>\n<p>Inicialmente contr\u00e1rio \u00e0 cria\u00e7\u00e3o da CPMI, o governo do presidente Luiz In\u00e1cio Lula da Silva (PT) tentou articular para que o requerimento n\u00e3o avan\u00e7asse. Com o adiamento da sess\u00e3o do Congresso Nacional marcada para a semana passada, os governistas conseguiram mais tempo para tentar convencer deputados e senadores a retirarem as assinaturas.<\/p>\n<p>O vazamento de imagens sob sigilo do circuito interno do Pal\u00e1cio do Planalto no 8 de janeiro, trouxe um fato novo e fez a orienta\u00e7\u00e3o do governo mudar. O epis\u00f3dio tamb\u00e9m culminou na demiss\u00e3o do ent\u00e3o ministro do Gabinete de Seguran\u00e7a Institucional, Gon\u00e7alves Dias, visto nas imagens interagindo e gesticulando de maneira amena com os invasores da sede do governo federal.<\/p>\n<p>The post <a rel=\"nofollow noopener\" href=\"https:\/\/www.infomoney.com.br\/politica\/pacheco-le-requerimento-da-cpmi-do-8-de-janeiro-e-oficializa-criacao-de-comissao-no-congresso\/\" target=\"_blank\">Pacheco l\u00ea requerimento da CPMI do 8 de Janeiro e oficializa cria\u00e7\u00e3o de comiss\u00e3o no Congresso<\/a> appeared first on <a rel=\"nofollow noopener\" href=\"https:\/\/www.infomoney.com.br\/\" target=\"_blank\">InfoMoney<\/a>.<\/p>\n","protected":false},"excerpt":{"rendered":"<p><img loading=\"lazy\" decoding=\"async\" width=\"300\" height=\"200\" src=\"https:\/\/www.infomoney.com.br\/wp-content\/uploads\/2022\/07\/52199147356_b9f3dce7da_c.jpg?fit=300%2C200&amp;quality=70&amp;strip=all\" class=\"attachment-medium size-medium wp-post-image\" alt=\"\" data-attachment-id=\"1886325\" data-permalink=\"https:\/\/www.infomoney.com.br\/politica\/pacheco-abre-cpi-do-mec-e-outras-tres-comissoes-mas-investigacoes-ficam-para-depois-das-eleicoes\/attachment\/52199147356_b9f3dce7da_c\/\" data-orig-file=\"https:\/\/www.infomoney.com.br\/wp-content\/uploads\/2022\/07\/52199147356_b9f3dce7da_c.jpg?fit=799%2C533&amp;quality=70&amp;strip=all\" data-orig-size=\"799,533\" data-comments-opened=\"1\" data-image-meta='{\"aperture\":\"0\",\"credit\":\"Marcos Oliveira\\\/Ag\\u00eancia Senado\",\"camera\":\"\",\"caption\":\"\",\"created_timestamp\":\"0\",\"copyright\":\"Senado Federal do Brasil\",\"focal_length\":\"0\",\"iso\":\"0\",\"shutter_speed\":\"0\",\"title\":\"\",\"orientation\":\"0\"}' data-image-title=\"Rodrigo Pacheco\" data-image-description=\"\" data-image-caption=\"&lt;p&gt;O presidente do Senado Federal, Rodrigo Pacheco (PSD-MG), durante sess\u00e3o no plen\u00e1rio (Foto: Marcos Oliveira\/Ag\u00eancia Senado)&lt;\/p&gt;\n\" data-medium-file=\"https:\/\/www.infomoney.com.br\/wp-content\/uploads\/2022\/07\/52199147356_b9f3dce7da_c.jpg?fit=300%2C200&amp;quality=70&amp;strip=all\" data-large-file=\"https:\/\/www.infomoney.com.br\/wp-content\/uploads\/2022\/07\/52199147356_b9f3dce7da_c.jpg?fit=799%2C533&amp;quality=70&amp;strip=all\">Pedido prev\u00ea dura\u00e7\u00e3o de 180 dias e define como objeto das investiga\u00e7\u00f5es os atos de a\u00e7\u00e3o e omiss\u00e3o ocorridos na capital<\/p>\n<p>The post <a rel=\"nofollow\" href=\"https:\/\/www.infomoney.com.br\/politica\/pacheco-le-requerimento-da-cpmi-do-8-de-janeiro-e-oficializa-criacao-de-comissao-no-congresso\/\">Pacheco l\u00ea requerimento da CPMI do 8 de Janeiro e oficializa cria\u00e7\u00e3o de comiss\u00e3o no Congresso<\/a> appeared first on <a rel=\"nofollow\" href=\"https:\/\/www.infomoney.com.br\/\">InfoMoney<\/a>.<\/p>\n","protected":false},"author":47,"featured_media":0,"comment_status":"closed","ping_status":"closed","sticky":false,"template":"","format":"standard","meta":{"advgb_blocks_editor_width":"","advgb_blocks_columns_visual_guide":"","footnotes":""},"categories":[359,752,34,47],"tags":[35],"class_list":["post-13822","post","type-post","status-publish","format-standard","hentry","category-congresso-nacional","category-cpi","category-g1","category-politica","tag-g1"],"author_meta":{"display_name":"luispereira","author_link":"https:\/\/sindaopcpb.org.br\/author\/luispereira\/"},"featured_img":null,"coauthors":[],"tax_additional":{"categories":{"linked":["<a href=\"https:\/\/sindaopcpb.org.br\/congresso-nacional\/\" class=\"advgb-post-tax-term\">Congresso Nacional<\/a>","<a href=\"https:\/\/sindaopcpb.org.br\/cpi\/\" class=\"advgb-post-tax-term\">CPI<\/a>","<a href=\"https:\/\/sindaopcpb.org.br\/g1\/\" class=\"advgb-post-tax-term\">G1<\/a>","<a href=\"https:\/\/sindaopcpb.org.br\/politica\/\" class=\"advgb-post-tax-term\">POLITICA<\/a>"],"unlinked":["<span class=\"advgb-post-tax-term\">Congresso Nacional<\/span>","<span class=\"advgb-post-tax-term\">CPI<\/span>","<span class=\"advgb-post-tax-term\">G1<\/span>","<span class=\"advgb-post-tax-term\">POLITICA<\/span>"]},"tags":{"linked":["<a href=\"https:\/\/sindaopcpb.org.br\/politica\/\" class=\"advgb-post-tax-term\">g1<\/a>"],"unlinked":["<span class=\"advgb-post-tax-term\">g1<\/span>"]}},"comment_count":"0","relative_dates":{"created":"Publicado 3 anos atr\u00e1s","modified":"Atualizado 3 anos atr\u00e1s"},"absolute_dates":{"created":"Publicado em 26 de abril de 2023","modified":"Atualizado em 26 de abril de 2023"},"absolute_dates_time":{"created":"Publicado em 26 de abril de 2023 13:31","modified":"Atualizado em 26 de abril de 2023 13:31"},"featured_img_caption":"","series_order":"","_links":{"self":[{"href":"https:\/\/sindaopcpb.org.br\/index.php\/wp-json\/wp\/v2\/posts\/13822","targetHints":{"allow":["GET"]}}],"collection":[{"href":"https:\/\/sindaopcpb.org.br\/index.php\/wp-json\/wp\/v2\/posts"}],"about":[{"href":"https:\/\/sindaopcpb.org.br\/index.php\/wp-json\/wp\/v2\/types\/post"}],"author":[{"embeddable":true,"href":"https:\/\/sindaopcpb.org.br\/index.php\/wp-json\/wp\/v2\/users\/47"}],"replies":[{"embeddable":true,"href":"https:\/\/sindaopcpb.org.br\/index.php\/wp-json\/wp\/v2\/comments?post=13822"}],"version-history":[{"count":2,"href":"https:\/\/sindaopcpb.org.br\/index.php\/wp-json\/wp\/v2\/posts\/13822\/revisions"}],"predecessor-version":[{"id":13856,"href":"https:\/\/sindaopcpb.org.br\/index.php\/wp-json\/wp\/v2\/posts\/13822\/revisions\/13856"}],"wp:attachment":[{"href":"https:\/\/sindaopcpb.org.br\/index.php\/wp-json\/wp\/v2\/media?parent=13822"}],"wp:term":[{"taxonomy":"category","embeddable":true,"href":"https:\/\/sindaopcpb.org.br\/index.php\/wp-json\/wp\/v2\/categories?post=13822"},{"taxonomy":"post_tag","embeddable":true,"href":"https:\/\/sindaopcpb.org.br\/index.php\/wp-json\/wp\/v2\/tags?post=13822"}],"curies":[{"name":"wp","href":"https:\/\/api.w.org\/{rel}","templated":true}]}}