{"id":13820,"date":"2023-04-26T14:00:37","date_gmt":"2023-04-26T17:00:37","guid":{"rendered":"https:\/\/www.infomoney.com.br\/?p=2117696"},"modified":"2023-04-26T14:00:37","modified_gmt":"2023-04-26T17:00:37","slug":"deputados-discutem-impactos-da-reforma-tributaria-na-economia-digital","status":"publish","type":"post","link":"https:\/\/sindaopcpb.org.br\/index.php\/2023\/04\/26\/deputados-discutem-impactos-da-reforma-tributaria-na-economia-digital\/","title":{"rendered":"Deputados discutem impactos da reforma tribut\u00e1ria na economia digital"},"content":{"rendered":"<p><img loading=\"lazy\" width=\"300\" height=\"199\" src=\"https:\/\/www.infomoney.com.br\/wp-content\/uploads\/2023\/04\/fachada-senado_Foto-Leonardo-Sa-Agencia-Senado.jpg?fit=300%2C199&amp;quality=70&amp;strip=all\" class=\"attachment-medium size-medium wp-post-image\" alt=\"\" decoding=\"async\" style=\"float:right; margin:0 0 10px 10px;\" srcset=\"https:\/\/www.infomoney.com.br\/wp-content\/uploads\/2023\/04\/fachada-senado_Foto-Leonardo-Sa-Agencia-Senado.jpg?w=2047&amp;quality=70&amp;strip=all 2047w, https:\/\/www.infomoney.com.br\/wp-content\/uploads\/2023\/04\/fachada-senado_Foto-Leonardo-Sa-Agencia-Senado.jpg?w=300&amp;quality=70&amp;strip=all 300w, https:\/\/www.infomoney.com.br\/wp-content\/uploads\/2023\/04\/fachada-senado_Foto-Leonardo-Sa-Agencia-Senado.jpg?w=768&amp;quality=70&amp;strip=all 768w, https:\/\/www.infomoney.com.br\/wp-content\/uploads\/2023\/04\/fachada-senado_Foto-Leonardo-Sa-Agencia-Senado.jpg?w=1280&amp;quality=70&amp;strip=all 1280w, https:\/\/www.infomoney.com.br\/wp-content\/uploads\/2023\/04\/fachada-senado_Foto-Leonardo-Sa-Agencia-Senado.jpg?w=1536&amp;quality=70&amp;strip=all 1536w, https:\/\/www.infomoney.com.br\/wp-content\/uploads\/2023\/04\/fachada-senado_Foto-Leonardo-Sa-Agencia-Senado.jpg?w=150&amp;quality=70&amp;strip=all 150w\" sizes=\"auto, (max-width: 300px) 100vw, 300px\" data-attachment-id=\"2107631\" data-permalink=\"https:\/\/www.infomoney.com.br\/minhas-financas\/desarquivada-no-senado-proposta-com-novas-regras-para-o-seguro-e-criticada-por-representantes-do-setor\/attachment\/fachada-senado_foto-leonardo-sa-agencia-senado\/\" data-orig-file=\"https:\/\/www.infomoney.com.br\/wp-content\/uploads\/2023\/04\/fachada-senado_Foto-Leonardo-Sa-Agencia-Senado.jpg?fit=2047%2C1357&amp;quality=70&amp;strip=all\" data-orig-size=\"2047,1357\" data-comments-opened=\"0\" data-image-meta=\"{&quot;aperture&quot;:&quot;0&quot;,&quot;credit&quot;:&quot;Leonardo S\\u00e1\\\/Ag\\u00eancia Senado&quot;,&quot;camera&quot;:&quot;&quot;,&quot;caption&quot;:&quot;&quot;,&quot;created_timestamp&quot;:&quot;0&quot;,&quot;copyright&quot;:&quot;Senado Federal do Brasil&quot;,&quot;focal_length&quot;:&quot;0&quot;,&quot;iso&quot;:&quot;0&quot;,&quot;shutter_speed&quot;:&quot;0&quot;,&quot;title&quot;:&quot;&quot;,&quot;orientation&quot;:&quot;0&quot;}\" data-image-title=\"Fachada do Congresso (Foto: Leonardo S\u00e1\/Ag\u00eancia Senado)\" data-image-description=\"\" data-image-caption=\"\" data-medium-file=\"https:\/\/www.infomoney.com.br\/wp-content\/uploads\/2023\/04\/fachada-senado_Foto-Leonardo-Sa-Agencia-Senado.jpg?fit=300%2C199&amp;quality=70&amp;strip=all\" data-large-file=\"https:\/\/www.infomoney.com.br\/wp-content\/uploads\/2023\/04\/fachada-senado_Foto-Leonardo-Sa-Agencia-Senado.jpg?fit=1280%2C849&amp;quality=70&amp;strip=all\" title=\"\"><\/p>\n<p>O grupo de trabalho da C\u00e2mara dos Deputados que discute a reforma tribut\u00e1ria (PECs 45\/19 e 110\/19) promove novo debate nesta quarta-feira (26). Desta vez deputados e convidados v\u00e3o discutir os reflexos que a reforma tribut\u00e1ria pode ter na economia digital, que engloba as atividades econ\u00f4micas que usam tecnologias de computa\u00e7\u00e3o digital.<\/p>\n<p>Esse debate foi sugerido pelos deputados Reginaldo Lopes, Ivan Valente, Vitor Lippi (PSDB-SP) e Newton Cardoso Jr (MDB-MG). O evento tamb\u00e9m ser\u00e1 realizado no plen\u00e1rio 2, a partir das 14h30.<\/p>\n<p>A diretora tribut\u00e1ria do Mercado Livre, Silvana Ricardo, \u00e9 uma das convidadas da audi\u00eancia. &#8220;O Mercado Livre \u00e9 a companhia l\u00edder em tecnologia para e-commerce e servi\u00e7os financeiros na Am\u00e9rica Latina&#8221;, afirma Vitor Lippi, ressaltando que o Brasil representa mais de 50% da receita l\u00edquida total do Mercado Livre.<\/p>\n<p>Al\u00e9m da diretora do Mercado Livre, ser\u00e3o ouvidos, entre outros, o especialista em marketing digital Hebert Salles; e representantes da Ordem dos Advogados do Brasil (OAB) e da Receita Federal.<\/p>\n<h2><strong>Debates anteriores<\/strong><\/h2>\n<p>Ontem os especialistas ouvidos pela colegiado apresentaram algumas sugest\u00f5es \u00e0 reforma, como a taxa\u00e7\u00e3o do carbono, o tratamento diferenciado para setores econ\u00f4micos menos poluentes e incentivos \u00e0 reciclagem e \u00e0 adapta\u00e7\u00e3o \u00e0s mudan\u00e7as clim\u00e1ticas.<\/p>\n<h2><strong>Grupo de trabalho<\/strong><\/h2>\n<p>Criado em 15 de fevereiro, o grupo de trabalho da reforma tribut\u00e1ria tem\u00a0o prazo de 90 dias para concluir os trabalhos, podendo ser prorrogado a pedido.<\/p>\n<p>O colegiado \u00e9 coordenado pelo deputado Reginaldo Lopes e relatado pelo deputado Aguinaldo Ribeiro (PP-PB), que tamb\u00e9m relatou o tema na legislatura passada.<\/p>\n<p>The post <a rel=\"nofollow noopener\" href=\"https:\/\/www.infomoney.com.br\/politica\/deputados-discutem-impactos-da-reforma-tributaria-na-economia-digital\/\" target=\"_blank\">Deputados discutem impactos da reforma tribut\u00e1ria na economia digital<\/a> appeared first on <a rel=\"nofollow noopener\" href=\"https:\/\/www.infomoney.com.br\/\" target=\"_blank\">InfoMoney<\/a>.<\/p>\n","protected":false},"excerpt":{"rendered":"<p><img loading=\"lazy\" decoding=\"async\" width=\"300\" height=\"199\" src=\"https:\/\/www.infomoney.com.br\/wp-content\/uploads\/2023\/04\/fachada-senado_Foto-Leonardo-Sa-Agencia-Senado.jpg?fit=300%2C199&amp;quality=70&amp;strip=all\" class=\"attachment-medium size-medium wp-post-image\" alt=\"\" data-attachment-id=\"2107631\" data-permalink=\"https:\/\/www.infomoney.com.br\/minhas-financas\/desarquivada-no-senado-proposta-com-novas-regras-para-o-seguro-e-criticada-por-representantes-do-setor\/attachment\/fachada-senado_foto-leonardo-sa-agencia-senado\/\" data-orig-file=\"https:\/\/www.infomoney.com.br\/wp-content\/uploads\/2023\/04\/fachada-senado_Foto-Leonardo-Sa-Agencia-Senado.jpg?fit=2047%2C1357&amp;quality=70&amp;strip=all\" data-orig-size=\"2047,1357\" data-comments-opened=\"0\" data-image-meta='{\"aperture\":\"0\",\"credit\":\"Leonardo S\\u00e1\\\/Ag\\u00eancia Senado\",\"camera\":\"\",\"caption\":\"\",\"created_timestamp\":\"0\",\"copyright\":\"Senado Federal do Brasil\",\"focal_length\":\"0\",\"iso\":\"0\",\"shutter_speed\":\"0\",\"title\":\"\",\"orientation\":\"0\"}' data-image-title=\"Fachada do Congresso (Foto: Leonardo S\u00e1\/Ag\u00eancia Senado)\" data-image-description=\"\" data-image-caption=\"\" data-medium-file=\"https:\/\/www.infomoney.com.br\/wp-content\/uploads\/2023\/04\/fachada-senado_Foto-Leonardo-Sa-Agencia-Senado.jpg?fit=300%2C199&amp;quality=70&amp;strip=all\" data-large-file=\"https:\/\/www.infomoney.com.br\/wp-content\/uploads\/2023\/04\/fachada-senado_Foto-Leonardo-Sa-Agencia-Senado.jpg?fit=1280%2C849&amp;quality=70&amp;strip=all\">Participam representantes da Ordem dos Advogados do Brasil (OAB) e da Receita Federal, al\u00e9m de uma diretora do Mercado Livre, entre outros<\/p>\n<p>The post <a rel=\"nofollow\" href=\"https:\/\/www.infomoney.com.br\/politica\/deputados-discutem-impactos-da-reforma-tributaria-na-economia-digital\/\">Deputados discutem impactos da reforma tribut\u00e1ria na economia digital<\/a> appeared first on <a rel=\"nofollow\" href=\"https:\/\/www.infomoney.com.br\/\">InfoMoney<\/a>.<\/p>\n","protected":false},"author":47,"featured_media":0,"comment_status":"closed","ping_status":"closed","sticky":false,"template":"","format":"standard","meta":{"advgb_blocks_editor_width":"","advgb_blocks_columns_visual_guide":"","footnotes":""},"categories":[359,34,47,191],"tags":[35],"class_list":["post-13820","post","type-post","status-publish","format-standard","hentry","category-congresso-nacional","category-g1","category-politica","category-reforma-tributaria","tag-g1"],"author_meta":{"display_name":"luispereira","author_link":"https:\/\/sindaopcpb.org.br\/author\/luispereira\/"},"featured_img":null,"coauthors":[],"tax_additional":{"categories":{"linked":["<a href=\"https:\/\/sindaopcpb.org.br\/congresso-nacional\/\" class=\"advgb-post-tax-term\">Congresso Nacional<\/a>","<a href=\"https:\/\/sindaopcpb.org.br\/g1\/\" class=\"advgb-post-tax-term\">G1<\/a>","<a href=\"https:\/\/sindaopcpb.org.br\/politica\/\" class=\"advgb-post-tax-term\">POLITICA<\/a>","<a href=\"https:\/\/sindaopcpb.org.br\/reforma-tributaria\/\" class=\"advgb-post-tax-term\">reforma tribut\u00e1ria<\/a>"],"unlinked":["<span class=\"advgb-post-tax-term\">Congresso Nacional<\/span>","<span class=\"advgb-post-tax-term\">G1<\/span>","<span class=\"advgb-post-tax-term\">POLITICA<\/span>","<span class=\"advgb-post-tax-term\">reforma tribut\u00e1ria<\/span>"]},"tags":{"linked":["<a href=\"https:\/\/sindaopcpb.org.br\/reforma-tributaria\/\" class=\"advgb-post-tax-term\">g1<\/a>"],"unlinked":["<span class=\"advgb-post-tax-term\">g1<\/span>"]}},"comment_count":"0","relative_dates":{"created":"Publicado 3 anos atr\u00e1s","modified":"Atualizado 3 anos atr\u00e1s"},"absolute_dates":{"created":"Publicado em 26 de abril de 2023","modified":"Atualizado em 26 de abril de 2023"},"absolute_dates_time":{"created":"Publicado em 26 de abril de 2023 14:00","modified":"Atualizado em 26 de abril de 2023 14:00"},"featured_img_caption":"","series_order":"","_links":{"self":[{"href":"https:\/\/sindaopcpb.org.br\/index.php\/wp-json\/wp\/v2\/posts\/13820","targetHints":{"allow":["GET"]}}],"collection":[{"href":"https:\/\/sindaopcpb.org.br\/index.php\/wp-json\/wp\/v2\/posts"}],"about":[{"href":"https:\/\/sindaopcpb.org.br\/index.php\/wp-json\/wp\/v2\/types\/post"}],"author":[{"embeddable":true,"href":"https:\/\/sindaopcpb.org.br\/index.php\/wp-json\/wp\/v2\/users\/47"}],"replies":[{"embeddable":true,"href":"https:\/\/sindaopcpb.org.br\/index.php\/wp-json\/wp\/v2\/comments?post=13820"}],"version-history":[{"count":1,"href":"https:\/\/sindaopcpb.org.br\/index.php\/wp-json\/wp\/v2\/posts\/13820\/revisions"}],"predecessor-version":[{"id":13821,"href":"https:\/\/sindaopcpb.org.br\/index.php\/wp-json\/wp\/v2\/posts\/13820\/revisions\/13821"}],"wp:attachment":[{"href":"https:\/\/sindaopcpb.org.br\/index.php\/wp-json\/wp\/v2\/media?parent=13820"}],"wp:term":[{"taxonomy":"category","embeddable":true,"href":"https:\/\/sindaopcpb.org.br\/index.php\/wp-json\/wp\/v2\/categories?post=13820"},{"taxonomy":"post_tag","embeddable":true,"href":"https:\/\/sindaopcpb.org.br\/index.php\/wp-json\/wp\/v2\/tags?post=13820"}],"curies":[{"name":"wp","href":"https:\/\/api.w.org\/{rel}","templated":true}]}}