{"id":13816,"date":"2023-04-26T14:41:17","date_gmt":"2023-04-26T17:41:17","guid":{"rendered":"https:\/\/www.infomoney.com.br\/?p=2118011"},"modified":"2023-04-26T14:41:17","modified_gmt":"2023-04-26T17:41:17","slug":"em-depoimento-a-pf-bolsonaro-diz-que-post-com-fake-news-foi-acidental","status":"publish","type":"post","link":"https:\/\/sindaopcpb.org.br\/index.php\/2023\/04\/26\/em-depoimento-a-pf-bolsonaro-diz-que-post-com-fake-news-foi-acidental\/","title":{"rendered":"Em depoimento \u00e0 PF, Bolsonaro diz que post com fake news foi acidental"},"content":{"rendered":"<p><img loading=\"lazy\" width=\"300\" height=\"200\" src=\"https:\/\/www.infomoney.com.br\/wp-content\/uploads\/2022\/11\/GettyImages-1244304812.jpg?fit=300%2C200&amp;quality=70&amp;strip=all\" class=\"attachment-medium size-medium wp-post-image\" alt=\"\" decoding=\"async\" style=\"float:right; margin:0 0 10px 10px;\" srcset=\"https:\/\/www.infomoney.com.br\/wp-content\/uploads\/2022\/11\/GettyImages-1244304812.jpg?w=1024&amp;quality=70&amp;strip=all 1024w, https:\/\/www.infomoney.com.br\/wp-content\/uploads\/2022\/11\/GettyImages-1244304812.jpg?w=300&amp;quality=70&amp;strip=all 300w, https:\/\/www.infomoney.com.br\/wp-content\/uploads\/2022\/11\/GettyImages-1244304812.jpg?w=768&amp;quality=70&amp;strip=all 768w, https:\/\/www.infomoney.com.br\/wp-content\/uploads\/2022\/11\/GettyImages-1244304812.jpg?w=150&amp;quality=70&amp;strip=all 150w\" sizes=\"auto, (max-width: 300px) 100vw, 300px\" data-attachment-id=\"1973040\" data-permalink=\"https:\/\/www.infomoney.com.br\/lula-and-bolsonaro-face-to-face-on-crucial-debate-two-days-before-presidential-run-off-2\/\" data-orig-file=\"https:\/\/www.infomoney.com.br\/wp-content\/uploads\/2022\/11\/GettyImages-1244304812.jpg?fit=1024%2C683&amp;quality=70&amp;strip=all\" data-orig-size=\"1024,683\" data-comments-opened=\"0\" data-image-meta=\"{&quot;aperture&quot;:&quot;1.4&quot;,&quot;credit&quot;:&quot;Getty Images&quot;,&quot;camera&quot;:&quot;Canon EOS R5&quot;,&quot;caption&quot;:&quot;RIO DE JANEIRO, BRAZIL - OCTOBER 28: Incumbent and presidential candidate for a second term Jair Bolsonaro of Liberal Party (PL) attends a press conference after the debate organized by Brazilian media conglomerate Globo only two days before the presidential run-off on October 28, 2022 in Rio de Janeiro, Brazil. (Photo by Wagner Meier\\\/Getty Images)&quot;,&quot;created_timestamp&quot;:&quot;1667002282&quot;,&quot;copyright&quot;:&quot;2022 Getty Images&quot;,&quot;focal_length&quot;:&quot;50&quot;,&quot;iso&quot;:&quot;3200&quot;,&quot;shutter_speed&quot;:&quot;0.00125&quot;,&quot;title&quot;:&quot;Lula and Bolsonaro Face to face on Crucial Debate Two Days Before Presidential Run-off&quot;,&quot;orientation&quot;:&quot;1&quot;}\" data-image-title=\"Jair Bolsonaro\" data-image-description=\"\" data-image-caption=\"&lt;p&gt;O presidente Jair Bolsonaro (Photo by Wagner Meier\/Getty Images)&lt;\/p&gt;\n\" data-medium-file=\"https:\/\/www.infomoney.com.br\/wp-content\/uploads\/2022\/11\/GettyImages-1244304812.jpg?fit=300%2C200&amp;quality=70&amp;strip=all\" data-large-file=\"https:\/\/www.infomoney.com.br\/wp-content\/uploads\/2022\/11\/GettyImages-1244304812.jpg?fit=1024%2C683&amp;quality=70&amp;strip=all\" title=\"\"><\/p>\n<p>O ex-presidente Jair Bolsonaro prestou depoimento \u00e0 Pol\u00edcia Federal (PF), nesta quarta-feira (26), conforme determinado pelo Supremo Tribunal Federal (STF), na investiga\u00e7\u00e3o dos atos golpistas do dia 8 de janeiro. De acordo com a defesa de Bolsonaro, a postagem feita por ele com mentiras sobre o sistema eleitoral foi &#8220;acidental&#8221;.<\/p>\n<p>O post levantou suspeitas do envolvimento do ex-presidente com os atos golpistas que resultaram na invas\u00e3o e na destrui\u00e7\u00e3o das sedes dos Tr\u00eas Poderes, em Bras\u00edlia.<\/p>\n<p>Advogado de defesa de Bolsonaro, F\u00e1bio Wajngarten disse que o ex-presidente respondeu a todas as perguntas feitas no depoimento de hoje, e que teria, inclusive, repudiado os ataques do dia 8 de janeiro. \u201cAs elei\u00e7\u00f5es de 2022 s\u00e3o p\u00e1gina virada para ele, que condena os atos em Bras\u00edlia\u201d.<\/p>\n<p>A publica\u00e7\u00e3o de fake news em uma rede social pelo ex-presidente foi acidental, segundo os advogados, ap\u00f3s Bolsonaro tentar salvar o v\u00eddeo contendo informa\u00e7\u00f5es falsas com cr\u00edticas ao sistema eleitoral brasileiro e com questionamentos sobre o resultado das elei\u00e7\u00f5es.<\/p>\n<p>Na avalia\u00e7\u00e3o do ministro do Supremo Tribunal Federal (STF) Alexandre de Moraes, a referida postagem pode indicar liga\u00e7\u00e3o entre Bolsonaro e os atos golpistas, motivo pelo qual foi determinado \u00e0 PF que o interrogasse.<\/p>\n<h2><strong>Joias<\/strong><\/h2>\n<p>Perguntados sobre o caso das joias e dos presentes dados ao ex-presidente pelo governo da Ar\u00e1bia Saudita \u2013 e guardados na casa do ex-piloto de F\u00f3rmula 1 Nelson Piquet \u2013 os advogados negaram qualquer irregularidade. Com rela\u00e7\u00e3o aos kits de joias, a defesa disse que, nem Bolsonaro, nem a esposa, Michele, sabiam de sua exist\u00eancia.<\/p>\n<p>\u201cEles s\u00f3 souberam disso 14 meses depois [da entrada dos kits no pa\u00eds]\u201d, afirmou o advogado F\u00e1bio Wajngarten no momento em que Bolsonaro j\u00e1 deixava o pr\u00e9dio da PF.<\/p>\n<p>\u201cO acervo se encontra temporariamente armazenado na fazenda do Nelson Piquet porque o presidente n\u00e3o tinha [na \u00e9poca] nem casa. Depois, ele [o kit com joias] seria remetido a outro lugar, para armazenamento adequado\u201d, acrescentou.<\/p>\n<p>Ainda segundo o advogado de defesa, o pedido \u2013 para que as joias apreendidas pela Receita fossem entregues a representantes do governo \u2013 foi feito \u201cuma \u00fanica vez ao ajudante de ordens, a fim de evitar um vexame internacional, de um presente dado ao presidente do Brasil ir a leil\u00e3o\u201d, disse Wajngarten.<\/p>\n<p>Ele acrescentou n\u00e3o ver motivos para a ex-primeira dama Michele Bolsonaro ser intimada pelos investigadores.<\/p>\n<p>Segundo o outro advogado de defesa de Bolsonaro, Daniel Tesser, os kits com as joias foram recebidos pela comitiva brasileira em outubro de 2022. O conjunto apreendido foi o feminino, contendo um colar, um par de brincos, um anel, um rel\u00f3gio de pulso e um pedestal no formato de um cavalo. \u201cAt\u00e9 ent\u00e3o n\u00e3o se sabia o que havia ali\u201d, disse Tesser.<\/p>\n<p>O kit feminino estava na mochila do ent\u00e3o chefe do escrit\u00f3rio de representa\u00e7\u00e3o do Minist\u00e9rio de Minas e Energia (MME) no Rio de Janeiro, o militar Marcos Andr\u00e9 Soeiro. J\u00e1 o masculino (e outros presentes) estava na mala de m\u00e3o do ex-ministro do MME Bento Albuquerque, e foi liberado.<\/p>\n<p>The post <a rel=\"nofollow noopener\" href=\"https:\/\/www.infomoney.com.br\/politica\/em-depoimento-a-pf-bolsonaro-diz-que-post-com-fake-news-foi-acidental\/\" target=\"_blank\">Em depoimento \u00e0 PF, Bolsonaro diz que post com fake news foi acidental<\/a> appeared first on <a rel=\"nofollow noopener\" href=\"https:\/\/www.infomoney.com.br\/\" target=\"_blank\">InfoMoney<\/a>.<\/p>\n","protected":false},"excerpt":{"rendered":"<p><img loading=\"lazy\" decoding=\"async\" width=\"300\" height=\"200\" src=\"https:\/\/www.infomoney.com.br\/wp-content\/uploads\/2022\/11\/GettyImages-1244304812.jpg?fit=300%2C200&amp;quality=70&amp;strip=all\" class=\"attachment-medium size-medium wp-post-image\" alt=\"\" data-attachment-id=\"1973040\" data-permalink=\"https:\/\/www.infomoney.com.br\/lula-and-bolsonaro-face-to-face-on-crucial-debate-two-days-before-presidential-run-off-2\/\" data-orig-file=\"https:\/\/www.infomoney.com.br\/wp-content\/uploads\/2022\/11\/GettyImages-1244304812.jpg?fit=1024%2C683&amp;quality=70&amp;strip=all\" data-orig-size=\"1024,683\" data-comments-opened=\"0\" data-image-meta='{\"aperture\":\"1.4\",\"credit\":\"Getty Images\",\"camera\":\"Canon EOS R5\",\"caption\":\"RIO DE JANEIRO, BRAZIL - OCTOBER 28: Incumbent and presidential candidate for a second term Jair Bolsonaro of Liberal Party (PL) attends a press conference after the debate organized by Brazilian media conglomerate Globo only two days before the presidential run-off on October 28, 2022 in Rio de Janeiro, Brazil. (Photo by Wagner Meier\\\/Getty Images)\",\"created_timestamp\":\"1667002282\",\"copyright\":\"2022 Getty Images\",\"focal_length\":\"50\",\"iso\":\"3200\",\"shutter_speed\":\"0.00125\",\"title\":\"Lula and Bolsonaro Face to face on Crucial Debate Two Days Before Presidential Run-off\",\"orientation\":\"1\"}' data-image-title=\"Jair Bolsonaro\" data-image-description=\"\" data-image-caption=\"&lt;p&gt;O presidente Jair Bolsonaro (Photo by Wagner Meier\/Getty Images)&lt;\/p&gt;\n\" data-medium-file=\"https:\/\/www.infomoney.com.br\/wp-content\/uploads\/2022\/11\/GettyImages-1244304812.jpg?fit=300%2C200&amp;quality=70&amp;strip=all\" data-large-file=\"https:\/\/www.infomoney.com.br\/wp-content\/uploads\/2022\/11\/GettyImages-1244304812.jpg?fit=1024%2C683&amp;quality=70&amp;strip=all\">Ex-presidente dep\u00f4s sobre atos golpistas do dia 8 de janeiro<\/p>\n<p>The post <a rel=\"nofollow\" href=\"https:\/\/www.infomoney.com.br\/politica\/em-depoimento-a-pf-bolsonaro-diz-que-post-com-fake-news-foi-acidental\/\">Em depoimento \u00e0 PF, Bolsonaro diz que post com fake news foi acidental<\/a> appeared first on <a rel=\"nofollow\" href=\"https:\/\/www.infomoney.com.br\/\">InfoMoney<\/a>.<\/p>\n","protected":false},"author":44,"featured_media":0,"comment_status":"closed","ping_status":"closed","sticky":false,"template":"","format":"standard","meta":{"advgb_blocks_editor_width":"","advgb_blocks_columns_visual_guide":"","footnotes":""},"categories":[358,34,135,47],"tags":[35],"class_list":["post-13816","post","type-post","status-publish","format-standard","hentry","category-ataque-em-brasilia","category-g1","category-jair-bolsonaro","category-politica","tag-g1"],"author_meta":{"display_name":"Ag\u00eancia Brasil","author_link":"https:\/\/sindaopcpb.org.br\/author\/agencia-brasil\/"},"featured_img":null,"coauthors":[],"tax_additional":{"categories":{"linked":["<a href=\"https:\/\/sindaopcpb.org.br\/ataque-em-brasilia\/\" class=\"advgb-post-tax-term\">Ataque em Bras\u00edlia<\/a>","<a href=\"https:\/\/sindaopcpb.org.br\/g1\/\" class=\"advgb-post-tax-term\">G1<\/a>","<a href=\"https:\/\/sindaopcpb.org.br\/jair-bolsonaro\/\" class=\"advgb-post-tax-term\">Jair Bolsonaro<\/a>","<a href=\"https:\/\/sindaopcpb.org.br\/politica\/\" class=\"advgb-post-tax-term\">POLITICA<\/a>"],"unlinked":["<span class=\"advgb-post-tax-term\">Ataque em Bras\u00edlia<\/span>","<span class=\"advgb-post-tax-term\">G1<\/span>","<span class=\"advgb-post-tax-term\">Jair Bolsonaro<\/span>","<span class=\"advgb-post-tax-term\">POLITICA<\/span>"]},"tags":{"linked":["<a href=\"https:\/\/sindaopcpb.org.br\/politica\/\" class=\"advgb-post-tax-term\">g1<\/a>"],"unlinked":["<span class=\"advgb-post-tax-term\">g1<\/span>"]}},"comment_count":"0","relative_dates":{"created":"Publicado 3 anos atr\u00e1s","modified":"Atualizado 3 anos atr\u00e1s"},"absolute_dates":{"created":"Publicado em 26 de abril de 2023","modified":"Atualizado em 26 de abril de 2023"},"absolute_dates_time":{"created":"Publicado em 26 de abril de 2023 14:41","modified":"Atualizado em 26 de abril de 2023 14:41"},"featured_img_caption":"","series_order":"","_links":{"self":[{"href":"https:\/\/sindaopcpb.org.br\/index.php\/wp-json\/wp\/v2\/posts\/13816","targetHints":{"allow":["GET"]}}],"collection":[{"href":"https:\/\/sindaopcpb.org.br\/index.php\/wp-json\/wp\/v2\/posts"}],"about":[{"href":"https:\/\/sindaopcpb.org.br\/index.php\/wp-json\/wp\/v2\/types\/post"}],"author":[{"embeddable":true,"href":"https:\/\/sindaopcpb.org.br\/index.php\/wp-json\/wp\/v2\/users\/44"}],"replies":[{"embeddable":true,"href":"https:\/\/sindaopcpb.org.br\/index.php\/wp-json\/wp\/v2\/comments?post=13816"}],"version-history":[{"count":1,"href":"https:\/\/sindaopcpb.org.br\/index.php\/wp-json\/wp\/v2\/posts\/13816\/revisions"}],"predecessor-version":[{"id":13817,"href":"https:\/\/sindaopcpb.org.br\/index.php\/wp-json\/wp\/v2\/posts\/13816\/revisions\/13817"}],"wp:attachment":[{"href":"https:\/\/sindaopcpb.org.br\/index.php\/wp-json\/wp\/v2\/media?parent=13816"}],"wp:term":[{"taxonomy":"category","embeddable":true,"href":"https:\/\/sindaopcpb.org.br\/index.php\/wp-json\/wp\/v2\/categories?post=13816"},{"taxonomy":"post_tag","embeddable":true,"href":"https:\/\/sindaopcpb.org.br\/index.php\/wp-json\/wp\/v2\/tags?post=13816"}],"curies":[{"name":"wp","href":"https:\/\/api.w.org\/{rel}","templated":true}]}}