{"id":13811,"date":"2023-04-26T13:23:08","date_gmt":"2023-04-26T16:23:08","guid":{"rendered":"https:\/\/g1.globo.com\/pb\/paraiba\/noticia\/2023\/04\/26\/filha-de-mulher-que-caiu-de-predio-em-joao-pessoa-no-dia-em-que-ia-depor-sobre-abuso-vai-morar-com-pai-em-sc.ghtml"},"modified":"2023-04-26T13:23:08","modified_gmt":"2023-04-26T16:23:08","slug":"filha-de-mulher-que-caiu-de-predio-em-joao-pessoa-no-dia-em-que-ia-depor-sobre-abuso-vai-morar-com-pai-em-sc","status":"publish","type":"post","link":"https:\/\/sindaopcpb.org.br\/index.php\/2023\/04\/26\/filha-de-mulher-que-caiu-de-predio-em-joao-pessoa-no-dia-em-que-ia-depor-sobre-abuso-vai-morar-com-pai-em-sc\/","title":{"rendered":"Filha de mulher que caiu de pr\u00e9dio, em Jo\u00e3o Pessoa, no dia em que ia depor sobre abuso, vai morar com pai, em SC"},"content":{"rendered":"   <img src=\"https:\/\/s2.glbimg.com\/xcHBDRMtMo8kikq2b9BiCSJXR9M=\/i.s3.glbimg.com\/v1\/AUTH_59edd422c0c84a879bd37670ae4f538a\/internal_photos\/bs\/2023\/r\/6\/xFQxXVSaCuGCPYwH8VXQ\/forum-infancia-e-juventude-novas-instalacoes-14-05-20-3.jpg\" \/><br \/>     Segundo juiz da Inf\u00e2ncia e Juventude Adhailton Lacet, pai da crian\u00e7a j\u00e1 est\u00e1 em Jo\u00e3o Pessoa. Audi\u00eancia sobre o caso aconteceu nesta quarta-feira (26).  Audi\u00eancia sobre caso de menina de 11 anos que denunciou abuso aconteceu nesta quarta-feira (26), em Jo\u00e3o Pessoa\nDivulga\u00e7\u00e3o\/TJPB\nA crian\u00e7a de 11 anos que \u00e9 a v\u00edtima em uma investiga\u00e7\u00e3o de abuso sexual, em Jo\u00e3o Pessoa, vai morar com o pai em Santa Catarina. A informa\u00e7\u00e3o foi confirmada nesta quarta-feira (26) pelo juiz da 1\u00aa Vara da Inf\u00e2ncia de Juventude, da Comarca de Jo\u00e3o Pessoa, Adhailton Lacet.  \nA m\u00e3e da crian\u00e7a caiu de um pr\u00e9dio, na \u00faltima segunda-feira (24), em Jo\u00e3o Pessoa, no dia em que ia depor sobre o caso. \nO suspeito do crime \u00e9 o padrasto da menina, que foi encaminhado para o Hospital de Emerg\u00eancia e Trauma de Jo\u00e3o Pessoa, ap\u00f3s ter tentado tirar a pr\u00f3pria vida. Ele recebeu alta na noite desta ter\u00e7a-feira (25). \nDe acordo com o juiz da 1\u00aa Vara da Inf\u00e2ncia de Juventude, da Comarca de Jo\u00e3o Pessoa, Adhailton Lacet, o pai da menina j\u00e1 est\u00e1 na capital e passou por uma audi\u00eancia nesta quarta-feira (26). \nSegundo o juiz, o abuso que a menina teria sofrido vai ser apurado na esfera criminal. \nEntenda o caso \nConforme informa\u00e7\u00f5es da delegada Joana Darc, \u00e0 TV Cabo Branco, a menina teria confessado \u00e0 madrasta, que mora em Santa Catarina, que era v\u00edtima de abusos do padrasto. A mulher fez uma den\u00fancia no dia 11 de abril. \nA crian\u00e7a passou por exames e foi encaminhada para um abrigo. Ainda segundo a delegada, os abusos aconteciam h\u00e1 cerca de tr\u00eas anos. Ela morava com o padrasto e com a m\u00e3e em Jo\u00e3o Pessoa h\u00e1 aproximadamente nove meses. \nNa segunda-feira (24), a m\u00e3e da menina caiu do s\u00e9timo andar do pr\u00e9dio em Mana\u00edra, onde os tr\u00eas moravam. Ela ia depor sobre o caso no mesmo dia. \nV\u00eddeos mais assistidos do g1 Para\u00edba  ","protected":false},"excerpt":{"rendered":"<p>        Segundo juiz da Inf\u00e2ncia e Juventude Adhailton Lacet, pai da crian\u00e7a j\u00e1 est\u00e1 em Jo\u00e3o Pessoa. Audi\u00eancia sobre o caso aconteceu nesta quarta-feira (26).  Audi\u00eancia sobre caso de menina de 11 anos que denunciou abuso aconteceu nesta quarta-feira (&#8230;<\/p>\n","protected":false},"author":2,"featured_media":0,"comment_status":"closed","ping_status":"closed","sticky":false,"template":"","format":"standard","meta":{"advgb_blocks_editor_width":"","advgb_blocks_columns_visual_guide":"","footnotes":""},"categories":[34],"tags":[35],"class_list":["post-13811","post","type-post","status-publish","format-standard","hentry","category-g1","tag-g1"],"author_meta":{"display_name":"g1 &gt; Para\u00edba","author_link":"https:\/\/sindaopcpb.org.br\/author\/g1-paraiba\/"},"featured_img":null,"coauthors":[],"tax_additional":{"categories":{"linked":["<a href=\"https:\/\/sindaopcpb.org.br\/g1\/\" class=\"advgb-post-tax-term\">G1<\/a>"],"unlinked":["<span class=\"advgb-post-tax-term\">G1<\/span>"]},"tags":{"linked":["<a href=\"https:\/\/sindaopcpb.org.br\/g1\/\" class=\"advgb-post-tax-term\">g1<\/a>"],"unlinked":["<span class=\"advgb-post-tax-term\">g1<\/span>"]}},"comment_count":"0","relative_dates":{"created":"Publicado 3 anos atr\u00e1s","modified":"Atualizado 3 anos atr\u00e1s"},"absolute_dates":{"created":"Publicado em 26 de abril de 2023","modified":"Atualizado em 26 de abril de 2023"},"absolute_dates_time":{"created":"Publicado em 26 de abril de 2023 13:23","modified":"Atualizado em 26 de abril de 2023 13:23"},"featured_img_caption":"","series_order":"","_links":{"self":[{"href":"https:\/\/sindaopcpb.org.br\/index.php\/wp-json\/wp\/v2\/posts\/13811","targetHints":{"allow":["GET"]}}],"collection":[{"href":"https:\/\/sindaopcpb.org.br\/index.php\/wp-json\/wp\/v2\/posts"}],"about":[{"href":"https:\/\/sindaopcpb.org.br\/index.php\/wp-json\/wp\/v2\/types\/post"}],"author":[{"embeddable":true,"href":"https:\/\/sindaopcpb.org.br\/index.php\/wp-json\/wp\/v2\/users\/2"}],"replies":[{"embeddable":true,"href":"https:\/\/sindaopcpb.org.br\/index.php\/wp-json\/wp\/v2\/comments?post=13811"}],"version-history":[{"count":2,"href":"https:\/\/sindaopcpb.org.br\/index.php\/wp-json\/wp\/v2\/posts\/13811\/revisions"}],"predecessor-version":[{"id":13951,"href":"https:\/\/sindaopcpb.org.br\/index.php\/wp-json\/wp\/v2\/posts\/13811\/revisions\/13951"}],"wp:attachment":[{"href":"https:\/\/sindaopcpb.org.br\/index.php\/wp-json\/wp\/v2\/media?parent=13811"}],"wp:term":[{"taxonomy":"category","embeddable":true,"href":"https:\/\/sindaopcpb.org.br\/index.php\/wp-json\/wp\/v2\/categories?post=13811"},{"taxonomy":"post_tag","embeddable":true,"href":"https:\/\/sindaopcpb.org.br\/index.php\/wp-json\/wp\/v2\/tags?post=13811"}],"curies":[{"name":"wp","href":"https:\/\/api.w.org\/{rel}","templated":true}]}}