{"id":13686,"date":"2023-04-25T16:06:38","date_gmt":"2023-04-25T19:06:38","guid":{"rendered":"https:\/\/g1.globo.com\/pb\/paraiba\/noticia\/2023\/04\/25\/campina-grande-comeca-aplicacao-da-vacina-bivalente-em-pessoas-a-partir-de-18-anos.ghtml"},"modified":"2023-04-25T16:06:38","modified_gmt":"2023-04-25T19:06:38","slug":"campina-grande-comeca-aplicacao-da-vacina-bivalente-em-pessoas-a-partir-de-18-anos","status":"publish","type":"post","link":"https:\/\/sindaopcpb.org.br\/index.php\/2023\/04\/25\/campina-grande-comeca-aplicacao-da-vacina-bivalente-em-pessoas-a-partir-de-18-anos\/","title":{"rendered":"Campina Grande come\u00e7a aplica\u00e7\u00e3o da vacina bivalente em pessoas a partir de 18 anos"},"content":{"rendered":"   <img src=\"https:\/\/s2.glbimg.com\/YQv2JK0B9iX5aXzniTim5TtSOQY=\/i.s3.glbimg.com\/v1\/AUTH_59edd422c0c84a879bd37670ae4f538a\/internal_photos\/bs\/2023\/U\/q\/vWPfAZSByZkGBkflaziQ\/vacina-bivalente-foto-ikamaha-sesau-pcr-4-.jpg\" \/><br \/>     Para receber o refor\u00e7o com a vacina bivalente \u00e9 necess\u00e1rio j\u00e1 ter se imunizado com outras duas doses do esquema prim\u00e1rio.  Vacina bivalente contra Covid\nIkamah\u00e3\/Divulga\u00e7\u00e3o \nCampina Grande inicia, a partir da tarde desta ter\u00e7a-feira (25), a aplica\u00e7\u00e3o da vacina bivalente contra a Covid-19 para pessoas a partir dos 18 anos de idade, de acordo com a coordena\u00e7\u00e3o municipal de sa\u00fade da cidade. \nNa segunda-feira (24), o Minist\u00e9rio da Sa\u00fade recomendou a amplia\u00e7\u00e3o da vacina\u00e7\u00e3o para o p\u00fablico com 18 anos ou mais com a bivalente. \nAs pessoas nessa faixa et\u00e1ria que passa a ser o p\u00fablico-alvo da vacina\u00e7\u00e3o com a bivalente precisam  ter recebido ao menos duas doses do esquema prim\u00e1rio de vacina\u00e7\u00e3o. A \u00faltima dose do imunizante precisa ter sido aplicada no m\u00ednimo h\u00e1 quatro meses. \nA aplica\u00e7\u00e3o da vacina bivalente acontece em todas as Unidades B\u00e1sicas de Sa\u00fade (UBS) do Programa Sa\u00fade na Hora, nas Policl\u00ednicas e nos Centros de Sa\u00fade e no Terminal de Integra\u00e7\u00e3o de Passageiros. Adolescentes imunossuprimidos de 12 anos acima tamb\u00e9m recebem a vacina.\nO imunizante bivalente tamb\u00e9m \u00e9 recomendado para ser utilizado como quarta dose, ou o segundo refor\u00e7o. \nO que \u00e9 vacina bivalente?\nAs vacinas bivalentes s\u00e3o formula\u00e7\u00f5es baseadas em duas muta\u00e7\u00f5es do v\u00edrus, no caso a \u2018cepa origin\u00e1ria\u2019, a Sars-CoV-2, e a \u00d4micron. Por isso, esse tipo de vacina \u00e9 considerada mais atualizada em rela\u00e7\u00e3o \u00e0s variantes que circulam no Brasil e no mundo. No entanto, ela \u00e9 utilizada como dose de refor\u00e7o, ent\u00e3o as pessoas precisam ter recebido pelo menos duas doses da vacina original. \nNo caso dos imunizantes bivalentes utilizados na Para\u00edba e em todo o territ\u00f3rio nacional, s\u00e3o os desenvolvidos pela Pfizer, que foram os que receberam aval da Ag\u00eancia Nacional de Vigil\u00e2ncia Sanit\u00e1ria (Anvisa).\nV\u00eddeos mais assistidos do g1 Para\u00edba  ","protected":false},"excerpt":{"rendered":"<p>        Para receber o refor\u00e7o com a vacina bivalente \u00e9 necess\u00e1rio j\u00e1 ter se imunizado com outras duas doses do esquema prim\u00e1rio.  Vacina bivalente contra Covid<br \/>\nIkamah\u00e3\/Divulga\u00e7\u00e3o<br \/>\nCampina Grande inicia, a partir da tarde desta ter\u00e7a-feira (25), a apli&#8230;<\/p>\n","protected":false},"author":2,"featured_media":0,"comment_status":"closed","ping_status":"closed","sticky":false,"template":"","format":"standard","meta":{"advgb_blocks_editor_width":"","advgb_blocks_columns_visual_guide":"","footnotes":""},"categories":[34],"tags":[35],"class_list":["post-13686","post","type-post","status-publish","format-standard","hentry","category-g1","tag-g1"],"author_meta":{"display_name":"g1 &gt; Para\u00edba","author_link":"https:\/\/sindaopcpb.org.br\/author\/g1-paraiba\/"},"featured_img":null,"coauthors":[],"tax_additional":{"categories":{"linked":["<a href=\"https:\/\/sindaopcpb.org.br\/g1\/\" class=\"advgb-post-tax-term\">G1<\/a>"],"unlinked":["<span class=\"advgb-post-tax-term\">G1<\/span>"]},"tags":{"linked":["<a href=\"https:\/\/sindaopcpb.org.br\/g1\/\" class=\"advgb-post-tax-term\">g1<\/a>"],"unlinked":["<span class=\"advgb-post-tax-term\">g1<\/span>"]}},"comment_count":"0","relative_dates":{"created":"Publicado 3 anos atr\u00e1s","modified":"Atualizado 3 anos atr\u00e1s"},"absolute_dates":{"created":"Publicado em 25 de abril de 2023","modified":"Atualizado em 25 de abril de 2023"},"absolute_dates_time":{"created":"Publicado em 25 de abril de 2023 16:06","modified":"Atualizado em 25 de abril de 2023 16:06"},"featured_img_caption":"","series_order":"","_links":{"self":[{"href":"https:\/\/sindaopcpb.org.br\/index.php\/wp-json\/wp\/v2\/posts\/13686","targetHints":{"allow":["GET"]}}],"collection":[{"href":"https:\/\/sindaopcpb.org.br\/index.php\/wp-json\/wp\/v2\/posts"}],"about":[{"href":"https:\/\/sindaopcpb.org.br\/index.php\/wp-json\/wp\/v2\/types\/post"}],"author":[{"embeddable":true,"href":"https:\/\/sindaopcpb.org.br\/index.php\/wp-json\/wp\/v2\/users\/2"}],"replies":[{"embeddable":true,"href":"https:\/\/sindaopcpb.org.br\/index.php\/wp-json\/wp\/v2\/comments?post=13686"}],"version-history":[{"count":1,"href":"https:\/\/sindaopcpb.org.br\/index.php\/wp-json\/wp\/v2\/posts\/13686\/revisions"}],"predecessor-version":[{"id":13687,"href":"https:\/\/sindaopcpb.org.br\/index.php\/wp-json\/wp\/v2\/posts\/13686\/revisions\/13687"}],"wp:attachment":[{"href":"https:\/\/sindaopcpb.org.br\/index.php\/wp-json\/wp\/v2\/media?parent=13686"}],"wp:term":[{"taxonomy":"category","embeddable":true,"href":"https:\/\/sindaopcpb.org.br\/index.php\/wp-json\/wp\/v2\/categories?post=13686"},{"taxonomy":"post_tag","embeddable":true,"href":"https:\/\/sindaopcpb.org.br\/index.php\/wp-json\/wp\/v2\/tags?post=13686"}],"curies":[{"name":"wp","href":"https:\/\/api.w.org\/{rel}","templated":true}]}}