{"id":13666,"date":"2023-04-25T16:10:00","date_gmt":"2023-04-25T19:10:00","guid":{"rendered":"https:\/\/www.infomoney.com.br\/?p=2116842"},"modified":"2023-04-25T16:10:00","modified_gmt":"2023-04-25T19:10:00","slug":"nao-e-verdade-que-reforma-beneficiara-industria-em-detrimento-do-agro-diz-reginaldo-lopes","status":"publish","type":"post","link":"https:\/\/sindaopcpb.org.br\/index.php\/2023\/04\/25\/nao-e-verdade-que-reforma-beneficiara-industria-em-detrimento-do-agro-diz-reginaldo-lopes\/","title":{"rendered":"N\u00e3o \u00e9 verdade que reforma beneficiar\u00e1 ind\u00fastria em detrimento do agro, diz Reginaldo Lopes"},"content":{"rendered":"<p><img loading=\"lazy\" width=\"300\" height=\"200\" src=\"https:\/\/www.infomoney.com.br\/wp-content\/uploads\/2022\/11\/Reginaldo_Lopes1.jpg?fit=300%2C200&amp;quality=70&amp;strip=all\" class=\"attachment-medium size-medium wp-post-image\" alt=\"\" decoding=\"async\" style=\"float:right; margin:0 0 10px 10px;\" srcset=\"https:\/\/www.infomoney.com.br\/wp-content\/uploads\/2022\/11\/Reginaldo_Lopes1.jpg?w=1000&amp;quality=70&amp;strip=all 1000w, https:\/\/www.infomoney.com.br\/wp-content\/uploads\/2022\/11\/Reginaldo_Lopes1.jpg?w=300&amp;quality=70&amp;strip=all 300w, https:\/\/www.infomoney.com.br\/wp-content\/uploads\/2022\/11\/Reginaldo_Lopes1.jpg?w=768&amp;quality=70&amp;strip=all 768w, https:\/\/www.infomoney.com.br\/wp-content\/uploads\/2022\/11\/Reginaldo_Lopes1.jpg?w=150&amp;quality=70&amp;strip=all 150w\" sizes=\"auto, (max-width: 300px) 100vw, 300px\" data-attachment-id=\"1984064\" data-permalink=\"https:\/\/www.infomoney.com.br\/politica\/o-que-esperar-do-novo-governo-lula-infomoney-entrevista-reginaldo-lopes-lider-do-pt-na-camara-dos-deputados\/attachment\/reginaldo_lopes1\/\" data-orig-file=\"https:\/\/www.infomoney.com.br\/wp-content\/uploads\/2022\/11\/Reginaldo_Lopes1.jpg?fit=1000%2C667&amp;quality=70&amp;strip=all\" data-orig-size=\"1000,667\" data-comments-opened=\"0\" data-image-meta=\"{&quot;aperture&quot;:&quot;0&quot;,&quot;credit&quot;:&quot;&quot;,&quot;camera&quot;:&quot;&quot;,&quot;caption&quot;:&quot;&quot;,&quot;created_timestamp&quot;:&quot;0&quot;,&quot;copyright&quot;:&quot;&quot;,&quot;focal_length&quot;:&quot;0&quot;,&quot;iso&quot;:&quot;0&quot;,&quot;shutter_speed&quot;:&quot;0&quot;,&quot;title&quot;:&quot;&quot;,&quot;orientation&quot;:&quot;0&quot;}\" data-image-title=\"Reginaldo Lopes\" data-image-description=\"\" data-image-caption=\"&lt;p&gt;O deputado Reginaldo Lopes (PT-MG), l\u00edder do PT na C\u00e2mara dos Deputados, discursa durante sess\u00e3o no plen\u00e1rio (Foto: Michel Jesus\/C\u00e2mara dos Deputados)&lt;\/p&gt;\n\" data-medium-file=\"https:\/\/www.infomoney.com.br\/wp-content\/uploads\/2022\/11\/Reginaldo_Lopes1.jpg?fit=300%2C200&amp;quality=70&amp;strip=all\" data-large-file=\"https:\/\/www.infomoney.com.br\/wp-content\/uploads\/2022\/11\/Reginaldo_Lopes1.jpg?fit=1000%2C667&amp;quality=70&amp;strip=all\" title=\"\"><\/p>\n<p>O coordenador do Grupo de Trabalho Reforma Tribut\u00e1ria (GT Tribut\u00e1rio), deputado Reginaldo Lopes (PT-MG), ao defender, nesta ter\u00e7a-feira (25), a reforma com a unifica\u00e7\u00e3o dos impostos sobre o consumo, voltou a afirmar que &#8220;n\u00e3o \u00e9 verdade que beneficiar\u00e1 a ind\u00fastria&#8221; em detrimento do setor agropecu\u00e1rio.<\/p>\n<p>A fala do deputado, bem como de outras autoridades encarregadas de levar adiante a reforma, tenta esclarecer ao setor agropecu\u00e1rio que o segmento n\u00e3o ser\u00e1 prejudicado como contrapartida ao benef\u00edcio que a reforma conferir\u00e1 \u00e0 ind\u00fastria.<\/p>\n<p>Segundo Lopes, do ponto de vista do custo Brasil, o que tem de ser feito para dar mais competitividade, em especial \u00e0 ind\u00fastria brasileira (o setor de bens manufaturados), \u00e9 tirar o custo tribut\u00e1rio. &#8220;Esse custo tribut\u00e1rio \u00e9 enorme e deixa o Brasil com pouca capacidade competitiva, do ponto de vista de um pa\u00eds exportador de valor agregado. Eu diria tamb\u00e9m que, at\u00e9 do ponto de vista das exporta\u00e7\u00f5es do setor agro, no m\u00e9dio e longo prazo o nosso sistema n\u00e3o seja cumulativo&#8221;, afirmou.<\/p>\n<p>Por isso, disse ele, &#8220;esse debate de que a reforma seria muito positiva para a ind\u00fastria e que n\u00e3o seria positiva para o agro, n\u00e3o \u00e9 verdade&#8221;.<\/p>\n<p>&#8220;O setor agro hoje tem um papel fundamental. A agroind\u00fastria pode avan\u00e7ar muito e agregar muito mais valor \u00e0s suas exporta\u00e7\u00f5es&#8221;, disse o coordenador do GT Tribut\u00e1rio.<\/p>\n<p>O deputado participou do evento &#8220;Reforma Tribut\u00e1ria: Simples e necess\u00e1ria&#8221;, que a Associa\u00e7\u00e3o Nacional de Associa\u00e7\u00f5es de Fiscais de Tributos Estaduais (Febrafite) e o Sindicato dos Auditores Fiscais da Receita Estadual de S\u00e3o Paulo promovem em Bras\u00edlia.<\/p>\n<p>The post <a rel=\"nofollow noopener\" href=\"https:\/\/www.infomoney.com.br\/politica\/nao-e-verdade-que-reforma-beneficiara-industria-em-detrimento-do-agro-diz-reginaldo-lopes\/\" target=\"_blank\">N\u00e3o \u00e9 verdade que reforma beneficiar\u00e1 ind\u00fastria em detrimento do agro, diz Reginaldo Lopes<\/a> appeared first on <a rel=\"nofollow noopener\" href=\"https:\/\/www.infomoney.com.br\/\" target=\"_blank\">InfoMoney<\/a>.<\/p>\n","protected":false},"excerpt":{"rendered":"<p><img loading=\"lazy\" decoding=\"async\" width=\"300\" height=\"200\" src=\"https:\/\/www.infomoney.com.br\/wp-content\/uploads\/2022\/11\/Reginaldo_Lopes1.jpg?fit=300%2C200&amp;quality=70&amp;strip=all\" class=\"attachment-medium size-medium wp-post-image\" alt=\"\" data-attachment-id=\"1984064\" data-permalink=\"https:\/\/www.infomoney.com.br\/politica\/o-que-esperar-do-novo-governo-lula-infomoney-entrevista-reginaldo-lopes-lider-do-pt-na-camara-dos-deputados\/attachment\/reginaldo_lopes1\/\" data-orig-file=\"https:\/\/www.infomoney.com.br\/wp-content\/uploads\/2022\/11\/Reginaldo_Lopes1.jpg?fit=1000%2C667&amp;quality=70&amp;strip=all\" data-orig-size=\"1000,667\" data-comments-opened=\"0\" data-image-meta='{\"aperture\":\"0\",\"credit\":\"\",\"camera\":\"\",\"caption\":\"\",\"created_timestamp\":\"0\",\"copyright\":\"\",\"focal_length\":\"0\",\"iso\":\"0\",\"shutter_speed\":\"0\",\"title\":\"\",\"orientation\":\"0\"}' data-image-title=\"Reginaldo Lopes\" data-image-description=\"\" data-image-caption=\"&lt;p&gt;O deputado Reginaldo Lopes (PT-MG), l\u00edder do PT na C\u00e2mara dos Deputados, discursa durante sess\u00e3o no plen\u00e1rio (Foto: Michel Jesus\/C\u00e2mara dos Deputados)&lt;\/p&gt;\n\" data-medium-file=\"https:\/\/www.infomoney.com.br\/wp-content\/uploads\/2022\/11\/Reginaldo_Lopes1.jpg?fit=300%2C200&amp;quality=70&amp;strip=all\" data-large-file=\"https:\/\/www.infomoney.com.br\/wp-content\/uploads\/2022\/11\/Reginaldo_Lopes1.jpg?fit=1000%2C667&amp;quality=70&amp;strip=all\">Coordenador do Grupo de Trabalho acredita que todos os setores v\u00e3o se tornar mais competitivos com retirada do custo tribut\u00e1rio atual<\/p>\n<p>The post <a rel=\"nofollow\" href=\"https:\/\/www.infomoney.com.br\/politica\/nao-e-verdade-que-reforma-beneficiara-industria-em-detrimento-do-agro-diz-reginaldo-lopes\/\">N\u00e3o \u00e9 verdade que reforma beneficiar\u00e1 ind\u00fastria em detrimento do agro, diz Reginaldo Lopes<\/a> appeared first on <a rel=\"nofollow\" href=\"https:\/\/www.infomoney.com.br\/\">InfoMoney<\/a>.<\/p>\n","protected":false},"author":43,"featured_media":0,"comment_status":"closed","ping_status":"closed","sticky":false,"template":"","format":"standard","meta":{"advgb_blocks_editor_width":"","advgb_blocks_columns_visual_guide":"","footnotes":""},"categories":[34,47,191,192],"tags":[35],"class_list":["post-13666","post","type-post","status-publish","format-standard","hentry","category-g1","category-politica","category-reforma-tributaria","category-reginaldo-lopes","tag-g1"],"author_meta":{"display_name":"Estad\u00e3o Conte\u00fado","author_link":"https:\/\/sindaopcpb.org.br\/author\/estadao-conteudo\/"},"featured_img":null,"coauthors":[],"tax_additional":{"categories":{"linked":["<a href=\"https:\/\/sindaopcpb.org.br\/g1\/\" class=\"advgb-post-tax-term\">G1<\/a>","<a href=\"https:\/\/sindaopcpb.org.br\/politica\/\" class=\"advgb-post-tax-term\">POLITICA<\/a>","<a href=\"https:\/\/sindaopcpb.org.br\/reforma-tributaria\/\" class=\"advgb-post-tax-term\">reforma tribut\u00e1ria<\/a>","<a href=\"https:\/\/sindaopcpb.org.br\/reginaldo-lopes\/\" class=\"advgb-post-tax-term\">reginaldo lopes<\/a>"],"unlinked":["<span class=\"advgb-post-tax-term\">G1<\/span>","<span class=\"advgb-post-tax-term\">POLITICA<\/span>","<span class=\"advgb-post-tax-term\">reforma tribut\u00e1ria<\/span>","<span class=\"advgb-post-tax-term\">reginaldo lopes<\/span>"]},"tags":{"linked":["<a href=\"https:\/\/sindaopcpb.org.br\/reginaldo-lopes\/\" class=\"advgb-post-tax-term\">g1<\/a>"],"unlinked":["<span class=\"advgb-post-tax-term\">g1<\/span>"]}},"comment_count":"0","relative_dates":{"created":"Publicado 3 anos atr\u00e1s","modified":"Atualizado 3 anos atr\u00e1s"},"absolute_dates":{"created":"Publicado em 25 de abril de 2023","modified":"Atualizado em 25 de abril de 2023"},"absolute_dates_time":{"created":"Publicado em 25 de abril de 2023 16:10","modified":"Atualizado em 25 de abril de 2023 16:10"},"featured_img_caption":"","series_order":"","_links":{"self":[{"href":"https:\/\/sindaopcpb.org.br\/index.php\/wp-json\/wp\/v2\/posts\/13666","targetHints":{"allow":["GET"]}}],"collection":[{"href":"https:\/\/sindaopcpb.org.br\/index.php\/wp-json\/wp\/v2\/posts"}],"about":[{"href":"https:\/\/sindaopcpb.org.br\/index.php\/wp-json\/wp\/v2\/types\/post"}],"author":[{"embeddable":true,"href":"https:\/\/sindaopcpb.org.br\/index.php\/wp-json\/wp\/v2\/users\/43"}],"replies":[{"embeddable":true,"href":"https:\/\/sindaopcpb.org.br\/index.php\/wp-json\/wp\/v2\/comments?post=13666"}],"version-history":[{"count":2,"href":"https:\/\/sindaopcpb.org.br\/index.php\/wp-json\/wp\/v2\/posts\/13666\/revisions"}],"predecessor-version":[{"id":13700,"href":"https:\/\/sindaopcpb.org.br\/index.php\/wp-json\/wp\/v2\/posts\/13666\/revisions\/13700"}],"wp:attachment":[{"href":"https:\/\/sindaopcpb.org.br\/index.php\/wp-json\/wp\/v2\/media?parent=13666"}],"wp:term":[{"taxonomy":"category","embeddable":true,"href":"https:\/\/sindaopcpb.org.br\/index.php\/wp-json\/wp\/v2\/categories?post=13666"},{"taxonomy":"post_tag","embeddable":true,"href":"https:\/\/sindaopcpb.org.br\/index.php\/wp-json\/wp\/v2\/tags?post=13666"}],"curies":[{"name":"wp","href":"https:\/\/api.w.org\/{rel}","templated":true}]}}