{"id":13636,"date":"2023-04-25T13:51:44","date_gmt":"2023-04-25T16:51:44","guid":{"rendered":"https:\/\/g1.globo.com\/pb\/paraiba\/noticia\/2023\/04\/25\/grupo-fica-a-deriva-apos-embarcacao-virar-no-mar-em-cabedelo-pb.ghtml"},"modified":"2023-04-25T13:51:44","modified_gmt":"2023-04-25T16:51:44","slug":"grupo-fica-a-deriva-apos-embarcacao-virar-no-mar-em-cabedelo-pb","status":"publish","type":"post","link":"https:\/\/sindaopcpb.org.br\/index.php\/2023\/04\/25\/grupo-fica-a-deriva-apos-embarcacao-virar-no-mar-em-cabedelo-pb\/","title":{"rendered":"Grupo fica \u00e0 deriva ap\u00f3s embarca\u00e7\u00e3o virar no mar, em Cabedelo, PB"},"content":{"rendered":"   <img src=\"https:\/\/s2.glbimg.com\/2YQT-gY_CrClUvFMV_DeMoMNGks=\/i.s3.glbimg.com\/v1\/AUTH_59edd422c0c84a879bd37670ae4f538a\/internal_photos\/bs\/2023\/0\/I\/J1f8M5QjaItCcQkFfykQ\/embarcacao-.jpg\" \/><br \/>     N\u00e1ufragos se abrigaram em uma outra embarca\u00e7\u00e3o, conhecida como catamar\u00e3, at\u00e9 serem resgatados pelo Corpo de Bombeiros.  Um pescador auxiliou o Corpo de Bombeiros com a pr\u00f3pria embarca\u00e7\u00e3o, ap\u00f3s o barco das seis pessoas virar\nReprodu\u00e7\u00e3o\/TV Cabo Branco\nUm grupo de seis pessoas ficou \u00e0 deriva ap\u00f3s uma embarca\u00e7\u00e3o em que estavam virar no mar de Cabedelo, no litoral da Para\u00edba, na noite da \u00faltima segunda-feira (24). Nenhum dos integrantes do grupo ficou ferido, de acordo com os bombeiros. \nAp\u00f3s a embarca\u00e7\u00e3o considerada de pequeno porte virar no mar, as seis pessoas nadaram at\u00e9 um outro barco, conhecido como catamar\u00e3, que estava pr\u00f3ximo a Praia do Po\u00e7o, tamb\u00e9m em Cabedelo. \nO Corpo de Bombeiros da cidade foi respons\u00e1vel pelo salvamento das seis pessoas que naufragaram e, em entrevista concedida \u00e0 TV Cabo Branco, o tenente Marcos Aur\u00e9lio, que estava na equipe de resgate, falou sobre o ocorrido. \n\"Essas pessoas nadaram at\u00e9 o catamar\u00e3 e conseguiram pedir ajuda, fizeram a liga\u00e7\u00e3o para o 103. Fomos ao local e conseguimos aux\u00edlio de um pescador que estava na \u00e1rea, que com a pr\u00f3pria embarca\u00e7\u00e3o fez esse apoio\", relatou. \nV\u00eddeos mais assistidos do g1 Para\u00edba  ","protected":false},"excerpt":{"rendered":"<p>        N\u00e1ufragos se abrigaram em uma outra embarca\u00e7\u00e3o, conhecida como catamar\u00e3, at\u00e9 serem resgatados pelo Corpo de Bombeiros.  Um pescador auxiliou o Corpo de Bombeiros com a pr\u00f3pria embarca\u00e7\u00e3o, ap\u00f3s o barco das seis pessoas virar<br \/>\nReprodu\u00e7\u00e3o\/TV Cabo B&#8230;<\/p>\n","protected":false},"author":2,"featured_media":0,"comment_status":"closed","ping_status":"closed","sticky":false,"template":"","format":"standard","meta":{"advgb_blocks_editor_width":"","advgb_blocks_columns_visual_guide":"","footnotes":""},"categories":[34],"tags":[35],"class_list":["post-13636","post","type-post","status-publish","format-standard","hentry","category-g1","tag-g1"],"author_meta":{"display_name":"g1 &gt; Para\u00edba","author_link":"https:\/\/sindaopcpb.org.br\/author\/g1-paraiba\/"},"featured_img":null,"coauthors":[],"tax_additional":{"categories":{"linked":["<a href=\"https:\/\/sindaopcpb.org.br\/g1\/\" class=\"advgb-post-tax-term\">G1<\/a>"],"unlinked":["<span class=\"advgb-post-tax-term\">G1<\/span>"]},"tags":{"linked":["<a href=\"https:\/\/sindaopcpb.org.br\/g1\/\" class=\"advgb-post-tax-term\">g1<\/a>"],"unlinked":["<span class=\"advgb-post-tax-term\">g1<\/span>"]}},"comment_count":"0","relative_dates":{"created":"Publicado 3 anos atr\u00e1s","modified":"Atualizado 3 anos atr\u00e1s"},"absolute_dates":{"created":"Publicado em 25 de abril de 2023","modified":"Atualizado em 25 de abril de 2023"},"absolute_dates_time":{"created":"Publicado em 25 de abril de 2023 13:51","modified":"Atualizado em 25 de abril de 2023 13:51"},"featured_img_caption":"","series_order":"","_links":{"self":[{"href":"https:\/\/sindaopcpb.org.br\/index.php\/wp-json\/wp\/v2\/posts\/13636","targetHints":{"allow":["GET"]}}],"collection":[{"href":"https:\/\/sindaopcpb.org.br\/index.php\/wp-json\/wp\/v2\/posts"}],"about":[{"href":"https:\/\/sindaopcpb.org.br\/index.php\/wp-json\/wp\/v2\/types\/post"}],"author":[{"embeddable":true,"href":"https:\/\/sindaopcpb.org.br\/index.php\/wp-json\/wp\/v2\/users\/2"}],"replies":[{"embeddable":true,"href":"https:\/\/sindaopcpb.org.br\/index.php\/wp-json\/wp\/v2\/comments?post=13636"}],"version-history":[{"count":1,"href":"https:\/\/sindaopcpb.org.br\/index.php\/wp-json\/wp\/v2\/posts\/13636\/revisions"}],"predecessor-version":[{"id":13637,"href":"https:\/\/sindaopcpb.org.br\/index.php\/wp-json\/wp\/v2\/posts\/13636\/revisions\/13637"}],"wp:attachment":[{"href":"https:\/\/sindaopcpb.org.br\/index.php\/wp-json\/wp\/v2\/media?parent=13636"}],"wp:term":[{"taxonomy":"category","embeddable":true,"href":"https:\/\/sindaopcpb.org.br\/index.php\/wp-json\/wp\/v2\/categories?post=13636"},{"taxonomy":"post_tag","embeddable":true,"href":"https:\/\/sindaopcpb.org.br\/index.php\/wp-json\/wp\/v2\/tags?post=13636"}],"curies":[{"name":"wp","href":"https:\/\/api.w.org\/{rel}","templated":true}]}}