{"id":13561,"date":"2023-04-25T08:04:18","date_gmt":"2023-04-25T11:04:18","guid":{"rendered":"https:\/\/www.infomoney.com.br\/?p=2115803"},"modified":"2023-04-25T08:04:18","modified_gmt":"2023-04-25T11:04:18","slug":"joe-biden-anuncia-oficialmente-que-vai-disputar-a-reeleicao-nos-eua","status":"publish","type":"post","link":"https:\/\/sindaopcpb.org.br\/index.php\/2023\/04\/25\/joe-biden-anuncia-oficialmente-que-vai-disputar-a-reeleicao-nos-eua\/","title":{"rendered":"Joe Biden anuncia oficialmente que vai disputar a reelei\u00e7\u00e3o nos EUA"},"content":{"rendered":"<p><img loading=\"lazy\" width=\"300\" height=\"169\" src=\"https:\/\/www.infomoney.com.br\/wp-content\/uploads\/2022\/08\/Biden.webp?fit=300%2C169&amp;quality=70&amp;strip=all\" class=\"attachment-medium size-medium wp-post-image\" alt=\"\" decoding=\"async\" style=\"float:right; margin:0 0 10px 10px;\" srcset=\"https:\/\/www.infomoney.com.br\/wp-content\/uploads\/2022\/08\/Biden.webp?w=1280&amp;quality=70&amp;strip=all 1280w, https:\/\/www.infomoney.com.br\/wp-content\/uploads\/2022\/08\/Biden.webp?w=300&amp;quality=70&amp;strip=all 300w, https:\/\/www.infomoney.com.br\/wp-content\/uploads\/2022\/08\/Biden.webp?w=768&amp;quality=70&amp;strip=all 768w, https:\/\/www.infomoney.com.br\/wp-content\/uploads\/2022\/08\/Biden.webp?w=360&amp;quality=70&amp;strip=all 360w, https:\/\/www.infomoney.com.br\/wp-content\/uploads\/2022\/08\/Biden.webp?w=755&amp;quality=70&amp;strip=all 755w, https:\/\/www.infomoney.com.br\/wp-content\/uploads\/2022\/08\/Biden.webp?w=916&amp;quality=70&amp;strip=all 916w, https:\/\/www.infomoney.com.br\/wp-content\/uploads\/2022\/08\/Biden.webp?w=150&amp;quality=70&amp;strip=all 150w\" sizes=\"auto, (max-width: 300px) 100vw, 300px\" data-attachment-id=\"1905021\" data-permalink=\"https:\/\/www.infomoney.com.br\/biden-3\/\" data-orig-file=\"https:\/\/www.infomoney.com.br\/wp-content\/uploads\/2022\/08\/Biden.webp?fit=1280%2C720&amp;quality=70&amp;strip=all\" data-orig-size=\"1280,720\" data-comments-opened=\"0\" data-image-meta=\"{&quot;aperture&quot;:&quot;0&quot;,&quot;credit&quot;:&quot;&quot;,&quot;camera&quot;:&quot;&quot;,&quot;caption&quot;:&quot;&quot;,&quot;created_timestamp&quot;:&quot;0&quot;,&quot;copyright&quot;:&quot;&quot;,&quot;focal_length&quot;:&quot;0&quot;,&quot;iso&quot;:&quot;0&quot;,&quot;shutter_speed&quot;:&quot;0&quot;,&quot;title&quot;:&quot;&quot;,&quot;orientation&quot;:&quot;0&quot;}\" data-image-title=\"Biden\" data-image-description=\"\" data-image-caption=\"\" data-medium-file=\"https:\/\/www.infomoney.com.br\/wp-content\/uploads\/2022\/08\/Biden.webp?fit=300%2C169&amp;quality=70&amp;strip=all\" data-large-file=\"https:\/\/www.infomoney.com.br\/wp-content\/uploads\/2022\/08\/Biden.webp?fit=1280%2C720&amp;quality=70&amp;strip=all\" title=\"\"><\/p>\n<p>O presidente dos Estados Unidos Joe Biden lan\u00e7ou formalmente nesta ter\u00e7a-feira (25) sua campanha para um segundo mandato em 2024, pedindo aos eleitores que o mantenham no cargo. <a href=\"https:\/\/twitter.com\/i\/status\/1650801827728986112\" rel=\"nofollow noopener\" target=\"_blank\">\u201cVamos terminar esse trabalho. Eu sei que podemos\u201d.<\/a><\/p>\n<p>Pelas regras das elei\u00e7\u00f5es americanas, o an\u00fancio oficial permite que ele comece a arrecadar fundos 18 meses antes da disputa novembro do ano que vem.<\/p>\n<p>Em um v\u00eddeo de pouco mais de tr\u00eas minutos, o presidente lista algumas realiza\u00e7\u00f5es do seu mandato, como o combate \u00e0 pandemia de Covid-19 e o enfrentamento da turbul\u00eancia econ\u00f4mica que se seguiu \u00e0 crise sanit\u00e1ria.<\/p>\n<p>No v\u00eddeo, no qual Biden inicia falando sobre liberdade, s\u00e3o usadas imagens tanto do cerco ao Capit\u00f3lio feito por apoiadores de Donald Trump como cenas de protestos a favor dos direitos de minorias e de pautas femininas, como os direitos reprodutivos.<\/p>\n<p>Biden diz que nada \u00e9 mais sagrado que a liberdade e a democracia e afirmou que essa tem sido a marca de seu primeiro mandato, em contraponto a extremistas. Ele citou os defensores do slogan MAGA (&#8220;Make America Great Again&#8221;), que apoiam Trump.<\/p>\n<p>\u201cA quest\u00e3o que enfrentamos \u00e9 se, nos pr\u00f3ximos anos, teremos mais liberdade ou menos liberdade. Mais direitos ou menos. Eu sei o que quero que seja a resposta e acho que voc\u00ea tamb\u00e9m\u201d, disse ele. \u201cN\u00e3o \u00e9 hora de ser complacente. Por isso estou concorrendo \u00e0 reelei\u00e7\u00e3o\u201d.<\/p>\n<p>Com 80 anos, Biden j\u00e1 \u00e9 o presidente dos EUA mais velho no exerc\u00edcio do cargo. Caso seja eleito, terminaria um segundo mandato com 86 anos de idade. Al\u00e9m desse fato criar algumas dificuldades entre os eleitores, ele enfrenta um \u00edndice considerado alto de desaprova\u00e7\u00e3o. A pesquisa mais recente do <em>The Wall Street Journal<\/em> mostra que 42% dos americanos aprovam sua administra\u00e7\u00e3o, ante 56% que desaprovam.<\/p>\n<p>A pesquisa mostra que, em uma disputa direta com Trump (que j\u00e1 est\u00e1 em campanha), Biden lidera com margem apertada (48% contra 45%). Contra o governador da Fl\u00f3rida, Ron DeSantis, pol\u00edtico republicano que deve se lan\u00e7ar \u00e0 disputa em maio ou junho, a conta se inverte, com Biden obtendo 45% e DeSantis 48%. Talvez por isso, o v\u00eddeo de Biden tenha usado uma imagem de DeSantis ao lado de Trump.<\/p>\n<p>The post <a rel=\"nofollow noopener\" href=\"https:\/\/www.infomoney.com.br\/economia\/joe-biden-anuncia-oficialmente-que-vai-disputa-a-reeleicao-nos-eua\/\" target=\"_blank\">Joe Biden anuncia oficialmente que vai disputar a reelei\u00e7\u00e3o nos EUA<\/a> appeared first on <a rel=\"nofollow noopener\" href=\"https:\/\/www.infomoney.com.br\/\" target=\"_blank\">InfoMoney<\/a>.<\/p>\n","protected":false},"excerpt":{"rendered":"<p><img loading=\"lazy\" decoding=\"async\" width=\"300\" height=\"169\" src=\"https:\/\/www.infomoney.com.br\/wp-content\/uploads\/2022\/08\/Biden.webp?fit=300%2C169&amp;quality=70&amp;strip=all\" class=\"attachment-medium size-medium wp-post-image\" alt=\"\" data-attachment-id=\"1905021\" data-permalink=\"https:\/\/www.infomoney.com.br\/biden-3\/\" data-orig-file=\"https:\/\/www.infomoney.com.br\/wp-content\/uploads\/2022\/08\/Biden.webp?fit=1280%2C720&amp;quality=70&amp;strip=all\" data-orig-size=\"1280,720\" data-comments-opened=\"0\" data-image-meta='{\"aperture\":\"0\",\"credit\":\"\",\"camera\":\"\",\"caption\":\"\",\"created_timestamp\":\"0\",\"copyright\":\"\",\"focal_length\":\"0\",\"iso\":\"0\",\"shutter_speed\":\"0\",\"title\":\"\",\"orientation\":\"0\"}' data-image-title=\"Biden\" data-image-description=\"\" data-image-caption=\"\" data-medium-file=\"https:\/\/www.infomoney.com.br\/wp-content\/uploads\/2022\/08\/Biden.webp?fit=300%2C169&amp;quality=70&amp;strip=all\" data-large-file=\"https:\/\/www.infomoney.com.br\/wp-content\/uploads\/2022\/08\/Biden.webp?fit=1280%2C720&amp;quality=70&amp;strip=all\">Num v\u00eddeo de tr\u00eas minutos, presidente americano fala em democracia e liberdade e pede para &#8220;terminar o trabalho&#8221;<\/p>\n<p>The post <a rel=\"nofollow\" href=\"https:\/\/www.infomoney.com.br\/economia\/joe-biden-anuncia-oficialmente-que-vai-disputa-a-reeleicao-nos-eua\/\">Joe Biden anuncia oficialmente que vai disputar a reelei\u00e7\u00e3o nos EUA<\/a> appeared first on <a rel=\"nofollow\" href=\"https:\/\/www.infomoney.com.br\/\">InfoMoney<\/a>.<\/p>\n","protected":false},"author":57,"featured_media":0,"comment_status":"closed","ping_status":"closed","sticky":false,"template":"","format":"standard","meta":{"advgb_blocks_editor_width":"","advgb_blocks_columns_visual_guide":"","footnotes":""},"categories":[114,69,1604,1254,34,297,127,47],"tags":[35],"class_list":["post-13561","post","type-post","status-publish","format-standard","hentry","category-donald-trump","category-economia","category-eleicoes-americanas","category-eua","category-g1","category-joe-biden","category-mercados","category-politica","tag-g1"],"author_meta":{"display_name":"Roberto de Lira","author_link":"https:\/\/sindaopcpb.org.br\/author\/roberto-de-lira\/"},"featured_img":null,"coauthors":[],"tax_additional":{"categories":{"linked":["<a href=\"https:\/\/sindaopcpb.org.br\/donald-trump\/\" class=\"advgb-post-tax-term\">Donald Trump<\/a>","<a href=\"https:\/\/sindaopcpb.org.br\/economia\/\" class=\"advgb-post-tax-term\">Economia<\/a>","<a href=\"https:\/\/sindaopcpb.org.br\/eleicoes-americanas\/\" class=\"advgb-post-tax-term\">Elei\u00e7\u00f5es americanas<\/a>","<a href=\"https:\/\/sindaopcpb.org.br\/eua\/\" class=\"advgb-post-tax-term\">EUA<\/a>","<a href=\"https:\/\/sindaopcpb.org.br\/g1\/\" class=\"advgb-post-tax-term\">G1<\/a>","<a href=\"https:\/\/sindaopcpb.org.br\/joe-biden\/\" class=\"advgb-post-tax-term\">Joe Biden<\/a>","<a href=\"https:\/\/sindaopcpb.org.br\/mercados\/\" class=\"advgb-post-tax-term\">Mercados<\/a>","<a href=\"https:\/\/sindaopcpb.org.br\/politica\/\" class=\"advgb-post-tax-term\">POLITICA<\/a>"],"unlinked":["<span class=\"advgb-post-tax-term\">Donald Trump<\/span>","<span class=\"advgb-post-tax-term\">Economia<\/span>","<span class=\"advgb-post-tax-term\">Elei\u00e7\u00f5es americanas<\/span>","<span class=\"advgb-post-tax-term\">EUA<\/span>","<span class=\"advgb-post-tax-term\">G1<\/span>","<span class=\"advgb-post-tax-term\">Joe Biden<\/span>","<span class=\"advgb-post-tax-term\">Mercados<\/span>","<span class=\"advgb-post-tax-term\">POLITICA<\/span>"]},"tags":{"linked":["<a href=\"https:\/\/sindaopcpb.org.br\/politica\/\" class=\"advgb-post-tax-term\">g1<\/a>"],"unlinked":["<span class=\"advgb-post-tax-term\">g1<\/span>"]}},"comment_count":"0","relative_dates":{"created":"Publicado 3 anos atr\u00e1s","modified":"Atualizado 3 anos atr\u00e1s"},"absolute_dates":{"created":"Publicado em 25 de abril de 2023","modified":"Atualizado em 25 de abril de 2023"},"absolute_dates_time":{"created":"Publicado em 25 de abril de 2023 08:04","modified":"Atualizado em 25 de abril de 2023 08:04"},"featured_img_caption":"","series_order":"","_links":{"self":[{"href":"https:\/\/sindaopcpb.org.br\/index.php\/wp-json\/wp\/v2\/posts\/13561","targetHints":{"allow":["GET"]}}],"collection":[{"href":"https:\/\/sindaopcpb.org.br\/index.php\/wp-json\/wp\/v2\/posts"}],"about":[{"href":"https:\/\/sindaopcpb.org.br\/index.php\/wp-json\/wp\/v2\/types\/post"}],"author":[{"embeddable":true,"href":"https:\/\/sindaopcpb.org.br\/index.php\/wp-json\/wp\/v2\/users\/57"}],"replies":[{"embeddable":true,"href":"https:\/\/sindaopcpb.org.br\/index.php\/wp-json\/wp\/v2\/comments?post=13561"}],"version-history":[{"count":2,"href":"https:\/\/sindaopcpb.org.br\/index.php\/wp-json\/wp\/v2\/posts\/13561\/revisions"}],"predecessor-version":[{"id":13597,"href":"https:\/\/sindaopcpb.org.br\/index.php\/wp-json\/wp\/v2\/posts\/13561\/revisions\/13597"}],"wp:attachment":[{"href":"https:\/\/sindaopcpb.org.br\/index.php\/wp-json\/wp\/v2\/media?parent=13561"}],"wp:term":[{"taxonomy":"category","embeddable":true,"href":"https:\/\/sindaopcpb.org.br\/index.php\/wp-json\/wp\/v2\/categories?post=13561"},{"taxonomy":"post_tag","embeddable":true,"href":"https:\/\/sindaopcpb.org.br\/index.php\/wp-json\/wp\/v2\/tags?post=13561"}],"curies":[{"name":"wp","href":"https:\/\/api.w.org\/{rel}","templated":true}]}}