{"id":13528,"date":"2023-04-24T18:34:00","date_gmt":"2023-04-24T21:34:00","guid":{"rendered":"https:\/\/www.infomoney.com.br\/?p=2115599"},"modified":"2023-04-24T18:34:00","modified_gmt":"2023-04-24T21:34:00","slug":"appy-defende-conceito-de-base-ampla-da-reforma-tributaria","status":"publish","type":"post","link":"https:\/\/sindaopcpb.org.br\/index.php\/2023\/04\/24\/appy-defende-conceito-de-base-ampla-da-reforma-tributaria\/","title":{"rendered":"Appy defende conceito de base ampla da reforma tribut\u00e1ria"},"content":{"rendered":"<p><img loading=\"lazy\" width=\"300\" height=\"171\" src=\"https:\/\/www.infomoney.com.br\/wp-content\/uploads\/2020\/02\/B.Appy_.jpg?fit=300%2C171&amp;quality=70&amp;strip=all\" class=\"attachment-medium size-medium wp-post-image\" alt=\"Bernard Appy em entrevista\" decoding=\"async\" style=\"float:right; margin:0 0 10px 10px;\" srcset=\"https:\/\/www.infomoney.com.br\/wp-content\/uploads\/2020\/02\/B.Appy_.jpg?w=1187&amp;quality=70&amp;strip=all 1187w, https:\/\/www.infomoney.com.br\/wp-content\/uploads\/2020\/02\/B.Appy_.jpg?w=300&amp;quality=70&amp;strip=all 300w, https:\/\/www.infomoney.com.br\/wp-content\/uploads\/2020\/02\/B.Appy_.jpg?w=768&amp;quality=70&amp;strip=all 768w, https:\/\/www.infomoney.com.br\/wp-content\/uploads\/2020\/02\/B.Appy_.jpg?w=150&amp;quality=70&amp;strip=all 150w\" sizes=\"auto, (max-width: 300px) 100vw, 300px\" data-attachment-id=\"1401675\" data-permalink=\"https:\/\/www.infomoney.com.br\/politica\/reforma-tributaria-pode-ser-aprovada-mesmo-sem-o-governo-diz-bernard-appy\/attachment\/b-appy\/\" data-orig-file=\"https:\/\/www.infomoney.com.br\/wp-content\/uploads\/2020\/02\/B.Appy_.jpg?fit=1187%2C675&amp;quality=70&amp;strip=all\" data-orig-size=\"1187,675\" data-comments-opened=\"1\" data-image-meta=\"{&quot;aperture&quot;:&quot;0&quot;,&quot;credit&quot;:&quot;&quot;,&quot;camera&quot;:&quot;&quot;,&quot;caption&quot;:&quot;&quot;,&quot;created_timestamp&quot;:&quot;0&quot;,&quot;copyright&quot;:&quot;&quot;,&quot;focal_length&quot;:&quot;0&quot;,&quot;iso&quot;:&quot;0&quot;,&quot;shutter_speed&quot;:&quot;0&quot;,&quot;title&quot;:&quot;&quot;,&quot;orientation&quot;:&quot;0&quot;}\" data-image-title=\"Bernard Appy\" data-image-description=\"\" data-image-caption=\"&lt;p&gt;Bernard Appy, diretor do Centro de Cidadania Fiscal (Foto: Um Brasil)&lt;\/p&gt;\n\" data-medium-file=\"https:\/\/www.infomoney.com.br\/wp-content\/uploads\/2020\/02\/B.Appy_.jpg?fit=300%2C171&amp;quality=70&amp;strip=all\" data-large-file=\"https:\/\/www.infomoney.com.br\/wp-content\/uploads\/2020\/02\/B.Appy_.jpg?fit=1187%2C675&amp;quality=70&amp;strip=all\" title=\"\"><\/p>\n<p>O secret\u00e1rio extraordin\u00e1rio da reforma tribut\u00e1ria do minist\u00e9rio da Fazenda, Bernard Appy, defendeu, nesta segunda-feira (24), o conceito de base ampla da reforma tribut\u00e1ria, no qual servi\u00e7os e mercadorias s\u00e3o tratados sem diferencia\u00e7\u00e3o na cobran\u00e7a de um imposto sobre o consumo, o IVA. Durante semin\u00e1rio sobre o tema realizado pela Abimaq, associa\u00e7\u00e3o que representa os fabricantes de m\u00e1quinas e equipamentos, Appy sustentou que separar servi\u00e7os de mercadorias n\u00e3o acabaria com a cumulatividade tribut\u00e1ria, um dos principais objetivos da reforma.<\/p>\n<p>&#8220;Tem problema, sim, separar servi\u00e7os de mercadorias &#8230; A cumulatividade seria mantida&#8221;, declarou o secret\u00e1rio do minist\u00e9rio da Fazenda e autor de uma das duas propostas de emenda constitucional de mudan\u00e7as no sistema tribut\u00e1rio em tramita\u00e7\u00e3o no Congresso.<\/p>\n<p>Appy deu a declara\u00e7\u00e3o em resposta ao coordenador do Movimento Simplifica J\u00e1, Alberto Macedo, que, no mesmo semin\u00e1rio, fez cr\u00edticas \u00e0 proposta de n\u00e3o separa\u00e7\u00e3o de servi\u00e7os, que hoje pagam menos impostos, das mercadorias, que t\u00eam carga maior, e \u00e0 tributa\u00e7\u00e3o no destino, outro pilar da reforma.<\/p>\n<p>O secret\u00e1rio extraordin\u00e1rio da reforma tribut\u00e1ria observou que a tributa\u00e7\u00e3o na origem do sistema atual leva a benef\u00edcios fiscais que favorecem a importa\u00e7\u00e3o de insumos e m\u00e1quinas, ao inv\u00e9s de compra em outro estado do Pa\u00eds. Appy voltou a dizer que s\u00f3 o fim da cumulatividade representa um impulso de 4% ao Produto Interno Bruto (PIB) em 15 anos. O efeito total da reforma no PIB \u00e9 estimado em at\u00e9 20% de crescimento adicional no per\u00edodo.<\/p>\n<p>&#8220;\u00c9 por isso que estamos discutindo reforma tribut\u00e1ria. Tem um potencial enorme de aumentar crescimento do Pa\u00eds&#8221;, afirmou o secret\u00e1rio.<\/p>\n<p>Mais uma vez, ele sustentou que todos setores ser\u00e3o beneficiados pela reforma, principalmente a ind\u00fastria, que hoje \u00e9 prejudicada, mais do que outras atividades, pela cumulatividade do sistema.<\/p>\n<p>The post <a rel=\"nofollow noopener\" href=\"https:\/\/www.infomoney.com.br\/politica\/appy-defende-conceito-de-base-ampla-da-reforma-tributaria\/\" target=\"_blank\">Appy defende conceito de base ampla da reforma tribut\u00e1ria<\/a> appeared first on <a rel=\"nofollow noopener\" href=\"https:\/\/www.infomoney.com.br\/\" target=\"_blank\">InfoMoney<\/a>.<\/p>\n","protected":false},"excerpt":{"rendered":"<p><img loading=\"lazy\" decoding=\"async\" width=\"300\" height=\"171\" src=\"https:\/\/www.infomoney.com.br\/wp-content\/uploads\/2020\/02\/B.Appy_.jpg?fit=300%2C171&amp;quality=70&amp;strip=all\" class=\"attachment-medium size-medium wp-post-image\" alt=\"Bernard Appy em entrevista\" data-attachment-id=\"1401675\" data-permalink=\"https:\/\/www.infomoney.com.br\/politica\/reforma-tributaria-pode-ser-aprovada-mesmo-sem-o-governo-diz-bernard-appy\/attachment\/b-appy\/\" data-orig-file=\"https:\/\/www.infomoney.com.br\/wp-content\/uploads\/2020\/02\/B.Appy_.jpg?fit=1187%2C675&amp;quality=70&amp;strip=all\" data-orig-size=\"1187,675\" data-comments-opened=\"1\" data-image-meta='{\"aperture\":\"0\",\"credit\":\"\",\"camera\":\"\",\"caption\":\"\",\"created_timestamp\":\"0\",\"copyright\":\"\",\"focal_length\":\"0\",\"iso\":\"0\",\"shutter_speed\":\"0\",\"title\":\"\",\"orientation\":\"0\"}' data-image-title=\"Bernard Appy\" data-image-description=\"\" data-image-caption=\"&lt;p&gt;Bernard Appy, diretor do Centro de Cidadania Fiscal (Foto: Um Brasil)&lt;\/p&gt;\n\" data-medium-file=\"https:\/\/www.infomoney.com.br\/wp-content\/uploads\/2020\/02\/B.Appy_.jpg?fit=300%2C171&amp;quality=70&amp;strip=all\" data-large-file=\"https:\/\/www.infomoney.com.br\/wp-content\/uploads\/2020\/02\/B.Appy_.jpg?fit=1187%2C675&amp;quality=70&amp;strip=all\">Secret\u00e1rio argumentou que separar servi\u00e7os de mercadorias n\u00e3o acabaria com a cumulatividade tribut\u00e1ria<\/p>\n<p>The post <a rel=\"nofollow\" href=\"https:\/\/www.infomoney.com.br\/politica\/appy-defende-conceito-de-base-ampla-da-reforma-tributaria\/\">Appy defende conceito de base ampla da reforma tribut\u00e1ria<\/a> appeared first on <a rel=\"nofollow\" href=\"https:\/\/www.infomoney.com.br\/\">InfoMoney<\/a>.<\/p>\n","protected":false},"author":43,"featured_media":0,"comment_status":"closed","ping_status":"closed","sticky":false,"template":"","format":"standard","meta":{"advgb_blocks_editor_width":"","advgb_blocks_columns_visual_guide":"","footnotes":""},"categories":[550,34,47,191],"tags":[35],"class_list":["post-13528","post","type-post","status-publish","format-standard","hentry","category-bernard-appy","category-g1","category-politica","category-reforma-tributaria","tag-g1"],"author_meta":{"display_name":"Estad\u00e3o Conte\u00fado","author_link":"https:\/\/sindaopcpb.org.br\/author\/estadao-conteudo\/"},"featured_img":null,"coauthors":[],"tax_additional":{"categories":{"linked":["<a href=\"https:\/\/sindaopcpb.org.br\/bernard-appy\/\" class=\"advgb-post-tax-term\">Bernard Appy<\/a>","<a href=\"https:\/\/sindaopcpb.org.br\/g1\/\" class=\"advgb-post-tax-term\">G1<\/a>","<a href=\"https:\/\/sindaopcpb.org.br\/politica\/\" class=\"advgb-post-tax-term\">POLITICA<\/a>","<a href=\"https:\/\/sindaopcpb.org.br\/reforma-tributaria\/\" class=\"advgb-post-tax-term\">reforma tribut\u00e1ria<\/a>"],"unlinked":["<span class=\"advgb-post-tax-term\">Bernard Appy<\/span>","<span class=\"advgb-post-tax-term\">G1<\/span>","<span class=\"advgb-post-tax-term\">POLITICA<\/span>","<span class=\"advgb-post-tax-term\">reforma tribut\u00e1ria<\/span>"]},"tags":{"linked":["<a href=\"https:\/\/sindaopcpb.org.br\/reforma-tributaria\/\" class=\"advgb-post-tax-term\">g1<\/a>"],"unlinked":["<span class=\"advgb-post-tax-term\">g1<\/span>"]}},"comment_count":"0","relative_dates":{"created":"Publicado 3 anos atr\u00e1s","modified":"Atualizado 3 anos atr\u00e1s"},"absolute_dates":{"created":"Publicado em 24 de abril de 2023","modified":"Atualizado em 24 de abril de 2023"},"absolute_dates_time":{"created":"Publicado em 24 de abril de 2023 18:34","modified":"Atualizado em 24 de abril de 2023 18:34"},"featured_img_caption":"","series_order":"","_links":{"self":[{"href":"https:\/\/sindaopcpb.org.br\/index.php\/wp-json\/wp\/v2\/posts\/13528","targetHints":{"allow":["GET"]}}],"collection":[{"href":"https:\/\/sindaopcpb.org.br\/index.php\/wp-json\/wp\/v2\/posts"}],"about":[{"href":"https:\/\/sindaopcpb.org.br\/index.php\/wp-json\/wp\/v2\/types\/post"}],"author":[{"embeddable":true,"href":"https:\/\/sindaopcpb.org.br\/index.php\/wp-json\/wp\/v2\/users\/43"}],"replies":[{"embeddable":true,"href":"https:\/\/sindaopcpb.org.br\/index.php\/wp-json\/wp\/v2\/comments?post=13528"}],"version-history":[{"count":1,"href":"https:\/\/sindaopcpb.org.br\/index.php\/wp-json\/wp\/v2\/posts\/13528\/revisions"}],"predecessor-version":[{"id":13529,"href":"https:\/\/sindaopcpb.org.br\/index.php\/wp-json\/wp\/v2\/posts\/13528\/revisions\/13529"}],"wp:attachment":[{"href":"https:\/\/sindaopcpb.org.br\/index.php\/wp-json\/wp\/v2\/media?parent=13528"}],"wp:term":[{"taxonomy":"category","embeddable":true,"href":"https:\/\/sindaopcpb.org.br\/index.php\/wp-json\/wp\/v2\/categories?post=13528"},{"taxonomy":"post_tag","embeddable":true,"href":"https:\/\/sindaopcpb.org.br\/index.php\/wp-json\/wp\/v2\/tags?post=13528"}],"curies":[{"name":"wp","href":"https:\/\/api.w.org\/{rel}","templated":true}]}}