{"id":13420,"date":"2023-04-24T12:12:10","date_gmt":"2023-04-24T15:12:10","guid":{"rendered":"https:\/\/www.infomoney.com.br\/?p=2115183"},"modified":"2023-04-24T12:12:10","modified_gmt":"2023-04-24T15:12:10","slug":"comissao-de-assuntos-economicos-do-senado-vai-ouvir-presidente-do-banco-central-sobre-juros-elevados","status":"publish","type":"post","link":"https:\/\/sindaopcpb.org.br\/index.php\/2023\/04\/24\/comissao-de-assuntos-economicos-do-senado-vai-ouvir-presidente-do-banco-central-sobre-juros-elevados\/","title":{"rendered":"Comiss\u00e3o de Assuntos Econ\u00f4micos do Senado vai ouvir presidente do Banco Central sobre juros elevados"},"content":{"rendered":"<p><img loading=\"lazy\" width=\"300\" height=\"202\" src=\"https:\/\/www.infomoney.com.br\/wp-content\/uploads\/2021\/07\/Roberto-Campos011-e1625686139273.jpg?fit=300%2C202&amp;quality=70&amp;strip=all\" class=\"attachment-medium size-medium wp-post-image\" alt=\"Roberto Campos Neto, presidente do Banco Central\" decoding=\"async\" style=\"float:right; margin:0 0 10px 10px;\" srcset=\"https:\/\/www.infomoney.com.br\/wp-content\/uploads\/2021\/07\/Roberto-Campos011-e1625686139273.jpg?w=1281&amp;quality=70&amp;strip=all 1281w, https:\/\/www.infomoney.com.br\/wp-content\/uploads\/2021\/07\/Roberto-Campos011-e1625686139273.jpg?w=300&amp;quality=70&amp;strip=all 300w, https:\/\/www.infomoney.com.br\/wp-content\/uploads\/2021\/07\/Roberto-Campos011-e1625686139273.jpg?w=768&amp;quality=70&amp;strip=all 768w, https:\/\/www.infomoney.com.br\/wp-content\/uploads\/2021\/07\/Roberto-Campos011-e1625686139273.jpg?w=150&amp;quality=70&amp;strip=all 150w\" sizes=\"auto, (max-width: 300px) 100vw, 300px\" data-attachment-id=\"1663217\" data-permalink=\"https:\/\/www.infomoney.com.br\/roberto-campos011\/\" data-orig-file=\"https:\/\/www.infomoney.com.br\/wp-content\/uploads\/2021\/07\/Roberto-Campos011-e1625686139273.jpg?fit=1281%2C864&amp;quality=70&amp;strip=all\" data-orig-size=\"1281,864\" data-comments-opened=\"1\" data-image-meta=\"{&quot;aperture&quot;:&quot;0&quot;,&quot;credit&quot;:&quot;&quot;,&quot;camera&quot;:&quot;&quot;,&quot;caption&quot;:&quot;&quot;,&quot;created_timestamp&quot;:&quot;0&quot;,&quot;copyright&quot;:&quot;&quot;,&quot;focal_length&quot;:&quot;0&quot;,&quot;iso&quot;:&quot;0&quot;,&quot;shutter_speed&quot;:&quot;0&quot;,&quot;title&quot;:&quot;&quot;,&quot;orientation&quot;:&quot;0&quot;}\" data-image-title=\"Roberto Campos011\" data-image-description=\"&lt;p&gt;Roberto Campos Neto, presidente do Banco Central&lt;\/p&gt;\n\" data-image-caption=\"&lt;p&gt;Germano L\u00fcders\/InfoMoney&lt;\/p&gt;\n\" data-medium-file=\"https:\/\/www.infomoney.com.br\/wp-content\/uploads\/2021\/07\/Roberto-Campos011-e1625686139273.jpg?fit=300%2C202&amp;quality=70&amp;strip=all\" data-large-file=\"https:\/\/www.infomoney.com.br\/wp-content\/uploads\/2021\/07\/Roberto-Campos011-e1625686139273.jpg?fit=1280%2C863&amp;quality=70&amp;strip=all\" title=\"\"><\/p>\n<p>A Comiss\u00e3o de Assuntos Econ\u00f4micos (CAE) promove audi\u00eancia p\u00fablica interativa na ter\u00e7a-feira (25), a partir das 9h, para ouvir o presidente do Banco Central (BC), Roberto Campos Neto. A comiss\u00e3o quer informa\u00e7\u00f5es sobre a taxa b\u00e1sica de juros, a Selic, atualmente em 13,75%.<\/p>\n<p>A reuni\u00e3o ser\u00e1 feita na sala 19 da Ala Alexandre Costa, ter\u00e1 transmiss\u00e3o ao vivo pelo canal da TV Senado no YouTube e est\u00e1 aberta \u00e0 participa\u00e7\u00e3o de qualquer pessoa por meio do portal do e-Cidadania ou pelo Fale com o Senado.<\/p>\n<p>A audi\u00eancia foi requerida pelo presidente da CAE, o senador Vanderlan Cardoso (PSD-GO). Em seu requerimento (REQ 2\/2023 \u2014 CAE), o senador registra que a atual taxa Selic de 13,75% vem sendo criticada por ser considerada muito elevada pela atual equipe econ\u00f4mica do governo federal. Segundo Vanderlan, a taxa Selic depende da avalia\u00e7\u00e3o de riscos e oportunidades do cen\u00e1rio macroecon\u00f4mico feita pelo Comit\u00ea de Pol\u00edtica Monet\u00e1ria (Copom) do Banco Central.<\/p>\n<p>\u201cQuando a taxa Selic aumenta, o acesso ao dinheiro pela popula\u00e7\u00e3o, tanto por linhas de cr\u00e9dito, empr\u00e9stimos e financiamentos, fica reduzido. Assim, o consumidor deixa de fazer gastos maiores para poupar no per\u00edodo de alta inflacion\u00e1ria. A longo prazo, essa estrat\u00e9gia tende a frear a infla\u00e7\u00e3o para que seja poss\u00edvel gerar uma oferta mais barata de acordo com a demanda reduzida. Ao contr\u00e1rio, quando a Selic est\u00e1 em baixa, o est\u00edmulo ao consumo \u00e9 maior e a economia tende a ficar mais aquecida. Ou seja, as pessoas consomem mais\u201d, explica Vanderlan no requerimento.<\/p>\n<p>Na mesma reuni\u00e3o tamb\u00e9m ser\u00e1 atendido o REQ 5\/2023 \u2014 CAE, do senador Alessandro Vieira (PSDB-SE), para que o presidente do BC preste informa\u00e7\u00f5es sobre erro ocorrido na s\u00e9rie de c\u00e2mbio contratado nas estat\u00edsticas do setor externo do Banco Central, no per\u00edodo de outubro de 2021 a dezembro de 2022, referente ao total de US$ 14,5 bilh\u00f5es. O erro na compila\u00e7\u00e3o dos dados do fluxo cambial (ou seja, o volume de d\u00f3lares que entram e saem do pa\u00eds) foi constatado em janeiro de 2023.<\/p>\n<p>Alessandro pede que Campos Neto esclare\u00e7a o que permitiu o erro e a sua perman\u00eancia por mais de um ano, quais provid\u00eancias foram adotadas para corre\u00e7\u00e3o, quais foram os impactos negativos dessa falha na economia e que a\u00e7\u00f5es o BC est\u00e1 tomando para \u201caperfei\u00e7oar os controles internos da institui\u00e7\u00e3o frente \u00e0 sua clara insufici\u00eancia\u201d.<\/p>\n<p>\u201cPor suas caracter\u00edsticas, \u00e9 bem poss\u00edvel que haja graves insufici\u00eancias nos controles internos da institui\u00e7\u00e3o, o que \u00e9 especialmente preocupante dada a elevada import\u00e2ncia do Banco Central na economia brasileira\u201d, afirma Alessandro.<\/p>\n<p>The post <a rel=\"nofollow noopener\" href=\"https:\/\/www.infomoney.com.br\/politica\/comissao-de-assuntos-economicos-do-senado-vai-ouvir-presidente-do-banco-central-sobre-juros-elevados\/\" target=\"_blank\">Comiss\u00e3o de Assuntos Econ\u00f4micos do Senado vai ouvir presidente do Banco Central sobre juros elevados<\/a> appeared first on <a rel=\"nofollow noopener\" href=\"https:\/\/www.infomoney.com.br\/\" target=\"_blank\">InfoMoney<\/a>.<\/p>\n","protected":false},"excerpt":{"rendered":"<p><img loading=\"lazy\" decoding=\"async\" width=\"300\" height=\"202\" src=\"https:\/\/www.infomoney.com.br\/wp-content\/uploads\/2021\/07\/Roberto-Campos011-e1625686139273.jpg?fit=300%2C202&amp;quality=70&amp;strip=all\" class=\"attachment-medium size-medium wp-post-image\" alt=\"Roberto Campos Neto, presidente do Banco Central\" data-attachment-id=\"1663217\" data-permalink=\"https:\/\/www.infomoney.com.br\/roberto-campos011\/\" data-orig-file=\"https:\/\/www.infomoney.com.br\/wp-content\/uploads\/2021\/07\/Roberto-Campos011-e1625686139273.jpg?fit=1281%2C864&amp;quality=70&amp;strip=all\" data-orig-size=\"1281,864\" data-comments-opened=\"1\" data-image-meta='{\"aperture\":\"0\",\"credit\":\"\",\"camera\":\"\",\"caption\":\"\",\"created_timestamp\":\"0\",\"copyright\":\"\",\"focal_length\":\"0\",\"iso\":\"0\",\"shutter_speed\":\"0\",\"title\":\"\",\"orientation\":\"0\"}' data-image-title=\"Roberto Campos011\" data-image-description=\"&lt;p&gt;Roberto Campos Neto, presidente do Banco Central&lt;\/p&gt;\n\" data-image-caption=\"&lt;p&gt;Germano L\u00fcders\/InfoMoney&lt;\/p&gt;\n\" data-medium-file=\"https:\/\/www.infomoney.com.br\/wp-content\/uploads\/2021\/07\/Roberto-Campos011-e1625686139273.jpg?fit=300%2C202&amp;quality=70&amp;strip=all\" data-large-file=\"https:\/\/www.infomoney.com.br\/wp-content\/uploads\/2021\/07\/Roberto-Campos011-e1625686139273.jpg?fit=1280%2C863&amp;quality=70&amp;strip=all\">Audi\u00eancia p\u00fablica est\u00e1 marcada para ter\u00e7a-feira, a partir das 9h<\/p>\n<p>The post <a rel=\"nofollow\" href=\"https:\/\/www.infomoney.com.br\/politica\/comissao-de-assuntos-economicos-do-senado-vai-ouvir-presidente-do-banco-central-sobre-juros-elevados\/\">Comiss\u00e3o de Assuntos Econ\u00f4micos do Senado vai ouvir presidente do Banco Central sobre juros elevados<\/a> appeared first on <a rel=\"nofollow\" href=\"https:\/\/www.infomoney.com.br\/\">InfoMoney<\/a>.<\/p>\n","protected":false},"author":47,"featured_media":0,"comment_status":"closed","ping_status":"closed","sticky":false,"template":"","format":"standard","meta":{"advgb_blocks_editor_width":"","advgb_blocks_columns_visual_guide":"","footnotes":""},"categories":[34,47,402,403],"tags":[35],"class_list":["post-13420","post","type-post","status-publish","format-standard","hentry","category-g1","category-politica","category-roberto-campos-neto","category-senado","tag-g1"],"author_meta":{"display_name":"luispereira","author_link":"https:\/\/sindaopcpb.org.br\/author\/luispereira\/"},"featured_img":null,"coauthors":[],"tax_additional":{"categories":{"linked":["<a href=\"https:\/\/sindaopcpb.org.br\/g1\/\" class=\"advgb-post-tax-term\">G1<\/a>","<a href=\"https:\/\/sindaopcpb.org.br\/politica\/\" class=\"advgb-post-tax-term\">POLITICA<\/a>","<a href=\"https:\/\/sindaopcpb.org.br\/roberto-campos-neto\/\" class=\"advgb-post-tax-term\">Roberto Campos Neto<\/a>","<a href=\"https:\/\/sindaopcpb.org.br\/senado\/\" class=\"advgb-post-tax-term\">Senado<\/a>"],"unlinked":["<span class=\"advgb-post-tax-term\">G1<\/span>","<span class=\"advgb-post-tax-term\">POLITICA<\/span>","<span class=\"advgb-post-tax-term\">Roberto Campos Neto<\/span>","<span class=\"advgb-post-tax-term\">Senado<\/span>"]},"tags":{"linked":["<a href=\"https:\/\/sindaopcpb.org.br\/senado\/\" class=\"advgb-post-tax-term\">g1<\/a>"],"unlinked":["<span class=\"advgb-post-tax-term\">g1<\/span>"]}},"comment_count":"0","relative_dates":{"created":"Publicado 3 anos atr\u00e1s","modified":"Atualizado 3 anos atr\u00e1s"},"absolute_dates":{"created":"Publicado em 24 de abril de 2023","modified":"Atualizado em 24 de abril de 2023"},"absolute_dates_time":{"created":"Publicado em 24 de abril de 2023 12:12","modified":"Atualizado em 24 de abril de 2023 12:12"},"featured_img_caption":"","series_order":"","_links":{"self":[{"href":"https:\/\/sindaopcpb.org.br\/index.php\/wp-json\/wp\/v2\/posts\/13420","targetHints":{"allow":["GET"]}}],"collection":[{"href":"https:\/\/sindaopcpb.org.br\/index.php\/wp-json\/wp\/v2\/posts"}],"about":[{"href":"https:\/\/sindaopcpb.org.br\/index.php\/wp-json\/wp\/v2\/types\/post"}],"author":[{"embeddable":true,"href":"https:\/\/sindaopcpb.org.br\/index.php\/wp-json\/wp\/v2\/users\/47"}],"replies":[{"embeddable":true,"href":"https:\/\/sindaopcpb.org.br\/index.php\/wp-json\/wp\/v2\/comments?post=13420"}],"version-history":[{"count":1,"href":"https:\/\/sindaopcpb.org.br\/index.php\/wp-json\/wp\/v2\/posts\/13420\/revisions"}],"predecessor-version":[{"id":13421,"href":"https:\/\/sindaopcpb.org.br\/index.php\/wp-json\/wp\/v2\/posts\/13420\/revisions\/13421"}],"wp:attachment":[{"href":"https:\/\/sindaopcpb.org.br\/index.php\/wp-json\/wp\/v2\/media?parent=13420"}],"wp:term":[{"taxonomy":"category","embeddable":true,"href":"https:\/\/sindaopcpb.org.br\/index.php\/wp-json\/wp\/v2\/categories?post=13420"},{"taxonomy":"post_tag","embeddable":true,"href":"https:\/\/sindaopcpb.org.br\/index.php\/wp-json\/wp\/v2\/tags?post=13420"}],"curies":[{"name":"wp","href":"https:\/\/api.w.org\/{rel}","templated":true}]}}