{"id":13416,"date":"2023-04-24T12:23:31","date_gmt":"2023-04-24T15:23:31","guid":{"rendered":"https:\/\/www.infomoney.com.br\/?p=2099180"},"modified":"2023-04-24T12:23:31","modified_gmt":"2023-04-24T15:23:31","slug":"embraer-notificou-boeing-ha-quase-1-ano-nos-eua-por-contratacao-de-engenheiros-no-brasil","status":"publish","type":"post","link":"https:\/\/sindaopcpb.org.br\/index.php\/2023\/04\/24\/embraer-notificou-boeing-ha-quase-1-ano-nos-eua-por-contratacao-de-engenheiros-no-brasil\/","title":{"rendered":"Embraer notificou Boeing h\u00e1 quase 1 ano nos EUA por contrata\u00e7\u00e3o de engenheiros no Brasil"},"content":{"rendered":"<p><img loading=\"lazy\" width=\"300\" height=\"187\" src=\"https:\/\/www.infomoney.com.br\/wp-content\/uploads\/2023\/04\/boeing-embraer-thumb.jpg?fit=300%2C187&amp;quality=70&amp;strip=all\" class=\"attachment-medium size-medium wp-post-image\" alt=\"\" decoding=\"async\" style=\"float:right; margin:0 0 10px 10px;\" srcset=\"https:\/\/www.infomoney.com.br\/wp-content\/uploads\/2023\/04\/boeing-embraer-thumb.jpg?w=1920&amp;quality=70&amp;strip=all 1920w, https:\/\/www.infomoney.com.br\/wp-content\/uploads\/2023\/04\/boeing-embraer-thumb.jpg?w=300&amp;quality=70&amp;strip=all 300w, https:\/\/www.infomoney.com.br\/wp-content\/uploads\/2023\/04\/boeing-embraer-thumb.jpg?w=768&amp;quality=70&amp;strip=all 768w, https:\/\/www.infomoney.com.br\/wp-content\/uploads\/2023\/04\/boeing-embraer-thumb.jpg?w=1280&amp;quality=70&amp;strip=all 1280w, https:\/\/www.infomoney.com.br\/wp-content\/uploads\/2023\/04\/boeing-embraer-thumb.jpg?w=1536&amp;quality=70&amp;strip=all 1536w, https:\/\/www.infomoney.com.br\/wp-content\/uploads\/2023\/04\/boeing-embraer-thumb.jpg?w=150&amp;quality=70&amp;strip=all 150w\" sizes=\"auto, (max-width: 300px) 100vw, 300px\" data-attachment-id=\"2112929\" data-permalink=\"https:\/\/www.infomoney.com.br\/carreira\/embraer-notificou-boeing-ha-quase-1-ano-nos-eua-por-contratacao-de-engenheiros-no-brasil\/attachment\/boeing-embraer-thumb\/\" data-orig-file=\"https:\/\/www.infomoney.com.br\/wp-content\/uploads\/2023\/04\/boeing-embraer-thumb.jpg?fit=1920%2C1195&amp;quality=70&amp;strip=all\" data-orig-size=\"1920,1195\" data-comments-opened=\"0\" data-image-meta=\"{&quot;aperture&quot;:&quot;0&quot;,&quot;credit&quot;:&quot;&quot;,&quot;camera&quot;:&quot;&quot;,&quot;caption&quot;:&quot;&quot;,&quot;created_timestamp&quot;:&quot;0&quot;,&quot;copyright&quot;:&quot;&quot;,&quot;focal_length&quot;:&quot;0&quot;,&quot;iso&quot;:&quot;0&quot;,&quot;shutter_speed&quot;:&quot;0&quot;,&quot;title&quot;:&quot;&quot;,&quot;orientation&quot;:&quot;0&quot;}\" data-image-title=\"Boeing x Embraer (thumb)\" data-image-description=\"\" data-image-caption=\"&lt;p&gt;Embraer notificou extrajudicialmente a Boeing h\u00e1 quase 1 ano, nos Estados Unidos, por contratar engenheiros no Brasil (Leo Albertino\/InfoMoney)&lt;\/p&gt;\n\" data-medium-file=\"https:\/\/www.infomoney.com.br\/wp-content\/uploads\/2023\/04\/boeing-embraer-thumb.jpg?fit=300%2C187&amp;quality=70&amp;strip=all\" data-large-file=\"https:\/\/www.infomoney.com.br\/wp-content\/uploads\/2023\/04\/boeing-embraer-thumb.jpg?fit=1280%2C797&amp;quality=70&amp;strip=all\" title=\"\"><\/p>\n<p>Seis meses antes de a Boeing (<a href=\"https:\/\/www.infomoney.com.br\/cotacoes\/b3\/bdr\/boeing-boei34\/\" rel=\"nofollow noopener\" target=\"_blank\">BOEI34<\/a>) <a href=\"https:\/\/www.infomoney.com.br\/carreira\/acao-civil-publica-quer-limitar-boeing-a-contratar-apenas-21-engenheiros-por-ano-da-embraer\/\" rel=\"nofollow noopener\" target=\"_blank\">ser processada no Brasil por suposta amea&ccedil;a &agrave; soberania nacional<\/a>, a Embraer (<a href=\"https:\/\/www.infomoney.com.br\/cotacoes\/b3\/acao\/embraer-embr3\/\" rel=\"nofollow noopener\" target=\"_blank\">EMBR3<\/a>) notificou extrajudicialmente a gigante americana pela contrata&ccedil;&atilde;o de seus engenheiros em S&atilde;o Jos&eacute; dos Campos (SP), o ber&ccedil;o da empresa e do setor aeroespacial e de defesa brasileiro.<\/p>\n<p>A notifica&ccedil;&atilde;o foi feita em 30 de abril de 2022, h&aacute; quase um ano, em documento enviado &agrave; Boeing em Chicago, nos Estados Unidos. A empresa brasileira acusou a americana de contratar funcion&aacute;rios para obter acesso a informa&ccedil;&otilde;es confidenciais e privilegiadas sobre suas tecnologias.<\/p>\n<p>A Embraer afirmou no documento que a Boeing se aproveitou do acordo frustrado entre as duas para acessar indevidamente suas informa&ccedil;&otilde;es confidenciais e contratar engenheiros da empresa com o objetivo de obter vantagem comercial, violando a <a href=\"https:\/\/www.planalto.gov.br\/ccivil_03\/leis\/l9279.htm\" rel=\"nofollow noopener\" target=\"_blank\">Lei da Propriedade Industrial (Lei 9.279\/96)<\/a>.<\/p>\n<p>A carta da Embraer &eacute; assinada por Fabiana Klajner Leschziner, vice-presidente-executiva e diretora jur&iacute;dica e de compliance da empresa. Ela foi endere&ccedil;ada a Brett C. Gerry, vice-presidente-executivo de compliance global e diretor jur&iacute;dico da Boeing, em Chicago, Illinois.<\/p>\n<p>Gerry &eacute; ex-presidente da Boeing no Jap&atilde;o e j&aacute; trabalhou na Casa Branca e no Departamento de Justi&ccedil;a dos EUA (DoJ, o equivalente ao Minist&eacute;rio da Justi&ccedil;a), inclusive como chefe de gabinete do procurador-geral do pa&iacute;s, Michael Mukasey. Mas a resposta da Boeing veio em 12 de maio de Seattle, no estado de Washington, e &eacute; assinada pelo vice-presidente de controv&eacute;rsias internacionais, Michael S. Paisner.<\/p>\n<p>A gigante americana afirmou na resposta que n&atilde;o estava violando nenhuma lei ou obriga&ccedil;&atilde;o contratual (do acordo frustrado) ao fazer as contrata&ccedil;&otilde;es. Disse tamb&eacute;m que estava contratando profissionais qualificados de forma transparente e l&iacute;cita e que a conduta da empresa brasileira era potencialmente anticompetitiva <strong>(veja mais abaixo)<\/strong>.<\/p>\n<p><figure id=\"attachment_2112928\" aria-describedby=\"caption-attachment-2112928\" style=\"width: 1920px\" class=\"wp-caption alignnone\"><img loading=\"lazy\" data-attachment-id=\"2112928\" data-permalink=\"https:\/\/www.infomoney.com.br\/carreira\/embraer-notificou-boeing-ha-quase-1-ano-nos-eua-por-contratacao-de-engenheiros-no-brasil\/attachment\/boeing-embraer-arte\/\" data-orig-file=\"https:\/\/www.infomoney.com.br\/wp-content\/uploads\/2023\/04\/boeing-embraer-arte.jpg?resize=1920%2C3355&#038;quality=70&#038;strip=all?fit=1920%2C3355&amp;quality=70&amp;strip=all\" data-orig-size=\"1920,3355\" data-comments-opened=\"0\" data-image-meta=\"{&quot;aperture&quot;:&quot;0&quot;,&quot;credit&quot;:&quot;&quot;,&quot;camera&quot;:&quot;&quot;,&quot;caption&quot;:&quot;&quot;,&quot;created_timestamp&quot;:&quot;0&quot;,&quot;copyright&quot;:&quot;&quot;,&quot;focal_length&quot;:&quot;0&quot;,&quot;iso&quot;:&quot;0&quot;,&quot;shutter_speed&quot;:&quot;0&quot;,&quot;title&quot;:&quot;&quot;,&quot;orientation&quot;:&quot;0&quot;}\" data-image-title=\"Boeing x Embraer (arte)\" data-image-description=\"\" data-image-caption=\"&lt;p&gt;Embraer notificou extrajudicialmente a Boeing h\u00e1 quase 1 ano, nos Estados Unidos, por contratar engenheiros no Brasil (Leo Albertino\/InfoMoney)&lt;\/p&gt;\" data-medium-file=\"https:\/\/www.infomoney.com.br\/wp-content\/uploads\/2023\/04\/boeing-embraer-arte.jpg?resize=1920%2C3355&#038;quality=70&#038;strip=all?fit=172%2C300&amp;quality=70&amp;strip=all\" data-large-file=\"https:\/\/www.infomoney.com.br\/wp-content\/uploads\/2023\/04\/boeing-embraer-arte.jpg?resize=1920%2C3355&#038;quality=70&#038;strip=all?fit=586%2C1024&amp;quality=70&amp;strip=all\" decoding=\"async\" class=\"img-fluid wp-image-2112928 size-full\" src=\"https:\/\/www.infomoney.com.br\/wp-content\/uploads\/2023\/04\/boeing-embraer-arte.jpg?resize=1920%2C3355&#038;quality=70&#038;%23038;strip=all\" alt=\"\" width=\"1920\" height=\"3355\" srcset=\"https:\/\/www.infomoney.com.br\/wp-content\/uploads\/2023\/04\/boeing-embraer-arte.jpg?resize=1920%2C3355&#038;quality=70&#038;strip=all?w=1920&amp;quality=70&amp;strip=all 1920w, https:\/\/www.infomoney.com.br\/wp-content\/uploads\/2023\/04\/boeing-embraer-arte.jpg?resize=1920%2C3355&#038;quality=70&#038;strip=all?w=172&amp;quality=70&amp;strip=all 172w, https:\/\/www.infomoney.com.br\/wp-content\/uploads\/2023\/04\/boeing-embraer-arte.jpg?resize=1920%2C3355&#038;quality=70&#038;strip=all?w=768&amp;quality=70&amp;strip=all 768w, https:\/\/www.infomoney.com.br\/wp-content\/uploads\/2023\/04\/boeing-embraer-arte.jpg?resize=1920%2C3355&#038;quality=70&#038;strip=all?w=586&amp;quality=70&amp;strip=all 586w, https:\/\/www.infomoney.com.br\/wp-content\/uploads\/2023\/04\/boeing-embraer-arte.jpg?resize=1920%2C3355&#038;quality=70&#038;strip=all?w=879&amp;quality=70&amp;strip=all 879w, https:\/\/www.infomoney.com.br\/wp-content\/uploads\/2023\/04\/boeing-embraer-arte.jpg?resize=1920%2C3355&#038;quality=70&#038;strip=all?w=1172&amp;quality=70&amp;strip=all 1172w, https:\/\/www.infomoney.com.br\/wp-content\/uploads\/2023\/04\/boeing-embraer-arte.jpg?resize=1920%2C3355&#038;quality=70&#038;strip=all?w=150&amp;quality=70&amp;strip=all 150w\" sizes=\"auto, (max-width: 1000px) 100vw, 1000px\" data-recalc-dims=\"1\" title=\"\"><figcaption id=\"caption-attachment-2112928\" class=\"wp-caption-text\">Embraer notificou extrajudicialmente a Boeing h&aacute; quase 1 ano, nos EUA, por contratar engenheiros no Brasil (Leo Albertino\/InfoMoney)<\/figcaption><\/figure>\n<\/p>\n<h2>Boeing x Embraer<\/h2>\n<p>O <strong>InfoMoney<\/strong> tem mostrado nas &uacute;ltimas semanas que, anos ap&oacute;s a Boeing desistir de comprar 80% da divis&atilde;o comercial da Embraer por US$ 4,2 bilh&otilde;es, <a href=\"https:\/\/www.infomoney.com.br\/carreira\/boeing-x-embraer-apos-rompimento-bilionario-americana-avanca-sobre-talentos-da-brasileira\/\" rel=\"nofollow noopener\" target=\"_blank\">a empresa americana tem avan&ccedil;ado sobre os talentos da brasileira &mdash; e de outras companhias com sede no Brasil &ndash;, contratando &ldquo;a elite da engenharia aeroespacial brasileira&rdquo;<\/a>, nas palavras de Roberto Gallo, presidente da Associa&ccedil;&atilde;o Brasileira das Ind&uacute;strias de Materiais de Defesa e Seguran&ccedil;a (Abimde).<\/p>\n<p>O foco tem sido engenheiros de n&iacute;vel s&ecirc;nior, principalmente das &aacute;reas de estrat&eacute;gia e avi&ocirc;nica, que t&ecirc;m anos de experi&ecirc;ncia, chefiam importantes &aacute;reas de desenvolvimento de aeronaves e acesso a informa&ccedil;&otilde;es privilegiadas de projetos com segredos industriais, como os ca&ccedil;as Gripen. A Boeing j&aacute; fez mais de 200 contrata&ccedil;&otilde;es desde o ano passado no Brasil, sendo mais de uma centena da Embraer, e no momento est&aacute; com quase 50 vagas em aberto em S&atilde;o Jos&eacute; dos Campos.<\/p>\n<p>Por causa das contrata&ccedil;&otilde;es em massa, <a href=\"https:\/\/www.infomoney.com.br\/carreira\/acao-civil-publica-quer-limitar-boeing-a-contratar-apenas-21-engenheiros-por-ano-da-embraer\/\" rel=\"nofollow noopener\" target=\"_blank\">a Boeing est&aacute; sendo alvo de uma A&ccedil;&atilde;o Civil P&uacute;blica (ACP) na Justi&ccedil;a de S&atilde;o Jos&eacute; dos Campos<\/a>, cidade de mais de 700 mil habitantes a cerca de 90 km de S&atilde;o Paulo. A ACP tenta impor uma s&eacute;rie de restri&ccedil;&otilde;es &agrave; empresa, alegando que as contrata&ccedil;&otilde;es j&aacute; feitas &mdash; e que continuam ocorrendo &mdash; amea&ccedil;am a soberania nacional.<\/p>\n<p>Ela &eacute; capitaneada pela Abimde e pela Associa&ccedil;&atilde;o das Ind&uacute;strias Aeroespaciais do Brasil (AIAB), em um processo movido em novembro pelo escrit&oacute;rio Tojal Renault Advogados. A Embraer &eacute; associada tanto &agrave; Abimde quanto &agrave; AIAB, e a Boeing diz no processo que a a&ccedil;&atilde;o judicial das associa&ccedil;&otilde;es &ldquo;mimetiza&rdquo; os principais argumentos da notifica&ccedil;&atilde;o extrajudicial da Embraer <strong>(veja mais abaixo)<\/strong>.<\/p>\n<div class=\"infomoney-related-posts\">\n<h4>Leia tamb&eacute;m<\/h4>\n<div class=\"list\">\n<div class=\"row mx-0 item\">\n<div class=\"img-container\">\n<figure><img decoding=\"async\" class=\"img-fluid img-fluid\" src=\"https:\/\/www.infomoney.com.br\/wp-content\/uploads\/2023\/03\/GettyImages-72662476.jpg?quality=70&#038;w=150&#038;%23038;h=150&#038;%23038;crop=1&#038;%23038;strip=all\" data-recalc-dims=\"1\" alt=\"\" title=\"\"><\/figure>\n<\/div>\n<div class=\"info\"><span class=\"hl-hat\">Disputa por c&eacute;rebros<\/span><span class=\"hl-title\"><a href=\"https:\/\/www.infomoney.com.br\/carreira\/boeing-x-embraer-apos-rompimento-bilionario-americana-avanca-sobre-talentos-da-brasileira\/\" rel=\"nofollow noopener\" target=\"_blank\">Boeing x Embraer: ap&oacute;s rompimento bilion&aacute;rio, americana avan&ccedil;a sobre talentos da brasileira<\/a><\/span><span class=\"hl-description\">Contrata&ccedil;&atilde;o de engenheiros que guardam &lsquo;segredos industriais&rsquo; &eacute; questionada na Justi&ccedil;a por suposta amea&ccedil;a &agrave; soberania nacional<\/span><\/div>\n<\/div>\n<div class=\"row mx-0 item\">\n<div class=\"img-container\">\n<figure><img decoding=\"async\" class=\"img-fluid img-fluid\" src=\"https:\/\/www.infomoney.com.br\/wp-content\/uploads\/2023\/03\/GettyImages-51187612.jpg?quality=70&#038;w=150&#038;%23038;h=150&#038;%23038;crop=1&#038;%23038;strip=all\" data-recalc-dims=\"1\" alt=\"\" title=\"\"><\/figure>\n<\/div>\n<div class=\"info\"><span class=\"hl-hat\">Disputa por c&eacute;rebros<\/span><span class=\"hl-title\"><a href=\"https:\/\/www.infomoney.com.br\/carreira\/acao-civil-publica-quer-limitar-boeing-a-contratar-apenas-21-engenheiros-por-ano-da-embraer\/\" rel=\"nofollow noopener\" target=\"_blank\">A&ccedil;&atilde;o Civil P&uacute;blica quer limitar Boeing a contratar apenas 21 engenheiros por ano da Embraer<\/a><\/span><span class=\"hl-description\">Empresa americana j&aacute; contratou quase 100 profissionais da brasileira desde 2022<\/span><\/div>\n<\/div>\n<\/div>\n<\/div>\n<h2>Informa&ccedil;&otilde;es confidenciais e &lsquo;sens&iacute;veis&rsquo;<\/h2>\n<p>O <strong>InfoMoney<\/strong> teve acesso tanto &agrave; notifica&ccedil;&atilde;o extrajudicial da Embraer quanto &agrave; resposta da Boeing. No primeiro documento, a vice-presidente executiva da Embraer, Fabiana Klajner Leschziner, afirma que a sua inten&ccedil;&atilde;o &eacute; &ldquo;abordar a contrata&ccedil;&atilde;o pela Boeing de v&aacute;rios engenheiros, incluindo os de n&iacute;vel s&ecirc;nior da Embraer, em um esfor&ccedil;o aparentemente projetado para se apropriar indevidamente de seus segredos de neg&oacute;cios e outras informa&ccedil;&otilde;es estritamente confidenciais&rdquo;.<\/p>\n<p>O documento cita o acordo frustrado entre as empresas e o acesso da Boeing a informa&ccedil;&otilde;es sens&iacute;veis da Embraer. &ldquo;A Embraer e a Boeing trabalharam em estreita colabora&ccedil;&atilde;o para desenhar o novo neg&oacute;cio de avia&ccedil;&atilde;o comercial da <em>joint venture<\/em> e a <em>joint venture<\/em> de defesa, e <strong>a Boeing recebeu informa&ccedil;&otilde;es altamente sens&iacute;veis, confidenciais e propriet&aacute;rias da Embraer<\/strong>&ldquo;.<\/p>\n<blockquote>\n<p>Leschziner afirma que &ldquo;essas informa&ccedil;&otilde;es inclu&iacute;am estrat&eacute;gias de neg&oacute;cios, material de avalia&ccedil;&atilde;o e a identifica&ccedil;&atilde;o de funcion&aacute;rios seniores e engenheiros&rdquo; e que a Boeing teve acesso a &ldquo;quem eram os principais engenheiros de n&iacute;vel s&ecirc;nior da Embraer&rdquo;, por isso estava &ldquo;usando indevidamente essas informa&ccedil;&otilde;es confidenciais para contratar engenheiros anteriormente empregados pela Embraer&rdquo;.<\/p>\n<\/blockquote>\n<p>A empresa americana tamb&eacute;m foi acusada de estar &ldquo;usando as informa&ccedil;&otilde;es confidenciais obtidas durante o processo para abordar e contratar reiteradamente funcion&aacute;rios da Embraer que ocupam cargos estrat&eacute;gicos de engenharia, conferindo vantagem comercial indevida &agrave; Boeing e prejudicando os neg&oacute;cios da Embraer&rdquo;. <strong>&ldquo;A Embraer exige que a Boeing cesse imediatamente e desista da abordagem ilegal, direta ou indireta, aos funcion&aacute;rios da Embraer e do uso indevido das informa&ccedil;&otilde;es confidenciais da Embraer&rdquo;<\/strong>, afirma empresa no documento.<\/p>\n<h2>Livre concorr&ecirc;ncia ou crime?<\/h2>\n<p>A Embraer cita na notifica&ccedil;&atilde;o extrajudicial o centro de pesquisa e desenvolvimento que a Boeing tem em S&atilde;o Jos&eacute; dos Campos e diz que seus engenheiros &ldquo;est&atilde;o imersos na tecnologia, na metodologia e nos segredos de neg&oacute;cios da Embraer&rdquo;. &ldquo;&Eacute; evidente que a Boeing abriu essa nova instala&ccedil;&atilde;o em S&atilde;o Jos&eacute; dos Campos a fim de atrair mais facilmente os funcion&aacute;rios da Embraer que s&atilde;o bem versados nas informa&ccedil;&otilde;es propriet&aacute;rias e confidenciais da Embraer&rdquo;.<\/p>\n<p>A empresa tamb&eacute;m rebate o argumento da livre concorr&ecirc;ncia. &ldquo;&Eacute; &oacute;bvio que a situa&ccedil;&atilde;o descrita n&atilde;o se justifica pela liberdade de concorr&ecirc;ncia estabelecida na constitui&ccedil;&atilde;o brasileira. Pelo contr&aacute;rio, a conduta da Boeing equivale &agrave; concorr&ecirc;ncia desleal e &eacute; claramente proibida pela Lei de Propriedade Industrial (Lei n&ordm; 9279\/96), mais precisamente seus artigos 195 e 209&rdquo;.<\/p>\n<p>&ldquo;Ao contratar indevidamente engenheiros atualmente e anteriormente empregados pela Embraer, a Boeing est&aacute; violando a lei e poder&aacute; ser responsabilizada por todos os danos sofridos pela Embraer,<br \/>conforme previsto nos artigos 207 e 209 da Lei n&ordm; 9279\/96&rdquo;, diz a empresa brasileira no documento. &ldquo;Al&eacute;m disso, tanto o uso indevido de informa&ccedil;&otilde;es confidenciais quanto &agrave; abordagem a funcion&aacute;rios de um concorrente <strong>podem constituir crimes nos termos do artigo 195 da Lei n&ordm; 9279\/964, pelo qual os diretores e conselheiros da Boeing poder&atilde;o ser responsabilizados<\/strong>&ldquo;.<\/p>\n<h2>Resposta da Boeing<\/h2>\n<p>A Boeing respondeu &agrave; notifica&ccedil;&atilde;o extrajudicial em 12 de maio. O vice-presidente de controv&eacute;rsias internacionais da empresa, Michael S. Paisner, afirmou &agrave; vice-presidente executiva da Embraer, Fabiana Klajner Leschziner, que &ldquo;as alega&ccedil;&otilde;es em sua carta est&atilde;o incorretas&rdquo;. &ldquo;A Boeing est&aacute; conduzindo suas atividades no Brasil em total conformidade com todas as leis aplic&aacute;veis e obriga&ccedil;&otilde;es contratuais&rdquo;.<\/p>\n<blockquote>\n<p>Sobre o centro de pesquisa e desenvolvimento em S&atilde;o Jos&eacute; dos Campos, a Boeing afirmou que &ldquo;est&aacute; presente no Brasil h&aacute; mais de noventa anos, incluindo instala&ccedil;&otilde;es de engenharia em S&atilde;o Jos&eacute; dos Campos h&aacute; uma d&eacute;cada&rdquo;. &ldquo;A lei brasileira protege o direito da Boeing de se envolver em atividades de contrata&ccedil;&atilde;o no Brasil, incluindo a contrata&ccedil;&atilde;o de funcion&aacute;rios atuais ou antigos da Embraer&rdquo;.<\/p>\n<\/blockquote>\n<div class=\"cta-middle\">\n<div class=\"im-cta\">\n<div class=\"cta-textual bg-light bg-opacity-25 border rounded-4 p-3 p-sm-4 p-md-3 p-lg-4 px-xxl-5 my-5\">\n<div class=\"d-flex flex-column align-items-center align-items-lg-start flex-lg-row\">\n<div class=\"rounded-circle mb-2 mb-lg-0 mr-lg-4 me-lg-4 p-3 p-lg-4 bg-red-500\">\t\t\t\t\t\t\t\t\t<\/div>\n<div class=\"flex-fill text-center text-lg-left\">\n<div class=\"h6 small text-orange-700 lh-base mb-1\">\t\t\t\t\t\tAula Magna Gratuita\t\t\t\t\t<\/div>\n<div class=\"text-body h4 m-0\">\t\t\t\t\t\tA melhor solu&ccedil;&atilde;o para trabalhar com investimentos e ganhar mais\t\t\t\t\t<\/div>\n<div class=\"text-body small lh-base mt-2\">\t\t\t\t\t\tCurse o melhor MBA em Investimentos do Brasil, com a possibilidade de receber 100% de cashback de todas as mensalidades. Pegue seu convite\t\t\t\t\t<\/div>\n<p>\t\t\t\t\t\t\t\t\t\t\t\t\t<a class=\"call-to-action btn btn-primary text-white text-decoration-none mt-4 d-inline-block\" href=\"https:\/\/mbathiagonigro.com.br\/MBATN0002V2\/index.html?pmp=MBA-LEX-HOME-LNK-BINF-20230410-ORG-MBATN0002-MBATN-MATERIA&#038;utm_source=SITELINK&#038;%23038;utm_campaign=MBATN0002&#038;%23038;utm_medium=BASEINFOMONEY&#038;%23038;utm_content=ORGANICO&#038;%23038;utm_term=MBA-LEX-HOME-LNK-BINF-20230410-ORG-MBATN0002-MBATN-MATERIA&#038;%23038;src=MBA-LEX-HOME-LNK-BINF-20230410-ORG-MBATN0002-MBATN-MATERIA&#038;%23038;sck=MBA-LEX-HOME-LNK-BINF-20230410-ORG-MBATN0002-MBATN-MATERIA&#038;%23038;fireglass_rsn=true%23fireglass_params&#038;%23038;tabid=a3242b92ed93f3f7&#038;%23038;start_with_session_counter=2&#038;%23038;application_server_address=xpinvestimentos-4-southamerica-east1.prod.fire.glass\" data-wa=\"cta_texto;;meio\" rel=\"nofollow noopener\" target=\"_blank\">\t\t\t\t\t\tInscreva-se\t\t\t\t\t<\/a>\t\t\t\t\t\t\t<\/div>\n<\/p><\/div>\n<\/p><\/div>\n<\/div>\n<\/div>\n<p>O vice-presidente de controv&eacute;rsias internacionais diz que &eacute; falsa a alega&ccedil;&atilde;o da Embraer de que a Boeing estaria usando &ldquo;informa&ccedil;&otilde;es confidenciais&rdquo; obtidas durante as negocia&ccedil;&otilde;es do acordo frustrado. &ldquo;Esta alega&ccedil;&atilde;o &eacute; falsa, e sua carta nem sequer tenta sustent&aacute;-la&rdquo;, afirma na resposta. &ldquo;A Boeing mant&eacute;m controles robustos para proteger informa&ccedil;&otilde;es de propriedade de terceiros, incluindo r&iacute;gidos protocolos internos para evitar que funcion&aacute;rios n&atilde;o autorizados acessem ou usem indevidamente informa&ccedil;&otilde;es propriet&aacute;rias de outras partes. Esses controles e protocolos est&atilde;o sendo aplicados com rela&ccedil;&atilde;o &agrave;s atividades da Boeing no Brasil&rdquo;.<\/p>\n<p>Paisner diz ainda que &ldquo;os esfor&ccedil;os da Embraer para dissuadir a Boeing de contratar engenheiros brasileiros em S&atilde;o Jos&eacute; dos Campos levantariam preocupa&ccedil;&otilde;es sobe os princ&iacute;pios constitucionais brasileiros de livre iniciativa e livre concorr&ecirc;ncia&rdquo;. &ldquo;A legisla&ccedil;&atilde;o brasileira garante prote&ccedil;&atilde;o contra essas interfer&ecirc;ncias contra a concorr&ecirc;ncia, o que poderia, por si s&oacute;, ensejar responsabilidade legal para a Embraer&rdquo;.<\/p>\n<p>Sobre a exig&ecirc;ncia da executiva Embraer, de que a Boeing interrompa &ldquo;imediatamente&rdquo; a contrata&ccedil;&atilde;o de funcion&aacute;rios &ldquo;e do uso indevido das informa&ccedil;&otilde;es confidenciais da Embraer&rdquo;, Paisner afirma que &ldquo;a a&ccedil;&atilde;o exigida por V.Sa. prejudicaria a mobilidade dos trabalhadores, ao impedir indevidamente o acesso de funcion&aacute;rios atuais e antigos da Embraer a oportunidades alternativas de emprego na ind&uacute;stria aeroespacial&rdquo;.&nbsp; &ldquo;Caso a Embraer inicie uma a&ccedil;&atilde;o judicial sobre essa quest&atilde;o, a Boeing defender&aacute; vigorosamente a sua conduta&rdquo;.<\/p>\n<h2>V&iacute;nculo entre a ACP e a notifica&ccedil;&atilde;o?<\/h2>\n<p>A Boeing cita a notifica&ccedil;&atilde;o extrajudicial da Embraer em suas manifesta&ccedil;&otilde;es na A&ccedil;&atilde;o Civil P&uacute;blica (ACP), que &eacute; movida pela Abimde e pela AIAB, e destaca que a empresa brasileira &eacute; associada &agrave;s duas entidades. A empresa americana&nbsp;afirma que a a&ccedil;&atilde;o &ldquo;mimetiza&rdquo; os principais argumentos da Embraer.<\/p>\n<p>A gigante americana j&aacute; se manifestou duas vezes no processo, mesmo sem ter sido intimida pelo juiz a se defender, e em ambas tentou vincul&aacute;-lo &agrave; notifica&ccedil;&atilde;o judicial. No primeiro documento, de 15 de fevereiro deste ano, a Boeing descreve pontos da notifica&ccedil;&atilde;o extrajudicial (e da sua resposta) e afirma que &ldquo;ap&oacute;s mais de 6 meses &eacute; que as autoras propuseram esta a&ccedil;&atilde;o, que mimetiza os principais argumentos da Embraer na notifica&ccedil;&atilde;o extrajudicial&rdquo;.<\/p>\n<p>Ela tamb&eacute;m usa a carta para argumentar que n&atilde;o h&aacute; urg&ecirc;ncia no pedido de an&aacute;lise da ACP. &ldquo;A demora em propor a a&ccedil;&atilde;o &mdash; mais de 6 meses &mdash; evidencia, sem margem para d&uacute;vida, estar ausente o requisito da urg&ecirc;ncia, sendo tal requisito ess&ecirc;ncia do processo cautelar&rdquo;, afirma a gigante americana (que no processo &eacute; representada pelo escrit&oacute;rio Pinheiro Neto Advogados).<\/p>\n<p>Em sua segunda manifesta&ccedil;&atilde;o, de 10 de mar&ccedil;o, a Boeing volta afirmar as mesmas alega&ccedil;&otilde;es e complementa que <strong>&ldquo;a disputa possui como origem uma disputa privada entre Embraer e Boeing Brasil&rdquo;<\/strong>.<\/p>\n<blockquote>\n<p>&ldquo;A esse respeito, desde seu in&iacute;cio e ao longo de toda a pe&ccedil;a, fica evidente que o foco da peti&ccedil;&atilde;o inicial est&aacute; na competi&ccedil;&atilde;o, por empregados, entre as duas empresas&rdquo;, afirma a Boeing no segundo documento. A empresa americana volta a dizer tamb&eacute;m que respondeu a notifica&ccedil;&atilde;o extrajudicial da brasileira, mas a Embraer &ldquo;manteve-se silente at&eacute; a propositura desta a&ccedil;&atilde;o, seis meses ap&oacute;s a notifica&ccedil;&atilde;o extrajudicial&rdquo;.<\/p>\n<\/blockquote>\n<p>&ldquo;O que se v&ecirc; &eacute; uma a&ccedil;&atilde;o ordin&aacute;ria que busca resguardar supostos interesses individuais heterog&ecirc;neos travestida de A&ccedil;&atilde;o Civil P&uacute;blica que visa proteger direitos de defesa e seguran&ccedil;a nacional&rdquo;, afirma a gigante americana. &ldquo;Assim, a Boeing Brasil demonstrar&aacute; que esta inadequada A&ccedil;&atilde;o Civil P&uacute;blica deve ser julgada improcedente pela aus&ecirc;ncia de m&eacute;rito e por objetivar um resultado impr&oacute;prio e anticompetitivo&rdquo;.<\/p>\n<h2>O que pedem as associa&ccedil;&otilde;es<\/h2>\n<p>O <strong>InfoMoney<\/strong> procurou a Boeing, a Embraer e as duas associa&ccedil;&otilde;es para se manifestar sobre as trocas de acusa&ccedil;&otilde;es (nas notifica&ccedil;&otilde;es extrajudiciais e na Justi&ccedil;a brasileira), mas todos os envolvidos preferiram n&atilde;o se manifestar publicamente.<\/p>\n<p>Na A&ccedil;&atilde;o Civil P&uacute;blica, as associa&ccedil;&otilde;es tentam impor uma s&eacute;rie de restri&ccedil;&otilde;es &agrave; Boeing, alegando que as mais de 200 contrata&ccedil;&otilde;es j&aacute; feitas (e que continuam ocorrendo) amea&ccedil;am a soberania nacional. Elas pedem, entre outras coisas, que a empresa seja impedida de contratar mais do que 0,6% dos engenheiros de cada uma das Empresas Estrat&eacute;gicas de Defesa (EED) e das Empresas de Defesa (ED) do Brasil, que atuam no desenvolvimento de Produtos Estrat&eacute;gicos de Defesa (PED), por ano.<\/p>\n<p><a href=\"https:\/\/www.infomoney.com.br\/carreira\/acao-civil-publica-quer-limitar-boeing-a-contratar-apenas-21-engenheiros-por-ano-da-embraer\/\" rel=\"nofollow noopener\" target=\"_blank\">Caso o pedido seja atendido, a Boeing seria limitada a contratar anualmente apenas 21 engenheiros da Embraer<\/a>&nbsp;&mdash; pois a empresa brasileira tem cerca de 18 mil funcion&aacute;rios atualmente, dos quais 3,5 mil s&atilde;o da engenharia &mdash; e praticamente nenhum profissional das empresas menores do polo tecnol&oacute;gico de S&atilde;o Jos&eacute; dos Campos &mdash; pois ficaria limitada a contratar profissionais apenas das empresas com mais de 167 empregados atuando na &aacute;rea.<\/p>\n<div class=\"infomoney-related-posts\">\n<h4>Leia tamb&eacute;m<\/h4>\n<div class=\"list\">\n<div class=\"row mx-0 item\">\n<div class=\"img-container\">\n<figure><img decoding=\"async\" class=\"img-fluid img-fluid\" src=\"https:\/\/www.infomoney.com.br\/wp-content\/uploads\/2023\/03\/GettyImages-51187612.jpg?quality=70&#038;w=150&#038;%23038;h=150&#038;%23038;crop=1&#038;%23038;strip=all\" data-recalc-dims=\"1\" alt=\"\" title=\"\"><\/figure>\n<\/div>\n<div class=\"info\"><span class=\"hl-hat\">Disputa por c&eacute;rebros<\/span><span class=\"hl-title\"><a href=\"https:\/\/www.infomoney.com.br\/carreira\/acao-civil-publica-quer-limitar-boeing-a-contratar-apenas-21-engenheiros-por-ano-da-embraer\/\" rel=\"nofollow noopener\" target=\"_blank\">A&ccedil;&atilde;o Civil P&uacute;blica quer limitar Boeing a contratar apenas 21 engenheiros por ano da Embraer<\/a><\/span><span class=\"hl-description\">Empresa americana j&aacute; contratou quase 100 profissionais da brasileira desde 2022<\/span><\/div>\n<\/div>\n<\/div>\n<\/div>\n<p>A gigante americana diz em suas manifesta&ccedil;&otilde;es que a Abimde e a AIAB &ldquo;n&atilde;o possuem legitimidade ativa para propor uma A&ccedil;&atilde;o Civil P&uacute;blica&rdquo; e querem impedir a empresa de &ldquo;exercer seu direito constitucional de livre contrata&ccedil;&atilde;o de funcion&aacute;rios&rdquo;. Diz tamb&eacute;m que &ldquo;as associa&ccedil;&otilde;es n&atilde;o fornecem qualquer base legal para as medidas extremas pleiteadas&rdquo; e que o processo deve ser extinto.<\/p>\n<p>A Boeing chama o limite de 0,6% de contrata&ccedil;&atilde;o de &ldquo;n&uacute;mero irris&oacute;rio e arbitr&aacute;rio&rdquo; e diz que &ldquo;n&atilde;o pode ser impedida de oferecer bons sal&aacute;rios e boas posi&ccedil;&otilde;es aos trabalhadores no Brasil&rdquo;. Diz tamb&eacute;m que &ldquo;engenheiros brasileiros s&atilde;o livres para trabalhar na empresa que ofertar melhores condi&ccedil;&otilde;es de trabalho, especialmente em um mercado altamente especializado&rdquo;, e que proibi-la de contratar engenheiros &ldquo;seria abusivo e desproporcional&rdquo;.<\/p>\n<p>&ldquo;N&atilde;o h&aacute; nos autos qualquer elemento de prova e sequer se esfor&ccedil;am as autoras a indicarem quais segredos industriais da Embraer teriam sido indevidamente apropriados&rdquo;, afirma a empresa americana. &ldquo;Al&eacute;m de saltar aos olhos o uso de uma A&ccedil;&atilde;o Civil P&uacute;blica para defesa de interesses individuais da Embraer, a aus&ecirc;ncia de informa&ccedil;&otilde;es m&iacute;nimas sobre quais seriam as supostas informa&ccedil;&otilde;es confidenciais estrat&eacute;gicas evidencia n&atilde;o haver qualquer probabilidade de viola&ccedil;&atilde;o do pretenso direito&rdquo;.<\/p>\n<h2>Acordo bilion&aacute;rio frustrado<\/h2>\n<p>A &ldquo;disputa por c&eacute;rebros&rdquo; entre a Boeing e a Embraer no interior de S&atilde;o Paulo ocorre anos ap&oacute;s a gigante americana desistir de comprar a divis&atilde;o comercial da brasileira, em um neg&oacute;cio de US$ 5,2 bilh&otilde;es. As duas empresas formariam uma joint venture, e a Boeing pagaria US$ 4,2 bilh&otilde;es &agrave; Embraer por 80% da nova empresa (os outros 20% continuariam com a multinacional brasileira).<\/p>\n<p>O neg&oacute;cio foi divulgado pela primeira vez em 2017 e evoluiu para um acordo formal em 2019, mas em abril de 2020, depois de mais de dois anos de negocia&ccedil;&atilde;o e adapta&ccedil;&otilde;es (a Embraer chegou a segregar toda a sua divis&atilde;o comercial do restante da companhia), a Boeing anunciou a desist&ecirc;ncia do neg&oacute;cio.<\/p>\n<p>Na ocasi&atilde;o, o mundo vivia a incerteza do in&iacute;cio da pandemia de Covid-19 e a Boeing enfrentava uma s&eacute;rie de graves problemas com o 737-Max. Dois avi&otilde;es do modelo ca&iacute;ram em um intervalo de cinco meses, matando 346 pessoas, o que fez com que governos proibissem o 737-Max de voar e companhias a&eacute;reas de todo mundo fossem obrigadas a permanecer com suas aeronaves em solo.<\/p>\n<p>Ao anunciar a desist&ecirc;ncia, a Boeing afirmou que a Embraer n&atilde;o tinha cumprido o contrato. A empresa brasileira negou e disse que a Boeing rescindiu &ldquo;indevidamente&rdquo; o acordo, &ldquo;fabricando falsas alega&ccedil;&otilde;es&rdquo;, e que a americana vinha adotando &ldquo;um padr&atilde;o sistem&aacute;tico de atraso e viola&ccedil;&otilde;es repetidas ao MTA (acordo), pela falta de vontade em concluir a transa&ccedil;&atilde;o, pela sua condi&ccedil;&atilde;o financeira, por conta dos problemas com o 737-Max e por outros problemas comerciais e de reputa&ccedil;&atilde;o&rdquo;.<\/p>\n<p>As duas empresas est&atilde;o em um processo de arbitragem que j&aacute; se arrasta por quase tr&ecirc;s anos, para definir quem est&aacute; com a raz&atilde;o (e se uma companhia deve indenizar a outra pelo fim do acordo).<\/p>\n<p>Em seus balan&ccedil;os financeiros, a Embraer diz que &ldquo;n&atilde;o h&aacute; garantias com rela&ccedil;&atilde;o ao tempo ou resultado dos procedimentos arbitrais ou qualquer repara&ccedil;&atilde;o que a Embraer possa receber ou perda que a Embraer possa sofrer como resultado ou com rela&ccedil;&atilde;o a tais procedimentos arbitrais&rdquo;. J&aacute; a Boeing afirma que &ldquo;a disputa est&aacute; atualmente em arbitragem&rdquo;, que n&atilde;o pode &ldquo;estimar razoavelmente uma faixa de perda, se houver&rdquo;, e que espera que o processo seja conclu&iacute;do &ldquo;no final de 2023 ou in&iacute;cio de 2024&rdquo;.<\/p>\n<\/p>\n<p>The post <a rel=\"nofollow noopener\" href=\"https:\/\/www.infomoney.com.br\/carreira\/embraer-notificou-boeing-ha-quase-1-ano-nos-eua-por-contratacao-de-engenheiros-no-brasil\/\" target=\"_blank\">Embraer notificou Boeing h\u00e1 quase 1 ano nos EUA por contrata\u00e7\u00e3o de engenheiros no Brasil<\/a> appeared first on <a rel=\"nofollow noopener\" href=\"https:\/\/www.infomoney.com.br\/\" target=\"_blank\">InfoMoney<\/a>.<\/p>\n","protected":false},"excerpt":{"rendered":"<p><img loading=\"lazy\" decoding=\"async\" width=\"300\" height=\"187\" src=\"https:\/\/www.infomoney.com.br\/wp-content\/uploads\/2023\/04\/boeing-embraer-thumb.jpg?fit=300%2C187&amp;quality=70&amp;strip=all\" class=\"attachment-medium size-medium wp-post-image\" alt=\"\" data-attachment-id=\"2112929\" data-permalink=\"https:\/\/www.infomoney.com.br\/carreira\/embraer-notificou-boeing-ha-quase-1-ano-nos-eua-por-contratacao-de-engenheiros-no-brasil\/attachment\/boeing-embraer-thumb\/\" data-orig-file=\"https:\/\/www.infomoney.com.br\/wp-content\/uploads\/2023\/04\/boeing-embraer-thumb.jpg?fit=1920%2C1195&amp;quality=70&amp;strip=all\" data-orig-size=\"1920,1195\" data-comments-opened=\"0\" data-image-meta='{\"aperture\":\"0\",\"credit\":\"\",\"camera\":\"\",\"caption\":\"\",\"created_timestamp\":\"0\",\"copyright\":\"\",\"focal_length\":\"0\",\"iso\":\"0\",\"shutter_speed\":\"0\",\"title\":\"\",\"orientation\":\"0\"}' data-image-title=\"Boeing x Embraer (thumb)\" data-image-description=\"\" data-image-caption=\"&lt;p&gt;Embraer notificou extrajudicialmente a Boeing h\u00e1 quase 1 ano, nos Estados Unidos, por contratar engenheiros no Brasil (Leo Albertino\/InfoMoney)&lt;\/p&gt;\n\" data-medium-file=\"https:\/\/www.infomoney.com.br\/wp-content\/uploads\/2023\/04\/boeing-embraer-thumb.jpg?fit=300%2C187&amp;quality=70&amp;strip=all\" data-large-file=\"https:\/\/www.infomoney.com.br\/wp-content\/uploads\/2023\/04\/boeing-embraer-thumb.jpg?fit=1280%2C797&amp;quality=70&amp;strip=all\">Empresa brasileira acusa a americana de &#8216;se apropriar indevidamente de seus segredos de neg\u00f3cios e outras informa\u00e7\u00f5es confidenciais&#8217;; Boeing nega<\/p>\n<p>The post <a rel=\"nofollow\" href=\"https:\/\/www.infomoney.com.br\/carreira\/embraer-notificou-boeing-ha-quase-1-ano-nos-eua-por-contratacao-de-engenheiros-no-brasil\/\">Embraer notificou Boeing h\u00e1 quase 1 ano nos EUA por contrata\u00e7\u00e3o de engenheiros no Brasil<\/a> appeared first on <a rel=\"nofollow\" href=\"https:\/\/www.infomoney.com.br\/\">InfoMoney<\/a>.<\/p>\n","protected":false},"author":53,"featured_media":0,"comment_status":"closed","ping_status":"closed","sticky":false,"template":"","format":"standard","meta":{"advgb_blocks_editor_width":"","advgb_blocks_columns_visual_guide":"","footnotes":""},"categories":[1509,1510,115,1387,1511,1512,34,127,120,47],"tags":[35],"class_list":["post-13416","post","type-post","status-publish","format-standard","hentry","category-aviacao","category-boeing","category-brasil","category-carreira","category-embraer","category-engenheiro","category-g1","category-mercados","category-negocios","category-politica","tag-g1"],"author_meta":{"display_name":"Lucas Sampaio","author_link":"https:\/\/sindaopcpb.org.br\/author\/lucas-sampaio\/"},"featured_img":null,"coauthors":[],"tax_additional":{"categories":{"linked":["<a href=\"https:\/\/sindaopcpb.org.br\/aviacao\/\" class=\"advgb-post-tax-term\">Avia\u00e7\u00e3o<\/a>","<a href=\"https:\/\/sindaopcpb.org.br\/boeing\/\" class=\"advgb-post-tax-term\">Boeing<\/a>","<a href=\"https:\/\/sindaopcpb.org.br\/brasil\/\" class=\"advgb-post-tax-term\">Brasil<\/a>","<a href=\"https:\/\/sindaopcpb.org.br\/carreira\/\" class=\"advgb-post-tax-term\">Carreira<\/a>","<a href=\"https:\/\/sindaopcpb.org.br\/embraer\/\" class=\"advgb-post-tax-term\">Embraer<\/a>","<a href=\"https:\/\/sindaopcpb.org.br\/engenheiro\/\" class=\"advgb-post-tax-term\">Engenheiro<\/a>","<a href=\"https:\/\/sindaopcpb.org.br\/g1\/\" class=\"advgb-post-tax-term\">G1<\/a>","<a href=\"https:\/\/sindaopcpb.org.br\/mercados\/\" class=\"advgb-post-tax-term\">Mercados<\/a>","<a href=\"https:\/\/sindaopcpb.org.br\/negocios\/\" class=\"advgb-post-tax-term\">Neg\u00f3cios<\/a>","<a href=\"https:\/\/sindaopcpb.org.br\/politica\/\" class=\"advgb-post-tax-term\">POLITICA<\/a>"],"unlinked":["<span class=\"advgb-post-tax-term\">Avia\u00e7\u00e3o<\/span>","<span class=\"advgb-post-tax-term\">Boeing<\/span>","<span class=\"advgb-post-tax-term\">Brasil<\/span>","<span class=\"advgb-post-tax-term\">Carreira<\/span>","<span class=\"advgb-post-tax-term\">Embraer<\/span>","<span class=\"advgb-post-tax-term\">Engenheiro<\/span>","<span class=\"advgb-post-tax-term\">G1<\/span>","<span class=\"advgb-post-tax-term\">Mercados<\/span>","<span class=\"advgb-post-tax-term\">Neg\u00f3cios<\/span>","<span class=\"advgb-post-tax-term\">POLITICA<\/span>"]},"tags":{"linked":["<a href=\"https:\/\/sindaopcpb.org.br\/politica\/\" class=\"advgb-post-tax-term\">g1<\/a>"],"unlinked":["<span class=\"advgb-post-tax-term\">g1<\/span>"]}},"comment_count":"0","relative_dates":{"created":"Publicado 3 anos atr\u00e1s","modified":"Atualizado 3 anos atr\u00e1s"},"absolute_dates":{"created":"Publicado em 24 de abril de 2023","modified":"Atualizado em 24 de abril de 2023"},"absolute_dates_time":{"created":"Publicado em 24 de abril de 2023 12:23","modified":"Atualizado em 24 de abril de 2023 12:23"},"featured_img_caption":"","series_order":"","_links":{"self":[{"href":"https:\/\/sindaopcpb.org.br\/index.php\/wp-json\/wp\/v2\/posts\/13416","targetHints":{"allow":["GET"]}}],"collection":[{"href":"https:\/\/sindaopcpb.org.br\/index.php\/wp-json\/wp\/v2\/posts"}],"about":[{"href":"https:\/\/sindaopcpb.org.br\/index.php\/wp-json\/wp\/v2\/types\/post"}],"author":[{"embeddable":true,"href":"https:\/\/sindaopcpb.org.br\/index.php\/wp-json\/wp\/v2\/users\/53"}],"replies":[{"embeddable":true,"href":"https:\/\/sindaopcpb.org.br\/index.php\/wp-json\/wp\/v2\/comments?post=13416"}],"version-history":[{"count":2,"href":"https:\/\/sindaopcpb.org.br\/index.php\/wp-json\/wp\/v2\/posts\/13416\/revisions"}],"predecessor-version":[{"id":13454,"href":"https:\/\/sindaopcpb.org.br\/index.php\/wp-json\/wp\/v2\/posts\/13416\/revisions\/13454"}],"wp:attachment":[{"href":"https:\/\/sindaopcpb.org.br\/index.php\/wp-json\/wp\/v2\/media?parent=13416"}],"wp:term":[{"taxonomy":"category","embeddable":true,"href":"https:\/\/sindaopcpb.org.br\/index.php\/wp-json\/wp\/v2\/categories?post=13416"},{"taxonomy":"post_tag","embeddable":true,"href":"https:\/\/sindaopcpb.org.br\/index.php\/wp-json\/wp\/v2\/tags?post=13416"}],"curies":[{"name":"wp","href":"https:\/\/api.w.org\/{rel}","templated":true}]}}