{"id":13318,"date":"2023-04-23T17:19:27","date_gmt":"2023-04-23T20:19:27","guid":{"rendered":"https:\/\/g1.globo.com\/pb\/paraiba\/noticia\/2023\/04\/23\/joao-pessoa-vacina-contra-a-covid-19-e-contra-outras-doencas-nesta-segunda-feira-24.ghtml"},"modified":"2023-04-23T17:19:27","modified_gmt":"2023-04-23T20:19:27","slug":"joao-pessoa-vacina-contra-a-covid-19-e-contra-outras-doencas-nesta-segunda-feira-24","status":"publish","type":"post","link":"https:\/\/sindaopcpb.org.br\/index.php\/2023\/04\/23\/joao-pessoa-vacina-contra-a-covid-19-e-contra-outras-doencas-nesta-segunda-feira-24\/","title":{"rendered":"Jo\u00e3o Pessoa vacina contra a Covid-19 e contra outras doen\u00e7as nesta segunda-feira (24)"},"content":{"rendered":"   <img src=\"https:\/\/s2.glbimg.com\/69IPZMeR1anjo1DatIt6uYsXfe0=\/i.s3.glbimg.com\/v1\/AUTH_59edd422c0c84a879bd37670ae4f538a\/internal_photos\/bs\/2022\/b\/S\/JR6tG6Sb64Jrj87NFBgA\/vacinacao-em-joao-pessoa.jpg\" \/><br \/>     Doses est\u00e3o dispon\u00edveis em todas as salas de vacina da rede municipal de sa\u00fade. Campanha de vacina\u00e7\u00e3o contra Covid-19 sem agendamento em Jo\u00e3o Pessoa.\nKleide Teixeira\nJo\u00e3o Pessoa segue nesta segunda-feira (24) a vacinar a popula\u00e7\u00e3o local com diferentes tipos de imuniza\u00e7\u00e3o. Est\u00e3o dispon\u00edveis todos os imunizantes listados no Programa Nacional de Imuniza\u00e7\u00e3o (PNI), al\u00e9m dos de Influenza e Covid-19. As doses est\u00e3o dispon\u00edveis em todas as salas de vacina da rede municipal de sa\u00fade e no ponto m\u00f3vel criado estrategicamente no Mangabeira Shopping.\nA Pfizer Bivalente segue sendo ofertada apenas para pessoas que fazem parte dos grupos priorit\u00e1rios, que s\u00e3o pessoas imunocomprometidas, com comorbidades e pessoas com defici\u00eancia permanente acima de 12 anos de idade, idosos acima de 60 anos de idade, gestantes, pu\u00e9rperas (mulheres at\u00e9 45 dias ap\u00f3s o parto), comunidades quilombolas e trabalhadores de sa\u00fade.\nPara tomar o imunizante da Pfizer bivalente \u00e9 necess\u00e1rio que o usu\u00e1rio elencado tenha recebido ao menos duas doses de vacinas monovalentes como esquema prim\u00e1rio. O intervalo para doses de refor\u00e7o com vacinas bivalentes \u00e9 a partir de 4 meses da \u00faltima dose de refor\u00e7o monovalente ou \u00faltima dose do esquema prim\u00e1rio.\nInfluenza\nA vacina\u00e7\u00e3o com Influenza tem como objetivo reduzir as complica\u00e7\u00f5es, as interna\u00e7\u00f5es e a mortalidades decorrentes das infec\u00e7\u00f5es pelo v\u00edrus na popula\u00e7\u00e3o-alvo da campanha. O imunizante usado \u00e9 trivalente e apresenta tr\u00eas tipos de cepas.\nO Minist\u00e9rio da Sa\u00fade (MS) recomenda que as vacinas contra a Covid-19 podem ser administradas simultaneamente com os imunizantes do calend\u00e1rio vacinal ou em qualquer intervalo na faixa et\u00e1ria de seis meses de idade ou mais.\nGrupo priorit\u00e1rio\nCrian\u00e7as de 6 meses a menores de 6 anos de idade, trabalhadores da sa\u00fade, gestantes, pu\u00e9rperas, professores do ensino b\u00e1sico e superior, povos ind\u00edgenas, idosos com idade superior a 60 anos de idade, profissionais das For\u00e7as de Seguran\u00e7a e Salvamento, profissionais das For\u00e7as Armadas, pessoas com doen\u00e7as cr\u00f4nicas n\u00e3o transmiss\u00edveis e outras condi\u00e7\u00f5es cl\u00ednicas especiais, pessoas com defici\u00eancia permanente, trabalhadores de transporte coletivo rodovi\u00e1rio urbano e de longo curso, trabalhadores portu\u00e1rios, funcion\u00e1rios do sistema de priva\u00e7\u00e3o de liberdade, popula\u00e7\u00e3o privada de liberdade com mais de 18 anos de idade e adolescentes e jovens em medidas socioeducativas.\nDocumenta\u00e7\u00e3o\nNo momento da vacina\u00e7\u00e3o \u00e9 necess\u00e1rio apresentar um documento oficial e cart\u00e3o de vacina, que comprove outras doses dos imunizantes que previnem contra Covid-19, e Cart\u00e3o do SUS. No caso de pessoas imunocomprometidas, com defici\u00eancia e comorbidades, h\u00e1 a necessidade de apresenta\u00e7\u00e3o da c\u00f3pia do laudo ou declara\u00e7\u00e3o m\u00e9dica que ficar\u00e1 retida no local.\nJ\u00e1 os trabalhadores de sa\u00fade precisam apresentar c\u00f3pia de documento que comprove v\u00ednculo ativo de trabalho \u2013 carteira do conselho profissional ou contracheque, que tamb\u00e9m deve ficar retida no local. No caso de estudantes que estagiam em servi\u00e7o de sa\u00fade, devem apresentar declara\u00e7\u00e3o da institui\u00e7\u00e3o de ensino e do servi\u00e7o onde atuam.\nVacina\u00e7\u00e3o contra a Covid-19 e outras doen\u00e7as em Jo\u00e3o Pessoa nesta segunda-feira (24)\nCrian\u00e7as a partir dos seis meses a 2 anos (sem agendamento)\n1\u00aa dose: Pfizer-BioNTech baby\n2\u00aa dose: Pfizer-BioNTech baby (28 dias)\nSalas de vacinas nas USFs*\u2013 7h \u00e0s 11h e das 12h \u00e0s 16h\nPolicl\u00ednicas Municipais \u2013 8h \u00e0s 16h\nCentro Municipal de Imuniza\u00e7\u00e3o \u2013 8h \u00e0s 16h\nMangabeira Shopping \u2013 13h \u00e0s 22h \u2013 (apenas acesso pedestre)\nCrian\u00e7as de 3 e 4 anos (sem agendamento)\n1\u00aa dose: Pfizer-BioNTech baby\n2\u00aa dose: Pfizer-BioNTech baby (28 dias)\n3\u00aa dose: Pfizer-BioNTech baby (60 dias)\nSalas de vacinas nas USFs*\u2013 7h \u00e0s 11h e das 12h \u00e0s 16h\nPolicl\u00ednicas Municipais \u2013 8h \u00e0s 16h\nCentro Municipal de Imuniza\u00e7\u00e3o \u2013 8h \u00e0s 16h\nMangabeira Shopping \u2013 13h \u00e0s 22h \u2013 (apenas acesso pedestre)\nCrian\u00e7as a partir dos 5 a 11 anos (sem agendamento)\n1\u00aa dose: Pfizer pedi\u00e1trica\n2\u00aa dose: Pfizer pedi\u00e1trica (56 dias)\n3\u00aa dose: Pfizer pedi\u00e1trica (120 dias)\nSalas de vacinas nas USFs*\u2013 7h \u00e0s 11h e das 12h \u00e0s 16h\nPolicl\u00ednicas Municipais \u2013 8h \u00e0s 16h\nCentro Municipal de Imuniza\u00e7\u00e3o \u2013 8h \u00e0s 16h\nMangabeira Shopping \u2013 13h \u00e0s 22h \u2013 (apenas acesso pedestre)\nA partir de 12 anos (sem agendamento)\n1\u00aa dose: 12+\n2\u00aa dose: Janssen, Astrazeneca (60 dias) e Pfizer (60 dias)\n3\u00aa dose: 12+ (ap\u00f3s 120 dias da 2\u00aa dose); imunossuprimidos (ap\u00f3s 28 dias da 2\u00aa dose); e trabalhadores de sa\u00fade (ap\u00f3s 120 dias da 2\u00aa dose)\n4\u00aa dose: 30+ (ap\u00f3s 120 dias da 3\u00aa dose); trabalhadores de sa\u00fade (ap\u00f3s 120 dias da 2\u00aa dose); imunossuprimidos (ap\u00f3s 120 dias da 3\u00aa dose)\nSalas de vacinas nas USFs*\u2013 7h \u00e0s 11h e das 12h \u00e0s 16h\nCentro Municipal de Imuniza\u00e7\u00e3o \u2013 8h \u00e0s 16h\nMangabeira Shopping (pedestres e drive-thru) \u2013 13h \u00e0s 22h\nIdosos acima 60 anos, pessoas com defici\u00eancia, imunocomprometidas e comorbidades acima de 12 anos, gestantes e pu\u00e9rperas e trabalhadores da sa\u00fade (sem agendamento)\n1\u00aa dose: Dose \u00fanica \u2013 Imunizante Pfizer Bivalente\nMangabeira Shopping \u2013 13h \u00e0s 22h \u2013 drive e pedestre\nPolicl\u00ednicas Municipais \u2013 8h \u00e0s 16h\nCentro Municipal de Imuniza\u00e7\u00e3o \u2013 8h \u00e0s 16h\nUnidades de Sa\u00fade da Fam\u00edlia \u2013 8h \u00e0s 11h e das 12h \u00e0s 16h\nUSF Integrada Cruz das Armas I \nUSF Integrada Cruz das Armas II\nUSF Integrada Verde e Vida \nUSF Integrada Sa\u00fade e Vida\nUSF Integrada Costa e Silva \nUSF Integrado Bairro das Ind\u00fastrias I e II\nUSF Grot\u00e3o\nUSF Colinas do Sul\nUSF Integrando Vidas\nUSF Integrada Geisel\nUSF Unindo Vidas\nUSF Qualidade de Vida\nUSF Integrada Jos\u00e9 Am\u00e9rico \nUSF Integrada Cidade Verde\nUSF Integrada Mangabeira \nUSF Integrada Nova Esperan\u00e7a \nUSF Integrada Ipiranga \nUSF Integrada Rosa de F\u00e1tima\nUSF Alto do c\u00e9u integrado \nUSF Viver Bem \nUSF Ilha do Bispo \nUSF Matinha I\nUSF Roger integrado \nUSF Varadouro \nBessa\nS\u00e3o Jos\u00e9 \nSanta Clara \nAltiplano \nBanc\u00e1rios \nCidade Recreio\n*Exce\u00e7\u00e3o das USFs: Ilha do Bispo, Alto do C\u00e9u II, Mandacaru VIII, Jar-dim Planalto, Rosa de F\u00e1tima, Cruz das Armas IV, Jardim Sa\u00fade e Vieira Diniz.\nV\u00eddeos mais assistidos da Para\u00edba  ","protected":false},"excerpt":{"rendered":"<p>        Doses est\u00e3o dispon\u00edveis em todas as salas de vacina da rede municipal de sa\u00fade. Campanha de vacina\u00e7\u00e3o contra Covid-19 sem agendamento em Jo\u00e3o Pessoa.<br \/>\nKleide Teixeira<br \/>\nJo\u00e3o Pessoa segue nesta segunda-feira (24) a vacinar a popula\u00e7\u00e3o local com dif&#8230;<\/p>\n","protected":false},"author":2,"featured_media":0,"comment_status":"closed","ping_status":"closed","sticky":false,"template":"","format":"standard","meta":{"advgb_blocks_editor_width":"","advgb_blocks_columns_visual_guide":"","footnotes":""},"categories":[34],"tags":[35],"class_list":["post-13318","post","type-post","status-publish","format-standard","hentry","category-g1","tag-g1"],"author_meta":{"display_name":"g1 &gt; Para\u00edba","author_link":"https:\/\/sindaopcpb.org.br\/author\/g1-paraiba\/"},"featured_img":null,"coauthors":[],"tax_additional":{"categories":{"linked":["<a href=\"https:\/\/sindaopcpb.org.br\/g1\/\" class=\"advgb-post-tax-term\">G1<\/a>"],"unlinked":["<span class=\"advgb-post-tax-term\">G1<\/span>"]},"tags":{"linked":["<a href=\"https:\/\/sindaopcpb.org.br\/g1\/\" class=\"advgb-post-tax-term\">g1<\/a>"],"unlinked":["<span class=\"advgb-post-tax-term\">g1<\/span>"]}},"comment_count":"0","relative_dates":{"created":"Publicado 3 anos atr\u00e1s","modified":"Atualizado 3 anos atr\u00e1s"},"absolute_dates":{"created":"Publicado em 23 de abril de 2023","modified":"Atualizado em 23 de abril de 2023"},"absolute_dates_time":{"created":"Publicado em 23 de abril de 2023 17:19","modified":"Atualizado em 23 de abril de 2023 17:19"},"featured_img_caption":"","series_order":"","_links":{"self":[{"href":"https:\/\/sindaopcpb.org.br\/index.php\/wp-json\/wp\/v2\/posts\/13318","targetHints":{"allow":["GET"]}}],"collection":[{"href":"https:\/\/sindaopcpb.org.br\/index.php\/wp-json\/wp\/v2\/posts"}],"about":[{"href":"https:\/\/sindaopcpb.org.br\/index.php\/wp-json\/wp\/v2\/types\/post"}],"author":[{"embeddable":true,"href":"https:\/\/sindaopcpb.org.br\/index.php\/wp-json\/wp\/v2\/users\/2"}],"replies":[{"embeddable":true,"href":"https:\/\/sindaopcpb.org.br\/index.php\/wp-json\/wp\/v2\/comments?post=13318"}],"version-history":[{"count":1,"href":"https:\/\/sindaopcpb.org.br\/index.php\/wp-json\/wp\/v2\/posts\/13318\/revisions"}],"predecessor-version":[{"id":13319,"href":"https:\/\/sindaopcpb.org.br\/index.php\/wp-json\/wp\/v2\/posts\/13318\/revisions\/13319"}],"wp:attachment":[{"href":"https:\/\/sindaopcpb.org.br\/index.php\/wp-json\/wp\/v2\/media?parent=13318"}],"wp:term":[{"taxonomy":"category","embeddable":true,"href":"https:\/\/sindaopcpb.org.br\/index.php\/wp-json\/wp\/v2\/categories?post=13318"},{"taxonomy":"post_tag","embeddable":true,"href":"https:\/\/sindaopcpb.org.br\/index.php\/wp-json\/wp\/v2\/tags?post=13318"}],"curies":[{"name":"wp","href":"https:\/\/api.w.org\/{rel}","templated":true}]}}