{"id":13190,"date":"2023-04-22T10:50:16","date_gmt":"2023-04-22T13:50:16","guid":{"rendered":"https:\/\/www.infomoney.com.br\/?p=2114421"},"modified":"2023-04-22T10:50:16","modified_gmt":"2023-04-22T13:50:16","slug":"em-portugual-lula-condena-a-violencia-na-ucrania-e-defende-solucao-politica-e-negociada-para-a-guerra","status":"publish","type":"post","link":"https:\/\/sindaopcpb.org.br\/index.php\/2023\/04\/22\/em-portugual-lula-condena-a-violencia-na-ucrania-e-defende-solucao-politica-e-negociada-para-a-guerra\/","title":{"rendered":"Em Portugual, Lula condena a viol\u00eancia na Ucr\u00e2nia e defende \u201csolu\u00e7\u00e3o pol\u00edtica e negociada\u201d para a guerra"},"content":{"rendered":"<p><img loading=\"lazy\" width=\"300\" height=\"184\" src=\"https:\/\/www.infomoney.com.br\/wp-content\/uploads\/2021\/03\/Lula-na-TVT.png?fit=300%2C184&amp;quality=70&amp;strip=all\" class=\"attachment-medium size-medium wp-post-image\" alt=\"\" decoding=\"async\" style=\"float:right; margin:0 0 10px 10px;\" srcset=\"https:\/\/www.infomoney.com.br\/wp-content\/uploads\/2021\/03\/Lula-na-TVT.png?w=769&amp;quality=70&amp;strip=all 769w, https:\/\/www.infomoney.com.br\/wp-content\/uploads\/2021\/03\/Lula-na-TVT.png?w=300&amp;quality=70&amp;strip=all 300w, https:\/\/www.infomoney.com.br\/wp-content\/uploads\/2021\/03\/Lula-na-TVT.png?w=150&amp;quality=70&amp;strip=all 150w\" sizes=\"auto, (max-width: 300px) 100vw, 300px\" data-attachment-id=\"1607808\" data-permalink=\"https:\/\/www.infomoney.com.br\/politica\/lula-diz-que-presidente-nao-e-eleito-para-falar-bobagem-e-faz-criticas-a-privatizacoes\/attachment\/lula-na-tvt\/\" data-orig-file=\"https:\/\/www.infomoney.com.br\/wp-content\/uploads\/2021\/03\/Lula-na-TVT.png?fit=769%2C472&amp;quality=70&amp;strip=all\" data-orig-size=\"769,472\" data-comments-opened=\"1\" data-image-meta=\"{&quot;aperture&quot;:&quot;0&quot;,&quot;credit&quot;:&quot;&quot;,&quot;camera&quot;:&quot;&quot;,&quot;caption&quot;:&quot;&quot;,&quot;created_timestamp&quot;:&quot;0&quot;,&quot;copyright&quot;:&quot;&quot;,&quot;focal_length&quot;:&quot;0&quot;,&quot;iso&quot;:&quot;0&quot;,&quot;shutter_speed&quot;:&quot;0&quot;,&quot;title&quot;:&quot;&quot;,&quot;orientation&quot;:&quot;0&quot;}\" data-image-title=\"Lula na TVT\" data-image-description=\"\" data-image-caption=\"&lt;p&gt;O ex-presidente Lula em pronunciamento no sindicato dos Metal\u00fargicos (cr\u00e9dito: Reprodu\u00e7\u00e3o YouTube)&lt;\/p&gt;\n\" data-medium-file=\"https:\/\/www.infomoney.com.br\/wp-content\/uploads\/2021\/03\/Lula-na-TVT.png?fit=300%2C184&amp;quality=70&amp;strip=all\" data-large-file=\"https:\/\/www.infomoney.com.br\/wp-content\/uploads\/2021\/03\/Lula-na-TVT.png?fit=769%2C472&amp;quality=70&amp;strip=all\" title=\"\"><\/p>\n<p>Em Portugal, neste s\u00e1bado (22), o presidente Luiz In\u00e1cio Lula da Silva afirmou que &#8220;condena&#8221; a viol\u00eancia na Ucr\u00e2ncia e defendeu uma &#8220;solu\u00e7\u00e3o pol\u00edtica e negociada&#8221; para a Guerra que j\u00e1 dura mais de um ano no leste europeu. A declara\u00e7\u00e3o foi dada ap\u00f3s reuni\u00e3o com o presidente portugu\u00eas, Marcelo Rebelo, em Lisboa.<\/p>\n<div id=\"chunk-92la\">\n<div class=\"mc-column content-text active-extra-styles \">\n<p class=\"content-text__container \" data-track-category=\"Link no Texto\" data-track-links=\"\">&#8220;O meu governo condena a viola\u00e7\u00e3o \u00e0 integridade territorial da Ucr\u00e2nia. Defendemos uma solu\u00e7\u00e3o pol\u00edtica e negociada para o conflito. Precisamos criar um grupo de pa\u00edses que se sentem a mesa tanto com a Ucr\u00e2nia como com a R\u00fassia para encontrar a paz&#8221;, afirmou.<\/p>\n<p data-track-category=\"Link no Texto\" data-track-links=\"\">Depois de colocar o <a href=\"https:\/\/www.infomoney.com.br\/economia\/casa-branca-critica-duramente-falas-de-lula-sobre-a-ucrania\/\" rel=\"nofollow noopener\" target=\"_blank\">governo ucraniano como um dos respons\u00e1veis pela guerra<\/a> na Ucr\u00e2nia, o presidente brasileiro mudou o tom e ressaltou que nunca igualou a responsabilidade de Ucr\u00e2nia e R\u00fassia ao falar do conflito.\u00a0Ele acrescentou que n\u00e3o vai visitar a R\u00fassia e nem a Ucr\u00e2nia.<\/p>\n<\/div>\n<\/div>\n<div id=\"chunk-e67c8\">\n<div class=\"mc-column content-text active-extra-styles \">\n<p class=\"content-text__container \" data-track-category=\"Link no Texto\" data-track-links=\"\">Rebelo, por sua vez, disse que Portugal condena a invas\u00e3o russa e prestou solidariedade ao povo ucraniano. Na vis\u00e3o dele, h\u00e1 uma viola\u00e7\u00e3o de princ\u00edpios internacionais e da carta das Na\u00e7\u00f5es Unidas por parte da R\u00fassia.<\/p>\n<p class=\"content-text__container \" data-track-category=\"Link no Texto\" data-track-links=\"\">Portugual faz parte da Otan (Organiza\u00e7\u00e3o do Tratado do Atl\u00e2ntico Norte), que vem colaborando com a Ucr\u00e2nia durante o conflito com a R\u00fassia.<\/p>\n<h2 data-track-category=\"Link no Texto\">Influ\u00eancia da Uni\u00e3o Europeia<\/h2>\n<\/div>\n<\/div>\n<p>Lula tamb\u00e9m voltou a dizer que &#8220;quem n\u00e3o fala em paz contribui para a guerra&#8221;. Ele foi questionado por uma jornalista se mantinha a posi\u00e7\u00e3o de que a Uni\u00e3o Europeia est\u00e1 contribuindo para a guerra na Ucr\u00e2nia.<\/p>\n<p>Durante sua visita \u00e0 China na semana passada, Lula disse em entrevista que era preciso que os <a href=\"https:\/\/www.infomoney.com.br\/economia\/casa-branca-critica-duramente-falas-de-lula-sobre-a-ucrania\/\" rel=\"nofollow noopener\" target=\"_blank\">Estados Unidos e Uni\u00e3o Europeia parem de incentivar a guerra<\/a> e comecem a falar em paz.<\/p>\n<p>&#8220;Se voc\u00ea n\u00e3o fala em paz, contribui para a guerra. Eu vou te contar um caso: o chanceler Olaf Scholz foi ao Brasil e pediu que o Brasil vendesse os m\u00edsseis para que ele doasse \u00e0 Ucr\u00e2nia. O Brasil se recusou a vender os m\u00edsseis porque se a gente vendesse os m\u00edsseis e esses m\u00edsseis fossem doados \u00e0 Ucr\u00e2nia e e fossem utilizados e morresse um russo a culpa seria do Brasil. O Brasil estaria na guerra. E o Brasil n\u00e3o quer participar da guerra. O Brasil quer construir a paz&#8221;, declarou Lula em Portugal.<\/p>\n<p>Na manh\u00e3 deste s\u00e1bado (22), o presidente Lula foi recebido pelo presidente portugu\u00eas, Marcelo Rabelo, com honras militares, na Pra\u00e7a do Imp\u00e9rio, em Lisboa. Em seguida participou da cerim\u00f4nia de deposi\u00e7\u00e3o de flores no t\u00famulo do Lu\u00eds de Cam\u00f5es, no Mosteiro dos Jer\u00f4nimos.<\/p>\n<div class=\"infomoney-related-posts\">\n<h4>Leia tamb\u00e9m<\/h4>\n<div class=\"list\">\n<div class=\"row mx-0 item\">\n<div class=\"img-container\">\n<figure><img decoding=\"async\" class=\"img-fluid img-fluid\" src=\"https:\/\/www.infomoney.com.br\/wp-content\/uploads\/2019\/06\/casa-branca-1.jpg?quality=70&#038;w=150&#038;%23038;h=150&#038;%23038;crop=1&#038;%23038;strip=all\" data-recalc-dims=\"1\" alt=\"\" title=\"\"><\/figure>\n<\/div>\n<div class=\"info\"><span class=\"hl-hat\">Coment\u00e1rios &#8220;equivocados&#8221;<\/span><span class=\"hl-title\"><a href=\"https:\/\/www.infomoney.com.br\/economia\/casa-branca-critica-duramente-falas-de-lula-sobre-a-ucrania\/\" rel=\"nofollow noopener\" target=\"_blank\">Casa Branca critica duramente falas de Lula sobre a Ucr\u00e2nia<\/a><\/span><span class=\"hl-description\">John Kirby, porta-voz de seguran\u00e7a nacional da Casa Branca, disse que os coment\u00e1rios de Lula foram &#8220;simplesmente equivocados&#8221;.<\/span><\/div>\n<\/div>\n<div class=\"row mx-0 item\">\n<div class=\"img-container\">\n<figure><img decoding=\"async\" class=\"img-fluid img-fluid\" src=\"https:\/\/www.infomoney.com.br\/wp-content\/uploads\/2022\/04\/ucrania.png?quality=70&#038;w=150&#038;%23038;h=150&#038;%23038;crop=1&#038;%23038;strip=all\" data-recalc-dims=\"1\" alt=\"\" title=\"\"><\/figure>\n<\/div>\n<div class=\"info\"><span class=\"hl-hat\">Guerra na Ucr\u00e2nia<\/span><span class=\"hl-title\"><a href=\"https:\/\/www.infomoney.com.br\/economia\/diplomata-ucraniano-critica-falas-de-lula-sobre-a-guerra-e-renova-convite-para-visita-ao-pais\/\" rel=\"nofollow noopener\" target=\"_blank\">Diplomata ucraniano critica falas de Lula sobre a guerra e renova convite para visita ao pa\u00eds<\/a><\/span><span class=\"hl-description\">Oleg Nikolenko escreveu em rede social que n\u00e3o se pode tratar posi\u00e7\u00f5es ucraniana e russa no conflito com o mesmo peso<\/span><\/div>\n<\/div>\n<\/div>\n<\/div>\n<h2>Agenda internacional<\/h2>\n<p>Lula chegou a Portugal nesta sexta-feira (21), onde vai assinar 13 acordos, e depois segue para a Espanha, pa\u00eds com o qual ser\u00e3o assinados outros quatro acordos.<\/p>\n<p>Pela tarde, Lula ser\u00e1 recebido\u00a0pelo primeiro-ministro portugues, Ant\u00f3nio Costa, por ocasi\u00e3o da XIII Cimeira Luso-Brasileira. A previs\u00e3o \u00e9 que a Cimeira seja encerrada \u00e0s 20h, pelo hor\u00e1rio local.<\/p>\n<p>Pelo Twitter, Lula se manifestou sobre a visita a Portugal.<\/p>\n<p>&#8220;\u00c9 sempre com grande prazer que me re\u00fano com amigos portugueses. Hoje \u00e9 especial: minha primeira visita de estado a Portugal neste terceiro mandato. E retribuo a visita que o presidente Marcelo Rebelo de Sousa fez ao Brasil na nossa posse&#8221;.<\/p>\n<p><em>*Com Ag\u00eancia Brasil<\/em><\/p>\n<p>The post <a rel=\"nofollow noopener\" href=\"https:\/\/www.infomoney.com.br\/politica\/em-portugual-lula-condena-a-violencia-na-ucrania-e-defende-solucao-politica-e-negociada-para-a-guerra\/\" target=\"_blank\">Em Portugual, Lula condena a viol\u00eancia na Ucr\u00e2nia e defende &#8220;solu\u00e7\u00e3o pol\u00edtica e negociada&#8221; para a guerra<\/a> appeared first on <a rel=\"nofollow noopener\" href=\"https:\/\/www.infomoney.com.br\/\" target=\"_blank\">InfoMoney<\/a>.<\/p>\n","protected":false},"excerpt":{"rendered":"<p><img loading=\"lazy\" decoding=\"async\" width=\"300\" height=\"184\" src=\"https:\/\/www.infomoney.com.br\/wp-content\/uploads\/2021\/03\/Lula-na-TVT.png?fit=300%2C184&amp;quality=70&amp;strip=all\" class=\"attachment-medium size-medium wp-post-image\" alt=\"\" data-attachment-id=\"1607808\" data-permalink=\"https:\/\/www.infomoney.com.br\/politica\/lula-diz-que-presidente-nao-e-eleito-para-falar-bobagem-e-faz-criticas-a-privatizacoes\/attachment\/lula-na-tvt\/\" data-orig-file=\"https:\/\/www.infomoney.com.br\/wp-content\/uploads\/2021\/03\/Lula-na-TVT.png?fit=769%2C472&amp;quality=70&amp;strip=all\" data-orig-size=\"769,472\" data-comments-opened=\"1\" data-image-meta='{\"aperture\":\"0\",\"credit\":\"\",\"camera\":\"\",\"caption\":\"\",\"created_timestamp\":\"0\",\"copyright\":\"\",\"focal_length\":\"0\",\"iso\":\"0\",\"shutter_speed\":\"0\",\"title\":\"\",\"orientation\":\"0\"}' data-image-title=\"Lula na TVT\" data-image-description=\"\" data-image-caption=\"&lt;p&gt;O ex-presidente Lula em pronunciamento no sindicato dos Metal\u00fargicos (cr\u00e9dito: Reprodu\u00e7\u00e3o YouTube)&lt;\/p&gt;\n\" data-medium-file=\"https:\/\/www.infomoney.com.br\/wp-content\/uploads\/2021\/03\/Lula-na-TVT.png?fit=300%2C184&amp;quality=70&amp;strip=all\" data-large-file=\"https:\/\/www.infomoney.com.br\/wp-content\/uploads\/2021\/03\/Lula-na-TVT.png?fit=769%2C472&amp;quality=70&amp;strip=all\">Na manh\u00e3 deste s\u00e1bado (22), Lula foi recebido pelo presidente portugu\u00eas, Marcelo Rabelo, com honras militares, na Pra\u00e7a do Imp\u00e9rio, em Lisboa<\/p>\n<p>The post <a rel=\"nofollow\" href=\"https:\/\/www.infomoney.com.br\/politica\/em-portugual-lula-condena-a-violencia-na-ucrania-e-defende-solucao-politica-e-negociada-para-a-guerra\/\">Em Portugual, Lula condena a viol\u00eancia na Ucr\u00e2nia e defende \u201csolu\u00e7\u00e3o pol\u00edtica e negociada\u201d para a guerra<\/a> appeared first on <a rel=\"nofollow\" href=\"https:\/\/www.infomoney.com.br\/\">InfoMoney<\/a>.<\/p>\n","protected":false},"author":45,"featured_media":0,"comment_status":"closed","ping_status":"closed","sticky":false,"template":"","format":"standard","meta":{"advgb_blocks_editor_width":"","advgb_blocks_columns_visual_guide":"","footnotes":""},"categories":[34,110,127,47,409],"tags":[35],"class_list":["post-13190","post","type-post","status-publish","format-standard","hentry","category-g1","category-lula","category-mercados","category-politica","category-portugal","tag-g1"],"author_meta":{"display_name":"Equipe InfoMoney","author_link":"https:\/\/sindaopcpb.org.br\/author\/equipe-infomoney\/"},"featured_img":null,"coauthors":[],"tax_additional":{"categories":{"linked":["<a href=\"https:\/\/sindaopcpb.org.br\/g1\/\" class=\"advgb-post-tax-term\">G1<\/a>","<a href=\"https:\/\/sindaopcpb.org.br\/lula\/\" class=\"advgb-post-tax-term\">Lula<\/a>","<a href=\"https:\/\/sindaopcpb.org.br\/mercados\/\" class=\"advgb-post-tax-term\">Mercados<\/a>","<a href=\"https:\/\/sindaopcpb.org.br\/politica\/\" class=\"advgb-post-tax-term\">POLITICA<\/a>","<a href=\"https:\/\/sindaopcpb.org.br\/portugal\/\" class=\"advgb-post-tax-term\">portugal<\/a>"],"unlinked":["<span class=\"advgb-post-tax-term\">G1<\/span>","<span class=\"advgb-post-tax-term\">Lula<\/span>","<span class=\"advgb-post-tax-term\">Mercados<\/span>","<span class=\"advgb-post-tax-term\">POLITICA<\/span>","<span class=\"advgb-post-tax-term\">portugal<\/span>"]},"tags":{"linked":["<a href=\"https:\/\/sindaopcpb.org.br\/portugal\/\" class=\"advgb-post-tax-term\">g1<\/a>"],"unlinked":["<span class=\"advgb-post-tax-term\">g1<\/span>"]}},"comment_count":"0","relative_dates":{"created":"Publicado 3 anos atr\u00e1s","modified":"Atualizado 3 anos atr\u00e1s"},"absolute_dates":{"created":"Publicado em 22 de abril de 2023","modified":"Atualizado em 22 de abril de 2023"},"absolute_dates_time":{"created":"Publicado em 22 de abril de 2023 10:50","modified":"Atualizado em 22 de abril de 2023 10:50"},"featured_img_caption":"","series_order":"","_links":{"self":[{"href":"https:\/\/sindaopcpb.org.br\/index.php\/wp-json\/wp\/v2\/posts\/13190","targetHints":{"allow":["GET"]}}],"collection":[{"href":"https:\/\/sindaopcpb.org.br\/index.php\/wp-json\/wp\/v2\/posts"}],"about":[{"href":"https:\/\/sindaopcpb.org.br\/index.php\/wp-json\/wp\/v2\/types\/post"}],"author":[{"embeddable":true,"href":"https:\/\/sindaopcpb.org.br\/index.php\/wp-json\/wp\/v2\/users\/45"}],"replies":[{"embeddable":true,"href":"https:\/\/sindaopcpb.org.br\/index.php\/wp-json\/wp\/v2\/comments?post=13190"}],"version-history":[{"count":2,"href":"https:\/\/sindaopcpb.org.br\/index.php\/wp-json\/wp\/v2\/posts\/13190\/revisions"}],"predecessor-version":[{"id":13202,"href":"https:\/\/sindaopcpb.org.br\/index.php\/wp-json\/wp\/v2\/posts\/13190\/revisions\/13202"}],"wp:attachment":[{"href":"https:\/\/sindaopcpb.org.br\/index.php\/wp-json\/wp\/v2\/media?parent=13190"}],"wp:term":[{"taxonomy":"category","embeddable":true,"href":"https:\/\/sindaopcpb.org.br\/index.php\/wp-json\/wp\/v2\/categories?post=13190"},{"taxonomy":"post_tag","embeddable":true,"href":"https:\/\/sindaopcpb.org.br\/index.php\/wp-json\/wp\/v2\/tags?post=13190"}],"curies":[{"name":"wp","href":"https:\/\/api.w.org\/{rel}","templated":true}]}}