{"id":13186,"date":"2023-04-22T10:28:34","date_gmt":"2023-04-22T13:28:34","guid":{"rendered":"https:\/\/g1.globo.com\/pb\/paraiba\/noticia\/2023\/04\/22\/mulher-e-atropelada-por-trem-em-cabedelo-na-grande-joao-pessoa.ghtml"},"modified":"2023-04-22T10:28:34","modified_gmt":"2023-04-22T13:28:34","slug":"mulher-e-atropelada-por-trem-em-cabedelo-na-grande-joao-pessoa","status":"publish","type":"post","link":"https:\/\/sindaopcpb.org.br\/index.php\/2023\/04\/22\/mulher-e-atropelada-por-trem-em-cabedelo-na-grande-joao-pessoa\/","title":{"rendered":"Mulher \u00e9 atropelada por trem, em Cabedelo, na Grande Jo\u00e3o Pessoa"},"content":{"rendered":"   <img src=\"https:\/\/s2.glbimg.com\/I7t_Xdf5no0G8gWapFLdY2WPSmA=\/i.s3.glbimg.com\/v1\/AUTH_59edd422c0c84a879bd37670ae4f538a\/internal_photos\/bs\/2023\/8\/M\/A3AgPqQFOpXrsBsTTfjw\/atropelamento-trem.jpg\" \/><br \/>     Moradores da \u00e1rea fizeram um protesto na linha do trem, e a Pol\u00edcia Militar precisou dispersar manifestantes. Viagens de trem entre Jo\u00e3o Pessoa e Cabedelo, neste s\u00e1bado (22), foram suspensas.  Moradores fizeram protesto ap\u00f3s atropelamento, em Cabedelo \nAntonio Vieira\/TV Cabo Branco\nUma mulher de 20 anos foi atropelada por um trem, na manh\u00e3 deste s\u00e1bado (22), pr\u00f3ximo \u00e0 praia do Jacar\u00e9, em Cabedelo, na Grande Jo\u00e3o Pessoa. Ela foi encaminhada pelo Servi\u00e7o de Atendimento M\u00f3vel de Urg\u00eancia (Samu) para o Hospital de Trauma de Jo\u00e3o Pessoa. \nSegundo informa\u00e7\u00f5es apuradas no local pela reportagem da TV Cabo Branco, um familiar da mulher disse que ela estava indo para o trabalho e que costuma passar pelo local todos os dias. Moradores da \u00e1rea fizeram um protesto na linha do trem, e a Pol\u00edcia Militar precisou dispersar os manifestantes. \nA Companhia Brasileira de Trens Urbanos (CBTU) informou que, por seguran\u00e7a, as viagens de trem entre Jo\u00e3o Pessoa e Cabedelo foram suspensas neste s\u00e1bado (22). \nDe acordo com o boletim do Hospital de Trauma, a mulher passou por procedimentos de urg\u00eancia e segue em  observa\u00e7\u00e3o. O quadro de sa\u00fade dela \u00e9 est\u00e1vel. \nV\u00eddeos mais assistidos do g1 Para\u00edba  ","protected":false},"excerpt":{"rendered":"<p>        Moradores da \u00e1rea fizeram um protesto na linha do trem, e a Pol\u00edcia Militar precisou dispersar manifestantes. Viagens de trem entre Jo\u00e3o Pessoa e Cabedelo, neste s\u00e1bado (22), foram suspensas.  Moradores fizeram protesto ap\u00f3s atropelamento, em C&#8230;<\/p>\n","protected":false},"author":2,"featured_media":0,"comment_status":"closed","ping_status":"closed","sticky":false,"template":"","format":"standard","meta":{"advgb_blocks_editor_width":"","advgb_blocks_columns_visual_guide":"","footnotes":""},"categories":[34],"tags":[35],"class_list":["post-13186","post","type-post","status-publish","format-standard","hentry","category-g1","tag-g1"],"author_meta":{"display_name":"g1 &gt; Para\u00edba","author_link":"https:\/\/sindaopcpb.org.br\/author\/g1-paraiba\/"},"featured_img":null,"coauthors":[],"tax_additional":{"categories":{"linked":["<a href=\"https:\/\/sindaopcpb.org.br\/g1\/\" class=\"advgb-post-tax-term\">G1<\/a>"],"unlinked":["<span class=\"advgb-post-tax-term\">G1<\/span>"]},"tags":{"linked":["<a href=\"https:\/\/sindaopcpb.org.br\/g1\/\" class=\"advgb-post-tax-term\">g1<\/a>"],"unlinked":["<span class=\"advgb-post-tax-term\">g1<\/span>"]}},"comment_count":"0","relative_dates":{"created":"Publicado 3 anos atr\u00e1s","modified":"Atualizado 3 anos atr\u00e1s"},"absolute_dates":{"created":"Publicado em 22 de abril de 2023","modified":"Atualizado em 22 de abril de 2023"},"absolute_dates_time":{"created":"Publicado em 22 de abril de 2023 10:28","modified":"Atualizado em 22 de abril de 2023 10:28"},"featured_img_caption":"","series_order":"","_links":{"self":[{"href":"https:\/\/sindaopcpb.org.br\/index.php\/wp-json\/wp\/v2\/posts\/13186","targetHints":{"allow":["GET"]}}],"collection":[{"href":"https:\/\/sindaopcpb.org.br\/index.php\/wp-json\/wp\/v2\/posts"}],"about":[{"href":"https:\/\/sindaopcpb.org.br\/index.php\/wp-json\/wp\/v2\/types\/post"}],"author":[{"embeddable":true,"href":"https:\/\/sindaopcpb.org.br\/index.php\/wp-json\/wp\/v2\/users\/2"}],"replies":[{"embeddable":true,"href":"https:\/\/sindaopcpb.org.br\/index.php\/wp-json\/wp\/v2\/comments?post=13186"}],"version-history":[{"count":1,"href":"https:\/\/sindaopcpb.org.br\/index.php\/wp-json\/wp\/v2\/posts\/13186\/revisions"}],"predecessor-version":[{"id":13187,"href":"https:\/\/sindaopcpb.org.br\/index.php\/wp-json\/wp\/v2\/posts\/13186\/revisions\/13187"}],"wp:attachment":[{"href":"https:\/\/sindaopcpb.org.br\/index.php\/wp-json\/wp\/v2\/media?parent=13186"}],"wp:term":[{"taxonomy":"category","embeddable":true,"href":"https:\/\/sindaopcpb.org.br\/index.php\/wp-json\/wp\/v2\/categories?post=13186"},{"taxonomy":"post_tag","embeddable":true,"href":"https:\/\/sindaopcpb.org.br\/index.php\/wp-json\/wp\/v2\/tags?post=13186"}],"curies":[{"name":"wp","href":"https:\/\/api.w.org\/{rel}","templated":true}]}}