{"id":13,"date":"2019-08-02T14:42:06","date_gmt":"2019-08-02T17:42:06","guid":{"rendered":"https:\/\/sindaopcpb.org.br\/index.php\/2019\/08\/02\/sindicalize-se\/"},"modified":"2019-08-02T14:42:06","modified_gmt":"2019-08-02T17:42:06","slug":"sindicalize-se","status":"publish","type":"post","link":"https:\/\/sindaopcpb.org.br\/index.php\/2019\/08\/02\/sindicalize-se\/","title":{"rendered":"Sindicalize \u2013 se"},"content":{"rendered":"<h2><span style=\"font-size: 10pt;\">{loadmoduleid 16}<\/span><\/h2>\n<h2>\u00a0<\/h2>\n<h2><span style=\"font-size: 10pt;\">\u00a0<strong>7 Bons motivos para voc\u00ea se sindicalizar\u00a0\u00a0<\/strong><\/span>\u00a0<\/h2>\n<table>\n<tbody>\n<tr>\n<td>\n<ol>\n<li><strong>O Sindicato \u00e9 a sua voz.<\/strong><\/li>\n<\/ol>\n<p>O que voc\u00ea n\u00e3o pode falar, o Sindicato fala por voc\u00ea.<\/p>\n<ol start=\"2\">\n<li><strong>O Sindicato \u00e9 a voz da categoria.<\/strong><\/li>\n<\/ol>\n<p>Quando a reivindica\u00e7\u00e3o \u00e9 coletiva e precisar atitude o SINDAOPCPB entra em a\u00e7\u00e3o.<\/p>\n<ol start=\"3\">\n<li><strong>O Sindicato tem Departamento Jur\u00eddico<\/strong><\/li>\n<\/ol>\n<p>Com advogados especializados em Legisla\u00e7\u00e3o Administrativa e Criminal.<\/p>\n<ol start=\"4\">\n<li><strong>O Sindicato trabalha pela sua especializa\u00e7\u00e3o e qualifica\u00e7\u00e3o<\/strong><\/li>\n<\/ol>\n<p>Buscando sempre as melhores praticas de aperfei\u00e7oamento junto ao estado e cobrando melhorias para a categoria.<\/p>\n<ol start=\"5\">\n<li><strong>O Sindicato participa de reuni\u00f5es junto as Estado e outras entidades de representa\u00e7\u00e3o.<\/strong><\/li>\n<\/ol>\n<p>Sem o Sindicato isso n\u00e3o seria poss\u00edvel. \u00c9 um ganho a mais para o servidor.<\/p>\n<ol start=\"6\">\n<li><strong>O Sindicato tem o poder de ser ouvido e consultado.<\/strong><\/li>\n<\/ol>\n<p>Os Sindicalizados apoiam e participam das assembleias deliberativas com direito a voz e voto.<\/p>\n<ol start=\"7\">\n<li><strong>O Sindicato tamb\u00e9m pensa no seu futuro e de sua fam\u00edlia.<\/strong><\/li>\n<\/ol>\n<p>Apoiando ou rejeitando publicamente propostas legislativas que possam vir a nos afetar ou afetar nossos familiares.<\/p>\n<\/td>\n<td>\n<p>\u00a0<\/p>\n<p>\u00a0<\/p>\n<\/td>\n<\/tr>\n<\/tbody>\n<\/table>\n<hr \/>\n<p style=\"text-align: center;\"><a title=\"Sindicalize-se\" href=\"index.php\/component\/users\/?view=registration&amp;Itemid=101\" rel=\"author\"><\/a><\/p>\n<p style=\"text-align: center;\">Clique\u00a0<a href=\"index.php?Itemid=111\">Aqui<\/a>\u00a0e entre em conto conosco para duvidas, ou fa\u00e7a sua inscri\u00e7\u00e3o atrav\u00e9s do site <a title=\"Cadastro\" href=\"index.php\/component\/users\/?view=registration&amp;Itemid=101\">Agora<\/a> mesmo!<\/p>\n","protected":false},"excerpt":{"rendered":"<p>{loadmoduleid 16} \u00a0 \u00a07 Bons motivos para voc\u00ea se sindicalizar\u00a0\u00a0\u00a0 O Sindicato \u00e9 a sua<\/p>\n","protected":false},"author":1,"featured_media":12,"comment_status":"open","ping_status":"open","sticky":false,"template":"","format":"standard","meta":{"advgb_blocks_editor_width":"","advgb_blocks_columns_visual_guide":"","footnotes":""},"categories":[3],"tags":[16],"class_list":["post-13","post","type-post","status-publish","format-standard","has-post-thumbnail","hentry","category-uncategorised","tag-sindicalize-se"],"author_meta":{"display_name":"OrlandoPassos","author_link":"https:\/\/sindaopcpb.org.br\/author\/orlandopassos\/"},"featured_img":"https:\/\/sindaopcpb.org.br\/wp-content\/uploads\/2019\/08\/images_sindicalizese-300x60.png","coauthors":[],"tax_additional":{"categories":{"linked":["<a href=\"https:\/\/sindaopcpb.org.br\/uncategorised\/\" class=\"advgb-post-tax-term\">Geral<\/a>"],"unlinked":["<span class=\"advgb-post-tax-term\">Geral<\/span>"]},"tags":{"linked":["<a href=\"https:\/\/sindaopcpb.org.br\/uncategorised\/\" class=\"advgb-post-tax-term\">Sindicalize \u2013 se<\/a>"],"unlinked":["<span class=\"advgb-post-tax-term\">Sindicalize \u2013 se<\/span>"]}},"comment_count":"0","relative_dates":{"created":"Publicado 7 anos atr\u00e1s","modified":"Atualizado 7 anos atr\u00e1s"},"absolute_dates":{"created":"Publicado em 2 de agosto de 2019","modified":"Atualizado em 2 de agosto de 2019"},"absolute_dates_time":{"created":"Publicado em 2 de agosto de 2019 14:42","modified":"Atualizado em 2 de agosto de 2019 14:42"},"featured_img_caption":"","series_order":"","_links":{"self":[{"href":"https:\/\/sindaopcpb.org.br\/index.php\/wp-json\/wp\/v2\/posts\/13","targetHints":{"allow":["GET"]}}],"collection":[{"href":"https:\/\/sindaopcpb.org.br\/index.php\/wp-json\/wp\/v2\/posts"}],"about":[{"href":"https:\/\/sindaopcpb.org.br\/index.php\/wp-json\/wp\/v2\/types\/post"}],"author":[{"embeddable":true,"href":"https:\/\/sindaopcpb.org.br\/index.php\/wp-json\/wp\/v2\/users\/1"}],"replies":[{"embeddable":true,"href":"https:\/\/sindaopcpb.org.br\/index.php\/wp-json\/wp\/v2\/comments?post=13"}],"version-history":[{"count":0,"href":"https:\/\/sindaopcpb.org.br\/index.php\/wp-json\/wp\/v2\/posts\/13\/revisions"}],"wp:featuredmedia":[{"embeddable":true,"href":"https:\/\/sindaopcpb.org.br\/index.php\/wp-json\/wp\/v2\/media\/12"}],"wp:attachment":[{"href":"https:\/\/sindaopcpb.org.br\/index.php\/wp-json\/wp\/v2\/media?parent=13"}],"wp:term":[{"taxonomy":"category","embeddable":true,"href":"https:\/\/sindaopcpb.org.br\/index.php\/wp-json\/wp\/v2\/categories?post=13"},{"taxonomy":"post_tag","embeddable":true,"href":"https:\/\/sindaopcpb.org.br\/index.php\/wp-json\/wp\/v2\/tags?post=13"}],"curies":[{"name":"wp","href":"https:\/\/api.w.org\/{rel}","templated":true}]}}