{"id":12962,"date":"2023-04-20T10:07:00","date_gmt":"2023-04-20T13:07:00","guid":{"rendered":"https:\/\/www.infomoney.com.br\/?p=2112879"},"modified":"2023-04-20T10:07:00","modified_gmt":"2023-04-20T13:07:00","slug":"tcu-da-aval-a-primeira-relicitacao-de-rodovias-federais-com-determinacoes-a-antt","status":"publish","type":"post","link":"https:\/\/sindaopcpb.org.br\/index.php\/2023\/04\/20\/tcu-da-aval-a-primeira-relicitacao-de-rodovias-federais-com-determinacoes-a-antt\/","title":{"rendered":"TCU d\u00e1 aval \u00e0 primeira relicita\u00e7\u00e3o de rodovias federais com determina\u00e7\u00f5es \u00e0 ANTT"},"content":{"rendered":"<p><img loading=\"lazy\" width=\"300\" height=\"215\" src=\"https:\/\/www.infomoney.com.br\/wp-content\/uploads\/2022\/11\/Tribunal-de-Contas-da-Uniao-TCU.jpg?fit=300%2C215&amp;quality=70&amp;strip=all\" class=\"attachment-medium size-medium wp-post-image\" alt=\"Tribunal de Contas da Uniao TCU\" decoding=\"async\" style=\"float:right; margin:0 0 10px 10px;\" srcset=\"https:\/\/www.infomoney.com.br\/wp-content\/uploads\/2022\/11\/Tribunal-de-Contas-da-Uniao-TCU.jpg?w=1508&amp;quality=70&amp;strip=all 1508w, https:\/\/www.infomoney.com.br\/wp-content\/uploads\/2022\/11\/Tribunal-de-Contas-da-Uniao-TCU.jpg?w=300&amp;quality=70&amp;strip=all 300w, https:\/\/www.infomoney.com.br\/wp-content\/uploads\/2022\/11\/Tribunal-de-Contas-da-Uniao-TCU.jpg?w=768&amp;quality=70&amp;strip=all 768w, https:\/\/www.infomoney.com.br\/wp-content\/uploads\/2022\/11\/Tribunal-de-Contas-da-Uniao-TCU.jpg?w=1280&amp;quality=70&amp;strip=all 1280w, https:\/\/www.infomoney.com.br\/wp-content\/uploads\/2022\/11\/Tribunal-de-Contas-da-Uniao-TCU.jpg?w=150&amp;quality=70&amp;strip=all 150w\" sizes=\"auto, (max-width: 300px) 100vw, 300px\" data-attachment-id=\"1976624\" data-permalink=\"https:\/\/www.infomoney.com.br\/politica\/ha-precedente-em-credito-extraordinario-para-despesas-de-2023-avalia-tcu\/attachment\/tribunal-de-contas-da-uniao-tcu\/\" data-orig-file=\"https:\/\/www.infomoney.com.br\/wp-content\/uploads\/2022\/11\/Tribunal-de-Contas-da-Uniao-TCU.jpg?fit=1508%2C1080&amp;quality=70&amp;strip=all\" data-orig-size=\"1508,1080\" data-comments-opened=\"0\" data-image-meta=\"{&quot;aperture&quot;:&quot;0&quot;,&quot;credit&quot;:&quot;&quot;,&quot;camera&quot;:&quot;&quot;,&quot;caption&quot;:&quot;&quot;,&quot;created_timestamp&quot;:&quot;0&quot;,&quot;copyright&quot;:&quot;&quot;,&quot;focal_length&quot;:&quot;0&quot;,&quot;iso&quot;:&quot;0&quot;,&quot;shutter_speed&quot;:&quot;0&quot;,&quot;title&quot;:&quot;&quot;,&quot;orientation&quot;:&quot;0&quot;}\" data-image-title=\"Tribunal de Contas da Uniao TCU\" data-image-description=\"\" data-image-caption=\"\" data-medium-file=\"https:\/\/www.infomoney.com.br\/wp-content\/uploads\/2022\/11\/Tribunal-de-Contas-da-Uniao-TCU.jpg?fit=300%2C215&amp;quality=70&amp;strip=all\" data-large-file=\"https:\/\/www.infomoney.com.br\/wp-content\/uploads\/2022\/11\/Tribunal-de-Contas-da-Uniao-TCU.jpg?fit=1280%2C917&amp;quality=70&amp;strip=all\" title=\"\"><\/p>\n<p>O Tribunal de Contas da Uni\u00e3o (TCU) aprovou, nesta quarta-feira (19), o primeiro processo de relicita\u00e7\u00e3o de rodovias federais. O modelo, referente a uma nova concess\u00e3o de trechos que ligam Minas Gerais a Rio de Janeiro, poder\u00e1 ser aplicado pelo governo nas pr\u00f3ximas relicita\u00e7\u00f5es rodovi\u00e1rias. O instrumento \u00e9 utilizado quando a concession\u00e1ria decide devolver um ativo problem\u00e1tico \u00e0 Uni\u00e3o, que ent\u00e3o organiza um novo leil\u00e3o. Nesse processo, contudo, o governo precisa acertar quanto ir\u00e1 pagar de indeniza\u00e7\u00e3o por investimentos n\u00e3o amortizados \u00e0 empresa que est\u00e1 deixando a opera\u00e7\u00e3o &#8211; etapa que adiciona um fator de complica\u00e7\u00e3o \u00e0 velocidade dos novos certames.<\/p>\n<p>Al\u00e9m do caso julgado nesta quarta-feira, tamb\u00e9m est\u00e3o na fila de relicita\u00e7\u00f5es outras rodovias, como a MS Via (BR-163\/MS), a Concebra (BR-060\/153\/262), e a Autopista Fluminense (BR-101\/RJ).<\/p>\n<p>O projeto destravado pelo TCU re\u00fane o sistema rodovi\u00e1rio das BR-040\/RJ\/MG e BR-495\/RJ e tem previs\u00e3o de atrair mais de R$ 9 bilh\u00f5es em investimentos num contrato de 30 anos. Parte dos trechos resulta do contrato com a Concer, entre Rio e Juiz de Fora. Outra parte \u00e9 fruto da devolu\u00e7\u00e3o do trecho administrado pela Invepar, que acionou a relicita\u00e7\u00e3o da via que administra entre Bras\u00edlia (DF) e Juiz de Fora (MG). Foi a primeira concession\u00e1ria de rodovia a acionar o instrumento, em 2019.<\/p>\n<p>Relator do caso no TCU, o ministro Jorge Oliveira fez algumas determina\u00e7\u00f5es que a Ag\u00eancia Nacional de Transportes Terrestres (ANTT) ter\u00e1 de seguir antes de realizar o novo leil\u00e3o. Seguido pelos demais colegas, o voto determina, por exemplo, que o \u00f3rg\u00e3o regulador corrija quest\u00f5es no c\u00e1lculo do montante associado ao excedente tarif\u00e1rio, que ser\u00e1 subtra\u00eddo do valor da indeniza\u00e7\u00e3o paga \u00e0 opera\u00e7\u00e3o atual. O ministro ainda fez uma s\u00e9rie de determina\u00e7\u00f5es relacionadas ao c\u00e1lculo do que ser\u00e1 repassado \u00e0 Via 040, cujo contrato ainda est\u00e1 em vigor.<\/p>\n<p>Oliveira tamb\u00e9m recomenda que a ANTT incorpore na elabora\u00e7\u00e3o de futuros termos aditivos de relicita\u00e7\u00e3o cl\u00e1usulas espec\u00edficas voltadas \u00e0 mitiga\u00e7\u00e3o de riscos relacionados \u00e0 incapacidade econ\u00f4mico-financeira de as concession\u00e1rias arcarem com eventuais valores devidos ao Poder P\u00fablico ap\u00f3s a extin\u00e7\u00e3o dos contratos.<\/p>\n<p>Por fim, o ministro ordenou \u00e0 Secretaria-Geral de Controle Externo do TCU que inclua em seu plano de fiscaliza\u00e7\u00e3o uma a\u00e7\u00e3o de controle espec\u00edfica para avaliar os procedimentos internos relacionados \u00e0 aplica\u00e7\u00e3o e julgamento das multas impostas pela ANTT \u00e0s concession\u00e1rias. Ele tamb\u00e9m quer que o \u00f3rg\u00e3o do tribunal abra processo para examinar o impacto do mecanismo de mitiga\u00e7\u00e3o de riscos com o emprego de contas vinculadas em desestatiza\u00e7\u00f5es.<\/p>\n<p>The post <a rel=\"nofollow noopener\" href=\"https:\/\/www.infomoney.com.br\/politica\/tcu-da-aval-a-primeira-relicitacao-de-rodovias-federais-com-determinacoes-a-antt\/\" target=\"_blank\">TCU d\u00e1 aval \u00e0 primeira relicita\u00e7\u00e3o de rodovias federais com determina\u00e7\u00f5es \u00e0 ANTT<\/a> appeared first on <a rel=\"nofollow noopener\" href=\"https:\/\/www.infomoney.com.br\/\" target=\"_blank\">InfoMoney<\/a>.<\/p>\n","protected":false},"excerpt":{"rendered":"<p><img loading=\"lazy\" decoding=\"async\" width=\"300\" height=\"215\" src=\"https:\/\/www.infomoney.com.br\/wp-content\/uploads\/2022\/11\/Tribunal-de-Contas-da-Uniao-TCU.jpg?fit=300%2C215&amp;quality=70&amp;strip=all\" class=\"attachment-medium size-medium wp-post-image\" alt=\"Tribunal de Contas da Uniao TCU\" data-attachment-id=\"1976624\" data-permalink=\"https:\/\/www.infomoney.com.br\/politica\/ha-precedente-em-credito-extraordinario-para-despesas-de-2023-avalia-tcu\/attachment\/tribunal-de-contas-da-uniao-tcu\/\" data-orig-file=\"https:\/\/www.infomoney.com.br\/wp-content\/uploads\/2022\/11\/Tribunal-de-Contas-da-Uniao-TCU.jpg?fit=1508%2C1080&amp;quality=70&amp;strip=all\" data-orig-size=\"1508,1080\" data-comments-opened=\"0\" data-image-meta='{\"aperture\":\"0\",\"credit\":\"\",\"camera\":\"\",\"caption\":\"\",\"created_timestamp\":\"0\",\"copyright\":\"\",\"focal_length\":\"0\",\"iso\":\"0\",\"shutter_speed\":\"0\",\"title\":\"\",\"orientation\":\"0\"}' data-image-title=\"Tribunal de Contas da Uniao TCU\" data-image-description=\"\" data-image-caption=\"\" data-medium-file=\"https:\/\/www.infomoney.com.br\/wp-content\/uploads\/2022\/11\/Tribunal-de-Contas-da-Uniao-TCU.jpg?fit=300%2C215&amp;quality=70&amp;strip=all\" data-large-file=\"https:\/\/www.infomoney.com.br\/wp-content\/uploads\/2022\/11\/Tribunal-de-Contas-da-Uniao-TCU.jpg?fit=1280%2C917&amp;quality=70&amp;strip=all\">Projeto re\u00fane sistema rodovi\u00e1rio das BR-040\/RJ\/MG e BR-495\/RJ e tem previs\u00e3o de atrair mais de R$ 9 bilh\u00f5es em investimentos num contrato de 30 anos<\/p>\n<p>The post <a rel=\"nofollow\" href=\"https:\/\/www.infomoney.com.br\/politica\/tcu-da-aval-a-primeira-relicitacao-de-rodovias-federais-com-determinacoes-a-antt\/\">TCU d\u00e1 aval \u00e0 primeira relicita\u00e7\u00e3o de rodovias federais com determina\u00e7\u00f5es \u00e0 ANTT<\/a> appeared first on <a rel=\"nofollow\" href=\"https:\/\/www.infomoney.com.br\/\">InfoMoney<\/a>.<\/p>\n","protected":false},"author":43,"featured_media":0,"comment_status":"closed","ping_status":"closed","sticky":false,"template":"","format":"standard","meta":{"advgb_blocks_editor_width":"","advgb_blocks_columns_visual_guide":"","footnotes":""},"categories":[373,69,34,47,1283,1284],"tags":[35],"class_list":["post-12962","post","type-post","status-publish","format-standard","hentry","category-antt","category-economia","category-g1","category-politica","category-rodovias","category-tcu","tag-g1"],"author_meta":{"display_name":"Estad\u00e3o Conte\u00fado","author_link":"https:\/\/sindaopcpb.org.br\/author\/estadao-conteudo\/"},"featured_img":null,"coauthors":[],"tax_additional":{"categories":{"linked":["<a href=\"https:\/\/sindaopcpb.org.br\/antt\/\" class=\"advgb-post-tax-term\">ANTT<\/a>","<a href=\"https:\/\/sindaopcpb.org.br\/economia\/\" class=\"advgb-post-tax-term\">Economia<\/a>","<a href=\"https:\/\/sindaopcpb.org.br\/g1\/\" class=\"advgb-post-tax-term\">G1<\/a>","<a href=\"https:\/\/sindaopcpb.org.br\/politica\/\" class=\"advgb-post-tax-term\">POLITICA<\/a>","<a href=\"https:\/\/sindaopcpb.org.br\/rodovias\/\" class=\"advgb-post-tax-term\">Rodovias<\/a>","<a href=\"https:\/\/sindaopcpb.org.br\/tcu\/\" class=\"advgb-post-tax-term\">TCU<\/a>"],"unlinked":["<span class=\"advgb-post-tax-term\">ANTT<\/span>","<span class=\"advgb-post-tax-term\">Economia<\/span>","<span class=\"advgb-post-tax-term\">G1<\/span>","<span class=\"advgb-post-tax-term\">POLITICA<\/span>","<span class=\"advgb-post-tax-term\">Rodovias<\/span>","<span class=\"advgb-post-tax-term\">TCU<\/span>"]},"tags":{"linked":["<a href=\"https:\/\/sindaopcpb.org.br\/tcu\/\" class=\"advgb-post-tax-term\">g1<\/a>"],"unlinked":["<span class=\"advgb-post-tax-term\">g1<\/span>"]}},"comment_count":"0","relative_dates":{"created":"Publicado 3 anos atr\u00e1s","modified":"Atualizado 3 anos atr\u00e1s"},"absolute_dates":{"created":"Publicado em 20 de abril de 2023","modified":"Atualizado em 20 de abril de 2023"},"absolute_dates_time":{"created":"Publicado em 20 de abril de 2023 10:07","modified":"Atualizado em 20 de abril de 2023 10:07"},"featured_img_caption":"","series_order":"","_links":{"self":[{"href":"https:\/\/sindaopcpb.org.br\/index.php\/wp-json\/wp\/v2\/posts\/12962","targetHints":{"allow":["GET"]}}],"collection":[{"href":"https:\/\/sindaopcpb.org.br\/index.php\/wp-json\/wp\/v2\/posts"}],"about":[{"href":"https:\/\/sindaopcpb.org.br\/index.php\/wp-json\/wp\/v2\/types\/post"}],"author":[{"embeddable":true,"href":"https:\/\/sindaopcpb.org.br\/index.php\/wp-json\/wp\/v2\/users\/43"}],"replies":[{"embeddable":true,"href":"https:\/\/sindaopcpb.org.br\/index.php\/wp-json\/wp\/v2\/comments?post=12962"}],"version-history":[{"count":1,"href":"https:\/\/sindaopcpb.org.br\/index.php\/wp-json\/wp\/v2\/posts\/12962\/revisions"}],"predecessor-version":[{"id":12963,"href":"https:\/\/sindaopcpb.org.br\/index.php\/wp-json\/wp\/v2\/posts\/12962\/revisions\/12963"}],"wp:attachment":[{"href":"https:\/\/sindaopcpb.org.br\/index.php\/wp-json\/wp\/v2\/media?parent=12962"}],"wp:term":[{"taxonomy":"category","embeddable":true,"href":"https:\/\/sindaopcpb.org.br\/index.php\/wp-json\/wp\/v2\/categories?post=12962"},{"taxonomy":"post_tag","embeddable":true,"href":"https:\/\/sindaopcpb.org.br\/index.php\/wp-json\/wp\/v2\/tags?post=12962"}],"curies":[{"name":"wp","href":"https:\/\/api.w.org\/{rel}","templated":true}]}}