{"id":12960,"date":"2023-04-20T10:20:00","date_gmt":"2023-04-20T13:20:00","guid":{"rendered":"https:\/\/www.infomoney.com.br\/?p=2112925"},"modified":"2023-04-20T10:20:00","modified_gmt":"2023-04-20T13:20:00","slug":"stf-fim-da-incidencia-de-icms-sobre-transferencia-de-mercadorias-vale-a-partir-de-2024","status":"publish","type":"post","link":"https:\/\/sindaopcpb.org.br\/index.php\/2023\/04\/20\/stf-fim-da-incidencia-de-icms-sobre-transferencia-de-mercadorias-vale-a-partir-de-2024\/","title":{"rendered":"STF: fim da incid\u00eancia de ICMS sobre transfer\u00eancia de mercadorias vale a partir de 2024"},"content":{"rendered":"<p><img loading=\"lazy\" width=\"300\" height=\"169\" src=\"https:\/\/www.infomoney.com.br\/wp-content\/uploads\/2022\/07\/Fachada-STF-1024x576-1.webp?fit=300%2C169&amp;quality=70&amp;strip=all\" class=\"attachment-medium size-medium wp-post-image\" alt=\"\" decoding=\"async\" style=\"float:right; margin:0 0 10px 10px;\" srcset=\"https:\/\/www.infomoney.com.br\/wp-content\/uploads\/2022\/07\/Fachada-STF-1024x576-1.webp?w=1024&amp;quality=70&amp;strip=all 1024w, https:\/\/www.infomoney.com.br\/wp-content\/uploads\/2022\/07\/Fachada-STF-1024x576-1.webp?w=300&amp;quality=70&amp;strip=all 300w, https:\/\/www.infomoney.com.br\/wp-content\/uploads\/2022\/07\/Fachada-STF-1024x576-1.webp?w=768&amp;quality=70&amp;strip=all 768w, https:\/\/www.infomoney.com.br\/wp-content\/uploads\/2022\/07\/Fachada-STF-1024x576-1.webp?w=360&amp;quality=70&amp;strip=all 360w, https:\/\/www.infomoney.com.br\/wp-content\/uploads\/2022\/07\/Fachada-STF-1024x576-1.webp?w=755&amp;quality=70&amp;strip=all 755w, https:\/\/www.infomoney.com.br\/wp-content\/uploads\/2022\/07\/Fachada-STF-1024x576-1.webp?w=916&amp;quality=70&amp;strip=all 916w, https:\/\/www.infomoney.com.br\/wp-content\/uploads\/2022\/07\/Fachada-STF-1024x576-1.webp?w=150&amp;quality=70&amp;strip=all 150w\" sizes=\"auto, (max-width: 300px) 100vw, 300px\" data-attachment-id=\"1884040\" data-permalink=\"https:\/\/www.infomoney.com.br\/fachada-stf-1024x576\/\" data-orig-file=\"https:\/\/www.infomoney.com.br\/wp-content\/uploads\/2022\/07\/Fachada-STF-1024x576-1.webp?fit=1024%2C576&amp;quality=70&amp;strip=all\" data-orig-size=\"1024,576\" data-comments-opened=\"1\" data-image-meta=\"{&quot;aperture&quot;:&quot;0&quot;,&quot;credit&quot;:&quot;&quot;,&quot;camera&quot;:&quot;&quot;,&quot;caption&quot;:&quot;&quot;,&quot;created_timestamp&quot;:&quot;0&quot;,&quot;copyright&quot;:&quot;&quot;,&quot;focal_length&quot;:&quot;0&quot;,&quot;iso&quot;:&quot;0&quot;,&quot;shutter_speed&quot;:&quot;0&quot;,&quot;title&quot;:&quot;&quot;,&quot;orientation&quot;:&quot;0&quot;}\" data-image-title=\"Fachada-STF-1024&#215;576\" data-image-description=\"\" data-image-caption=\"&lt;p&gt;Fachada do STF, em Bras\u00edlia&lt;\/p&gt;\n\" data-medium-file=\"https:\/\/www.infomoney.com.br\/wp-content\/uploads\/2022\/07\/Fachada-STF-1024x576-1.webp?fit=300%2C169&amp;quality=70&amp;strip=all\" data-large-file=\"https:\/\/www.infomoney.com.br\/wp-content\/uploads\/2022\/07\/Fachada-STF-1024x576-1.webp?fit=1024%2C576&amp;quality=70&amp;strip=all\" title=\"\"><\/p>\n<p>O Supremo Tribunal Federal (STF) proclamou nesta quarta-feira (19), o resultado do julgamento que discute o destino dos cr\u00e9ditos de ICMS (a ADC 49), que tem impacto bilion\u00e1rio para o varejo e o com\u00e9rcio eletr\u00f4nico.<\/p>\n<p>Ficou definido que os efeitos da decis\u00e3o que proibiu a incid\u00eancia de ICMS sobre o envio de mercadorias entre estabelecimentos de uma mesma empresa em Estados diferentes valer\u00e3o a partir de 2024, conforme o voto do relator, ministro Edson Fachin.<\/p>\n<p>Passado esse prazo, se os estados n\u00e3o regulamentarem a transfer\u00eancia de cr\u00e9ditos aos quais as empresas tinham direito nessas transa\u00e7\u00f5es, &#8220;fica reconhecido o direito dos sujeitos passivos de transferirem tais cr\u00e9ditos&#8221;, de acordo com a proclama\u00e7\u00e3o do julgamento lida pela presidente da Corte, Rosa Weber.<\/p>\n<p>A a\u00e7\u00e3o, que foi julgada em plen\u00e1rio virtual, foi levada ao plen\u00e1rio f\u00edsico ap\u00f3s restarem d\u00favidas sobre a modula\u00e7\u00e3o de efeitos da decis\u00e3o. Isso porque o placar foi de 6 a 5, mas o qu\u00f3rum necess\u00e1rio para a modula\u00e7\u00e3o de efeitos \u00e9 de dois ter\u00e7os da Corte &#8211; ou seja, oito votos.<\/p>\n<p>Ao levantar a quest\u00e3o, a presidente da Corte, Rosa Weber, disse que o qu\u00f3rum para modula\u00e7\u00e3o chegou aos oito votos necess\u00e1rios porque todos os ministros votaram a favor da modula\u00e7\u00e3o &#8211; apenas divergiram em rela\u00e7\u00e3o aos seus termos. N\u00e3o houve diverg\u00eancias nessa interpreta\u00e7\u00e3o.<\/p>\n<p><b>Vota\u00e7\u00e3o\u00a0<\/b><\/p>\n<p>Os ministros se dividiram em duas teses diferentes. Seis deles (Edson Fachin, relator da a\u00e7\u00e3o, C\u00e1rmen L\u00facia, Ricardo Lewandowski, Lu\u00eds Roberto Barroso e Rosa Weber) votaram para que os efeitos da decis\u00e3o comecem a valer em 2024. Seu voto foi considerado por tributaristas o mais vantajoso para os contribuintes.<\/p>\n<p>Outros cinco ministros (Dias Toffoli, Alexandre de Moraes, Nunes Marques, Luiz Fux e Andr\u00e9 Mendon\u00e7a) votaram para que a decis\u00e3o produza efeitos 18 meses ap\u00f3s a data de publica\u00e7\u00e3o da ata deste julgamento, sem definir o que acontecer\u00e1 caso os estados n\u00e3o regulamentem a transfer\u00eancia de cr\u00e9ditos. Na pr\u00e1tica, as empresas perderiam o direito de aproveitar os cr\u00e9ditos ap\u00f3s esse prazo.<\/p>\n<p>The post <a rel=\"nofollow noopener\" href=\"https:\/\/www.infomoney.com.br\/negocios\/stf-fim-da-incidencia-de-icms-sobre-transferencia-de-mercadorias-vale-a-partir-de-2024\/\" target=\"_blank\">STF: fim da incid\u00eancia de ICMS sobre transfer\u00eancia de mercadorias vale a partir de 2024<\/a> appeared first on <a rel=\"nofollow noopener\" href=\"https:\/\/www.infomoney.com.br\/\" target=\"_blank\">InfoMoney<\/a>.<\/p>\n","protected":false},"excerpt":{"rendered":"<p><img loading=\"lazy\" decoding=\"async\" width=\"300\" height=\"169\" src=\"https:\/\/www.infomoney.com.br\/wp-content\/uploads\/2022\/07\/Fachada-STF-1024x576-1.webp?fit=300%2C169&amp;quality=70&amp;strip=all\" class=\"attachment-medium size-medium wp-post-image\" alt=\"\" data-attachment-id=\"1884040\" data-permalink=\"https:\/\/www.infomoney.com.br\/fachada-stf-1024x576\/\" data-orig-file=\"https:\/\/www.infomoney.com.br\/wp-content\/uploads\/2022\/07\/Fachada-STF-1024x576-1.webp?fit=1024%2C576&amp;quality=70&amp;strip=all\" data-orig-size=\"1024,576\" data-comments-opened=\"1\" data-image-meta='{\"aperture\":\"0\",\"credit\":\"\",\"camera\":\"\",\"caption\":\"\",\"created_timestamp\":\"0\",\"copyright\":\"\",\"focal_length\":\"0\",\"iso\":\"0\",\"shutter_speed\":\"0\",\"title\":\"\",\"orientation\":\"0\"}' data-image-title=\"Fachada-STF-1024\u00d7576\" data-image-description=\"\" data-image-caption=\"&lt;p&gt;Fachada do STF, em Bras\u00edlia&lt;\/p&gt;\n\" data-medium-file=\"https:\/\/www.infomoney.com.br\/wp-content\/uploads\/2022\/07\/Fachada-STF-1024x576-1.webp?fit=300%2C169&amp;quality=70&amp;strip=all\" data-large-file=\"https:\/\/www.infomoney.com.br\/wp-content\/uploads\/2022\/07\/Fachada-STF-1024x576-1.webp?fit=1024%2C576&amp;quality=70&amp;strip=all\">O julgamento discutiu o destino dos cr\u00e9ditos de ICMS (a ADC 49), que tem impacto bilion\u00e1rio para o varejo e o com\u00e9rcio eletr\u00f4nico<\/p>\n<p>The post <a rel=\"nofollow\" href=\"https:\/\/www.infomoney.com.br\/negocios\/stf-fim-da-incidencia-de-icms-sobre-transferencia-de-mercadorias-vale-a-partir-de-2024\/\">STF: fim da incid\u00eancia de ICMS sobre transfer\u00eancia de mercadorias vale a partir de 2024<\/a> appeared first on <a rel=\"nofollow\" href=\"https:\/\/www.infomoney.com.br\/\">InfoMoney<\/a>.<\/p>\n","protected":false},"author":43,"featured_media":0,"comment_status":"closed","ping_status":"closed","sticky":false,"template":"","format":"standard","meta":{"advgb_blocks_editor_width":"","advgb_blocks_columns_visual_guide":"","footnotes":""},"categories":[201,34,128,120,47,540],"tags":[35],"class_list":["post-12960","post","type-post","status-publish","format-standard","hentry","category-consumo","category-g1","category-icms","category-negocios","category-politica","category-varejo","tag-g1"],"author_meta":{"display_name":"Estad\u00e3o Conte\u00fado","author_link":"https:\/\/sindaopcpb.org.br\/author\/estadao-conteudo\/"},"featured_img":null,"coauthors":[],"tax_additional":{"categories":{"linked":["<a href=\"https:\/\/sindaopcpb.org.br\/consumo\/\" class=\"advgb-post-tax-term\">Consumo<\/a>","<a href=\"https:\/\/sindaopcpb.org.br\/g1\/\" class=\"advgb-post-tax-term\">G1<\/a>","<a href=\"https:\/\/sindaopcpb.org.br\/icms\/\" class=\"advgb-post-tax-term\">ICMS<\/a>","<a href=\"https:\/\/sindaopcpb.org.br\/negocios\/\" class=\"advgb-post-tax-term\">Neg\u00f3cios<\/a>","<a href=\"https:\/\/sindaopcpb.org.br\/politica\/\" class=\"advgb-post-tax-term\">POLITICA<\/a>","<a href=\"https:\/\/sindaopcpb.org.br\/varejo\/\" class=\"advgb-post-tax-term\">Varejo<\/a>"],"unlinked":["<span class=\"advgb-post-tax-term\">Consumo<\/span>","<span class=\"advgb-post-tax-term\">G1<\/span>","<span class=\"advgb-post-tax-term\">ICMS<\/span>","<span class=\"advgb-post-tax-term\">Neg\u00f3cios<\/span>","<span class=\"advgb-post-tax-term\">POLITICA<\/span>","<span class=\"advgb-post-tax-term\">Varejo<\/span>"]},"tags":{"linked":["<a href=\"https:\/\/sindaopcpb.org.br\/varejo\/\" class=\"advgb-post-tax-term\">g1<\/a>"],"unlinked":["<span class=\"advgb-post-tax-term\">g1<\/span>"]}},"comment_count":"0","relative_dates":{"created":"Publicado 3 anos atr\u00e1s","modified":"Atualizado 3 anos atr\u00e1s"},"absolute_dates":{"created":"Publicado em 20 de abril de 2023","modified":"Atualizado em 20 de abril de 2023"},"absolute_dates_time":{"created":"Publicado em 20 de abril de 2023 10:20","modified":"Atualizado em 20 de abril de 2023 10:20"},"featured_img_caption":"","series_order":"","_links":{"self":[{"href":"https:\/\/sindaopcpb.org.br\/index.php\/wp-json\/wp\/v2\/posts\/12960","targetHints":{"allow":["GET"]}}],"collection":[{"href":"https:\/\/sindaopcpb.org.br\/index.php\/wp-json\/wp\/v2\/posts"}],"about":[{"href":"https:\/\/sindaopcpb.org.br\/index.php\/wp-json\/wp\/v2\/types\/post"}],"author":[{"embeddable":true,"href":"https:\/\/sindaopcpb.org.br\/index.php\/wp-json\/wp\/v2\/users\/43"}],"replies":[{"embeddable":true,"href":"https:\/\/sindaopcpb.org.br\/index.php\/wp-json\/wp\/v2\/comments?post=12960"}],"version-history":[{"count":1,"href":"https:\/\/sindaopcpb.org.br\/index.php\/wp-json\/wp\/v2\/posts\/12960\/revisions"}],"predecessor-version":[{"id":12961,"href":"https:\/\/sindaopcpb.org.br\/index.php\/wp-json\/wp\/v2\/posts\/12960\/revisions\/12961"}],"wp:attachment":[{"href":"https:\/\/sindaopcpb.org.br\/index.php\/wp-json\/wp\/v2\/media?parent=12960"}],"wp:term":[{"taxonomy":"category","embeddable":true,"href":"https:\/\/sindaopcpb.org.br\/index.php\/wp-json\/wp\/v2\/categories?post=12960"},{"taxonomy":"post_tag","embeddable":true,"href":"https:\/\/sindaopcpb.org.br\/index.php\/wp-json\/wp\/v2\/tags?post=12960"}],"curies":[{"name":"wp","href":"https:\/\/api.w.org\/{rel}","templated":true}]}}