{"id":12651,"date":"2023-04-18T14:45:12","date_gmt":"2023-04-18T17:45:12","guid":{"rendered":"https:\/\/g1.globo.com\/pb\/paraiba\/noticia\/2023\/04\/18\/homem-e-preso-suspeito-de-participar-de-esquema-de-furto-de-fios-em-joao-pessoa.ghtml"},"modified":"2023-04-18T14:45:12","modified_gmt":"2023-04-18T17:45:12","slug":"homem-e-preso-suspeito-de-participar-de-esquema-de-furto-de-fios-em-joao-pessoa","status":"publish","type":"post","link":"https:\/\/sindaopcpb.org.br\/index.php\/2023\/04\/18\/homem-e-preso-suspeito-de-participar-de-esquema-de-furto-de-fios-em-joao-pessoa\/","title":{"rendered":"Homem \u00e9 preso suspeito de participar de esquema de furto de fios, em Jo\u00e3o Pessoa"},"content":{"rendered":"   <img src=\"https:\/\/s2.glbimg.com\/M0nt28281MLd3y9qvhSzmYEZ8gs=\/i.s3.glbimg.com\/v1\/AUTH_59edd422c0c84a879bd37670ae4f538a\/internal_photos\/bs\/2023\/j\/q\/VNHEO3T1O80sAcG7FSXQ\/fios.jpg\" \/><br \/>     Suspeito presta servi\u00e7o em uma empresa que atende a Energisa de forma terceirizada. Com ele, a pol\u00edcia apreendeu 800 metros de fia\u00e7\u00e3o de alum\u00ednio ainda plastificados. Fios furtados estavam embalados e com a etiqueta da Energisa\nReprodu\u00e7\u00e3o\/TV Cabo Branco\nUm homem foi preso suspeito de estar envolvido em um esquema de furto de fios em Jo\u00e3o Pessoa, nesta segunda-feira (17), no bairro Jo\u00e3o Paulo II. O suspeito presta servi\u00e7o em uma empresa que atende a Energisa - empresa de distribui\u00e7\u00e3o de energia el\u00e9trica com atua\u00e7\u00e3o no estado da Para\u00edba - de forma terceirizada. Com ele, a pol\u00edcia apreendeu 800 metros de fia\u00e7\u00e3o de alum\u00ednio ainda plastificados, com uma etiqueta com o nome da empresa que presta servi\u00e7o de energia el\u00e9trica no estado. \nO homem tamb\u00e9m \u00e9 investigado por participar de um grupo que pratica esse tipo de furto na capital. \nA delegada de Crimes contra o Patrim\u00f4nio, Em\u00edlia Ferraz, disse que o homem foi preso em flagrante, na pr\u00f3pria resid\u00eancia, onde foi encontrada a metragem de fios. A linha de investiga\u00e7\u00e3o \u00e9 de que ele faz parte de um grupo que tem como alvo das a\u00e7\u00f5es a Energisa. \nAl\u00e9m disso, a delegada ainda afirmou que quando perguntado sobre a origem dos fios, o homem n\u00e3o soube responder com exatid\u00e3o a proced\u00eancia do material. Outras pessoas que faziam parte do esquema foram identificadas.\nO homem ficou \u00e0 disposi\u00e7\u00e3o da Justi\u00e7a e pode responder pelos crimes de furto e recepta\u00e7\u00e3o criminosa. \nEm contato com o g1, a Energisa disse que repudia qualquer ato de criminalidade e informou que acompanhar\u00e1 as investiga\u00e7\u00f5es. A concession\u00e1ria tamb\u00e9m ressaltou que segue apoiando as autoridades no que for necess\u00e1rio para esclarecimento do fato.\nV\u00eddeos mais assistidos do g1 Para\u00edba  ","protected":false},"excerpt":{"rendered":"<p>        Suspeito presta servi\u00e7o em uma empresa que atende a Energisa de forma terceirizada. Com ele, a pol\u00edcia apreendeu 800 metros de fia\u00e7\u00e3o de alum\u00ednio ainda plastificados. Fios furtados estavam embalados e com a etiqueta da Energisa<br \/>\nReprodu\u00e7\u00e3o\/TV Ca&#8230;<\/p>\n","protected":false},"author":2,"featured_media":0,"comment_status":"closed","ping_status":"closed","sticky":false,"template":"","format":"standard","meta":{"advgb_blocks_editor_width":"","advgb_blocks_columns_visual_guide":"","footnotes":""},"categories":[34],"tags":[35],"class_list":["post-12651","post","type-post","status-publish","format-standard","hentry","category-g1","tag-g1"],"author_meta":{"display_name":"g1 &gt; Para\u00edba","author_link":"https:\/\/sindaopcpb.org.br\/author\/g1-paraiba\/"},"featured_img":null,"coauthors":[],"tax_additional":{"categories":{"linked":["<a href=\"https:\/\/sindaopcpb.org.br\/g1\/\" class=\"advgb-post-tax-term\">G1<\/a>"],"unlinked":["<span class=\"advgb-post-tax-term\">G1<\/span>"]},"tags":{"linked":["<a href=\"https:\/\/sindaopcpb.org.br\/g1\/\" class=\"advgb-post-tax-term\">g1<\/a>"],"unlinked":["<span class=\"advgb-post-tax-term\">g1<\/span>"]}},"comment_count":"0","relative_dates":{"created":"Publicado 3 anos atr\u00e1s","modified":"Atualizado 3 anos atr\u00e1s"},"absolute_dates":{"created":"Publicado em 18 de abril de 2023","modified":"Atualizado em 18 de abril de 2023"},"absolute_dates_time":{"created":"Publicado em 18 de abril de 2023 14:45","modified":"Atualizado em 18 de abril de 2023 14:45"},"featured_img_caption":"","series_order":"","_links":{"self":[{"href":"https:\/\/sindaopcpb.org.br\/index.php\/wp-json\/wp\/v2\/posts\/12651","targetHints":{"allow":["GET"]}}],"collection":[{"href":"https:\/\/sindaopcpb.org.br\/index.php\/wp-json\/wp\/v2\/posts"}],"about":[{"href":"https:\/\/sindaopcpb.org.br\/index.php\/wp-json\/wp\/v2\/types\/post"}],"author":[{"embeddable":true,"href":"https:\/\/sindaopcpb.org.br\/index.php\/wp-json\/wp\/v2\/users\/2"}],"replies":[{"embeddable":true,"href":"https:\/\/sindaopcpb.org.br\/index.php\/wp-json\/wp\/v2\/comments?post=12651"}],"version-history":[{"count":1,"href":"https:\/\/sindaopcpb.org.br\/index.php\/wp-json\/wp\/v2\/posts\/12651\/revisions"}],"predecessor-version":[{"id":12652,"href":"https:\/\/sindaopcpb.org.br\/index.php\/wp-json\/wp\/v2\/posts\/12651\/revisions\/12652"}],"wp:attachment":[{"href":"https:\/\/sindaopcpb.org.br\/index.php\/wp-json\/wp\/v2\/media?parent=12651"}],"wp:term":[{"taxonomy":"category","embeddable":true,"href":"https:\/\/sindaopcpb.org.br\/index.php\/wp-json\/wp\/v2\/categories?post=12651"},{"taxonomy":"post_tag","embeddable":true,"href":"https:\/\/sindaopcpb.org.br\/index.php\/wp-json\/wp\/v2\/tags?post=12651"}],"curies":[{"name":"wp","href":"https:\/\/api.w.org\/{rel}","templated":true}]}}