{"id":12620,"date":"2023-04-18T13:46:40","date_gmt":"2023-04-18T16:46:40","guid":{"rendered":"https:\/\/www.infomoney.com.br\/?p=2111215"},"modified":"2023-04-18T13:46:40","modified_gmt":"2023-04-18T16:46:40","slug":"arcabouco-fiscal-tera-mais-de-10-excecoes-ja-previstas-no-teto-de-gastos-mas-vai-limitar-aportes-no-bndes-e-na-caixa","status":"publish","type":"post","link":"https:\/\/sindaopcpb.org.br\/index.php\/2023\/04\/18\/arcabouco-fiscal-tera-mais-de-10-excecoes-ja-previstas-no-teto-de-gastos-mas-vai-limitar-aportes-no-bndes-e-na-caixa\/","title":{"rendered":"Arcabou\u00e7o fiscal ter\u00e1 mais de 10 exce\u00e7\u00f5es j\u00e1 previstas no teto de gastos, mas vai limitar aportes no BNDES e na Caixa"},"content":{"rendered":"<p><img loading=\"lazy\" width=\"300\" height=\"200\" src=\"https:\/\/www.infomoney.com.br\/wp-content\/uploads\/2023\/03\/WhatsApp-Image-2023-03-30-at-12.25.25.jpeg?fit=300%2C200&amp;quality=70&amp;strip=all\" class=\"attachment-medium size-medium wp-post-image\" alt=\"\" decoding=\"async\" style=\"float:right; margin:0 0 10px 10px;\" srcset=\"https:\/\/www.infomoney.com.br\/wp-content\/uploads\/2023\/03\/WhatsApp-Image-2023-03-30-at-12.25.25.jpeg?w=1600&amp;quality=70&amp;strip=all 1600w, https:\/\/www.infomoney.com.br\/wp-content\/uploads\/2023\/03\/WhatsApp-Image-2023-03-30-at-12.25.25.jpeg?w=300&amp;quality=70&amp;strip=all 300w, https:\/\/www.infomoney.com.br\/wp-content\/uploads\/2023\/03\/WhatsApp-Image-2023-03-30-at-12.25.25.jpeg?w=768&amp;quality=70&amp;strip=all 768w, https:\/\/www.infomoney.com.br\/wp-content\/uploads\/2023\/03\/WhatsApp-Image-2023-03-30-at-12.25.25.jpeg?w=1280&amp;quality=70&amp;strip=all 1280w, https:\/\/www.infomoney.com.br\/wp-content\/uploads\/2023\/03\/WhatsApp-Image-2023-03-30-at-12.25.25.jpeg?w=1536&amp;quality=70&amp;strip=all 1536w, https:\/\/www.infomoney.com.br\/wp-content\/uploads\/2023\/03\/WhatsApp-Image-2023-03-30-at-12.25.25.jpeg?w=150&amp;quality=70&amp;strip=all 150w\" sizes=\"auto, (max-width: 300px) 100vw, 300px\" data-attachment-id=\"2096423\" data-permalink=\"https:\/\/www.infomoney.com.br\/whatsapp-image-2023-03-30-at-12-25-25\/\" data-orig-file=\"https:\/\/www.infomoney.com.br\/wp-content\/uploads\/2023\/03\/WhatsApp-Image-2023-03-30-at-12.25.25.jpeg?fit=1600%2C1067&amp;quality=70&amp;strip=all\" data-orig-size=\"1600,1067\" data-comments-opened=\"0\" data-image-meta=\"{&quot;aperture&quot;:&quot;0&quot;,&quot;credit&quot;:&quot;&quot;,&quot;camera&quot;:&quot;&quot;,&quot;caption&quot;:&quot;&quot;,&quot;created_timestamp&quot;:&quot;0&quot;,&quot;copyright&quot;:&quot;&quot;,&quot;focal_length&quot;:&quot;0&quot;,&quot;iso&quot;:&quot;0&quot;,&quot;shutter_speed&quot;:&quot;0&quot;,&quot;title&quot;:&quot;&quot;,&quot;orientation&quot;:&quot;0&quot;}\" data-image-title=\"Simone Tebet e Fernando Haddad\" data-image-description=\"\" data-image-caption=\"&lt;p&gt;Simone Tebet e Fernando Haddad (Diogo Zacarias \/ MF)&lt;\/p&gt;\n\" data-medium-file=\"https:\/\/www.infomoney.com.br\/wp-content\/uploads\/2023\/03\/WhatsApp-Image-2023-03-30-at-12.25.25.jpeg?fit=300%2C200&amp;quality=70&amp;strip=all\" data-large-file=\"https:\/\/www.infomoney.com.br\/wp-content\/uploads\/2023\/03\/WhatsApp-Image-2023-03-30-at-12.25.25.jpeg?fit=1280%2C854&amp;quality=70&amp;strip=all\" title=\"\"><\/p>\n<p>O projeto de lei complementar do <strong>novo arcabou\u00e7o fiscal<\/strong>, que ser\u00e1 entregue pelo governo do presidente Luiz In\u00e1cio Lula da Silva (PT) ao Congresso Nacional na tarde desta ter\u00e7a-feira (18), deixar\u00e1 algumas regras de fora da regra do limite para a evolu\u00e7\u00e3o das despesas p\u00fablicas, como atualmente j\u00e1 ocorre com o teto de gastos.<\/p>\n<p>O texto ter\u00e1 excepcionalidades como transfer\u00eancias constitucionais a estados e munic\u00edpios, despesas realizadas por meio de cr\u00e9dito extraordin\u00e1rio (seguindo os crit\u00e9rios de imprevisibilidade e urg\u00eancia), precat\u00f3rios do Fundef, acordos de precat\u00f3rios a serem pagos com desconto, transfer\u00eancias a fundos de entes subnacionais para cumprimento dos pisos de enfermagem, entre outros. As informa\u00e7\u00f5es foram publicadas inicialmente pelo site da <em>Folha de S.Paulo<\/em>.<\/p>\n<p>Os gastos com aumento de capital de empresas estatais n\u00e3o dependentes do Tesouro Nacional tamb\u00e9m dever\u00e3o ficar de fora da regra, seguindo o que j\u00e1 ocorre no caso do teto de gastos. Mas a nova proposta ter\u00e1 uma trava no caso de empresas estatais financeiras.<\/p>\n<p>O dispositivo faz com que eventuais aportes feitos a bancos p\u00fablicos como BNDES (Banco Nacional de Desenvolvimento Econ\u00f4mico e Social) e Caixa Econ\u00f4mica Federal sejam contabilizados na regra, consumindo parte do espa\u00e7o das despesas dispon\u00edveis em um exerc\u00edcio. A mesma limita\u00e7\u00e3o valer\u00e1 para empresas dependentes do Tesouro Nacional.<\/p>\n<p>A informa\u00e7\u00e3o foi confirmada pelo ministro da Fazenda, Fernando Haddad (PT). Em conversa com jornalistas, ele disse que a limita\u00e7\u00e3o para a capitaliza\u00e7\u00e3o de estatais financeiras foi um esfor\u00e7o do governo para minimizar especula\u00e7\u00f5es que cresciam no mercado. Ele refor\u00e7ou, ainda, que no momento n\u00e3o h\u00e1 planos de qualquer tipo de opera\u00e7\u00e3o nesse sentido.<\/p>\n<p>\u201cO que \u00e9 constitucional est\u00e1 fora da regra de gastos, porque a Constitui\u00e7\u00e3o que determina. Mas a capitaliza\u00e7\u00e3o de empresas financeiras decidimos trazer para dentro da regra, para evitar especula\u00e7\u00e3o sobre capitaliza\u00e7\u00e3o de estatais que atuam no mercado financeiro. \u00c9 um rumor que estava causando ru\u00eddo no mercado\u201d, disse.<\/p>\n<p>Haddad disse esperar uma tramita\u00e7\u00e3o \u201cc\u00e9lere\u201d do projeto de lei complementar do novo marco fiscal, de modo a viabilizar a constru\u00e7\u00e3o do Projeto de Lei Or\u00e7ament\u00e1ria Anual (PLOA) de 2024 sob as novas regras. O texto precisa ser encaminhado pelo Minist\u00e9rio do Planejamento e Or\u00e7amento ao parlamento at\u00e9 o fim de agosto.<\/p>\n<p>Eis as exce\u00e7\u00f5es esperadas para a regra de gastos:<\/p>\n<ol>\n<li>Transfer\u00eancias constitucionais a estados e munic\u00edpios e ao fundo do Distrito Federal a t\u00edtulo de ensino, reparti\u00e7\u00e3o com recursos de petr\u00f3leo e reparti\u00e7\u00e3o tribut\u00e1ria.<\/p>\n<\/li>\n<li>\n<p>Complementa\u00e7\u00f5es do Fundeb a estados e munic\u00edpios<\/p>\n<\/li>\n<li>\n<p>Transfer\u00eancias legais a estados e munic\u00edpios de recursos obtidos com concess\u00e3o florestal<\/p>\n<\/li>\n<li>\n<p>Transfer\u00eancias aos fundos de sa\u00fade de estados e munic\u00edpios para complementar recursos para o cumprimento dos pisos nacionais da enfermagem<\/p>\n<\/li>\n<li>\n<p>Cr\u00e9ditos extraordin\u00e1rios, liberados em casos imprevis\u00edveis e urgentes (como os decorrentes de guerra, como\u00e7\u00e3o interna ou calamidade p\u00fablica)<\/p>\n<\/li>\n<li>\n<p>Despesas com projetos socioambientais ou relativos \u00e0s mudan\u00e7as clim\u00e1ticas custeadas com recursos de doa\u00e7\u00f5es, al\u00e9m de despesas com projetos custeados por acordos judiciais ou extrajudiciais firmados em fun\u00e7\u00e3o de desastres ambientais<\/p>\n<\/li>\n<li>\n<p>Despesas das universidades e institui\u00e7\u00f5es federais, e das empresas p\u00fablicas da Uni\u00e3o prestadoras de servi\u00e7os para hospitais universit\u00e1rios federais, quando custeadas com receitas pr\u00f3prias, de doa\u00e7\u00f5es ou de conv\u00eanios<\/p>\n<\/li>\n<li>\n<p>Despesas custeadas com recursos oriundos de transfer\u00eancias dos demais entes da Federa\u00e7\u00e3o para a Uni\u00e3o destinados \u00e0 execu\u00e7\u00e3o direta de obras e servi\u00e7os de engenharia<\/p>\n<\/li>\n<li>\n<p>Despesas com acordos de precat\u00f3rios a serem pagos com desconto<\/p>\n<\/li>\n<li>\n<p>Despesas com precat\u00f3rios do Fundef devidos a estados e munic\u00edpios<\/p>\n<\/li>\n<li>\n<p>Despesas n\u00e3o recorrentes da Justi\u00e7a Eleitoral com a realiza\u00e7\u00e3o de elei\u00e7\u00f5es<\/p>\n<\/li>\n<li>\n<p>Despesas com aumento de capital de empresas estatais n\u00e3o financeiras e n\u00e3o dependentes<\/p>\n<\/li>\n<li>\n<p>Despesas relativas \u00e0 cobran\u00e7a pela gest\u00e3o de recursos h\u00eddricos da Ag\u00eancia Nacional de \u00c1guas.<\/p>\n<\/li>\n<\/ol>\n<p>Com exce\u00e7\u00e3o do \u00faltimo item, todos j\u00e1 est\u00e3o previstos no teto de gastos, com as altera\u00e7\u00f5es inclu\u00eddas pela PEC da Transi\u00e7\u00e3o e a PEC da enfermagem.<\/p>\n<p>The post <a rel=\"nofollow noopener\" href=\"https:\/\/www.infomoney.com.br\/politica\/arcabouco-fiscal-tera-mais-de-10-excecoes-ja-previstas-no-teto-de-gastos-mas-limitara-aportes-no-bndes-e-na-caixa\/\" target=\"_blank\">Arcabou\u00e7o fiscal ter\u00e1 mais de 10 exce\u00e7\u00f5es j\u00e1 previstas no teto de gastos, mas vai limitar aportes no BNDES e na Caixa<\/a> appeared first on <a rel=\"nofollow noopener\" href=\"https:\/\/www.infomoney.com.br\/\" target=\"_blank\">InfoMoney<\/a>.<\/p>\n","protected":false},"excerpt":{"rendered":"<p><img loading=\"lazy\" decoding=\"async\" width=\"300\" height=\"200\" src=\"https:\/\/www.infomoney.com.br\/wp-content\/uploads\/2023\/03\/WhatsApp-Image-2023-03-30-at-12.25.25.jpeg?fit=300%2C200&amp;quality=70&amp;strip=all\" class=\"attachment-medium size-medium wp-post-image\" alt=\"\" data-attachment-id=\"2096423\" data-permalink=\"https:\/\/www.infomoney.com.br\/whatsapp-image-2023-03-30-at-12-25-25\/\" data-orig-file=\"https:\/\/www.infomoney.com.br\/wp-content\/uploads\/2023\/03\/WhatsApp-Image-2023-03-30-at-12.25.25.jpeg?fit=1600%2C1067&amp;quality=70&amp;strip=all\" data-orig-size=\"1600,1067\" data-comments-opened=\"0\" data-image-meta='{\"aperture\":\"0\",\"credit\":\"\",\"camera\":\"\",\"caption\":\"\",\"created_timestamp\":\"0\",\"copyright\":\"\",\"focal_length\":\"0\",\"iso\":\"0\",\"shutter_speed\":\"0\",\"title\":\"\",\"orientation\":\"0\"}' data-image-title=\"Simone Tebet e Fernando Haddad\" data-image-description=\"\" data-image-caption=\"&lt;p&gt;Simone Tebet e Fernando Haddad (Diogo Zacarias \/ MF)&lt;\/p&gt;\n\" data-medium-file=\"https:\/\/www.infomoney.com.br\/wp-content\/uploads\/2023\/03\/WhatsApp-Image-2023-03-30-at-12.25.25.jpeg?fit=300%2C200&amp;quality=70&amp;strip=all\" data-large-file=\"https:\/\/www.infomoney.com.br\/wp-content\/uploads\/2023\/03\/WhatsApp-Image-2023-03-30-at-12.25.25.jpeg?fit=1280%2C854&amp;quality=70&amp;strip=all\">Projeto de lei complementar dever\u00e1 ser entregue ao Congresso Nacional na tarde desta ter\u00e7a-feira<\/p>\n<p>The post <a rel=\"nofollow\" href=\"https:\/\/www.infomoney.com.br\/politica\/arcabouco-fiscal-tera-mais-de-10-excecoes-ja-previstas-no-teto-de-gastos-mas-limitara-aportes-no-bndes-e-na-caixa\/\">Arcabou\u00e7o fiscal ter\u00e1 mais de 10 exce\u00e7\u00f5es j\u00e1 previstas no teto de gastos, mas vai limitar aportes no BNDES e na Caixa<\/a> appeared first on <a rel=\"nofollow\" href=\"https:\/\/www.infomoney.com.br\/\">InfoMoney<\/a>.<\/p>\n","protected":false},"author":52,"featured_media":0,"comment_status":"closed","ping_status":"closed","sticky":false,"template":"","format":"standard","meta":{"advgb_blocks_editor_width":"","advgb_blocks_columns_visual_guide":"","footnotes":""},"categories":[108,1075,69,109,34,129,47,231],"tags":[35],"class_list":["post-12620","post","type-post","status-publish","format-standard","hentry","category-arcabouco-fiscal","category-bancos-publicos","category-economia","category-fernando-haddad","category-g1","category-luiz-inacio-lula-da-silva","category-politica","category-teto-de-gastos","tag-g1"],"author_meta":{"display_name":"Marcos Mortari","author_link":"https:\/\/sindaopcpb.org.br\/author\/marcos-mortari\/"},"featured_img":null,"coauthors":[],"tax_additional":{"categories":{"linked":["<a href=\"https:\/\/sindaopcpb.org.br\/arcabouco-fiscal\/\" class=\"advgb-post-tax-term\">Arcabou\u00e7o Fiscal<\/a>","<a href=\"https:\/\/sindaopcpb.org.br\/bancos-publicos\/\" class=\"advgb-post-tax-term\">Bancos p\u00fablicos<\/a>","<a href=\"https:\/\/sindaopcpb.org.br\/economia\/\" class=\"advgb-post-tax-term\">Economia<\/a>","<a href=\"https:\/\/sindaopcpb.org.br\/fernando-haddad\/\" class=\"advgb-post-tax-term\">FERNANDO HADDAD<\/a>","<a href=\"https:\/\/sindaopcpb.org.br\/g1\/\" class=\"advgb-post-tax-term\">G1<\/a>","<a href=\"https:\/\/sindaopcpb.org.br\/luiz-inacio-lula-da-silva\/\" class=\"advgb-post-tax-term\">Luiz In\u00e1cio Lula da Silva<\/a>","<a href=\"https:\/\/sindaopcpb.org.br\/politica\/\" class=\"advgb-post-tax-term\">POLITICA<\/a>","<a href=\"https:\/\/sindaopcpb.org.br\/teto-de-gastos\/\" class=\"advgb-post-tax-term\">Teto de gastos<\/a>"],"unlinked":["<span class=\"advgb-post-tax-term\">Arcabou\u00e7o Fiscal<\/span>","<span class=\"advgb-post-tax-term\">Bancos p\u00fablicos<\/span>","<span class=\"advgb-post-tax-term\">Economia<\/span>","<span class=\"advgb-post-tax-term\">FERNANDO HADDAD<\/span>","<span class=\"advgb-post-tax-term\">G1<\/span>","<span class=\"advgb-post-tax-term\">Luiz In\u00e1cio Lula da Silva<\/span>","<span class=\"advgb-post-tax-term\">POLITICA<\/span>","<span class=\"advgb-post-tax-term\">Teto de gastos<\/span>"]},"tags":{"linked":["<a href=\"https:\/\/sindaopcpb.org.br\/teto-de-gastos\/\" class=\"advgb-post-tax-term\">g1<\/a>"],"unlinked":["<span class=\"advgb-post-tax-term\">g1<\/span>"]}},"comment_count":"0","relative_dates":{"created":"Publicado 3 anos atr\u00e1s","modified":"Atualizado 3 anos atr\u00e1s"},"absolute_dates":{"created":"Publicado em 18 de abril de 2023","modified":"Atualizado em 18 de abril de 2023"},"absolute_dates_time":{"created":"Publicado em 18 de abril de 2023 13:46","modified":"Atualizado em 18 de abril de 2023 13:46"},"featured_img_caption":"","series_order":"","_links":{"self":[{"href":"https:\/\/sindaopcpb.org.br\/index.php\/wp-json\/wp\/v2\/posts\/12620","targetHints":{"allow":["GET"]}}],"collection":[{"href":"https:\/\/sindaopcpb.org.br\/index.php\/wp-json\/wp\/v2\/posts"}],"about":[{"href":"https:\/\/sindaopcpb.org.br\/index.php\/wp-json\/wp\/v2\/types\/post"}],"author":[{"embeddable":true,"href":"https:\/\/sindaopcpb.org.br\/index.php\/wp-json\/wp\/v2\/users\/52"}],"replies":[{"embeddable":true,"href":"https:\/\/sindaopcpb.org.br\/index.php\/wp-json\/wp\/v2\/comments?post=12620"}],"version-history":[{"count":1,"href":"https:\/\/sindaopcpb.org.br\/index.php\/wp-json\/wp\/v2\/posts\/12620\/revisions"}],"predecessor-version":[{"id":12621,"href":"https:\/\/sindaopcpb.org.br\/index.php\/wp-json\/wp\/v2\/posts\/12620\/revisions\/12621"}],"wp:attachment":[{"href":"https:\/\/sindaopcpb.org.br\/index.php\/wp-json\/wp\/v2\/media?parent=12620"}],"wp:term":[{"taxonomy":"category","embeddable":true,"href":"https:\/\/sindaopcpb.org.br\/index.php\/wp-json\/wp\/v2\/categories?post=12620"},{"taxonomy":"post_tag","embeddable":true,"href":"https:\/\/sindaopcpb.org.br\/index.php\/wp-json\/wp\/v2\/tags?post=12620"}],"curies":[{"name":"wp","href":"https:\/\/api.w.org\/{rel}","templated":true}]}}