{"id":12586,"date":"2023-04-18T11:20:46","date_gmt":"2023-04-18T14:20:46","guid":{"rendered":"https:\/\/www.infomoney.com.br\/?p=2110935"},"modified":"2023-04-18T11:20:46","modified_gmt":"2023-04-18T14:20:46","slug":"pacheco-se-reunira-com-lideres-para-decidir-sobre-sessao-do-congresso","status":"publish","type":"post","link":"https:\/\/sindaopcpb.org.br\/index.php\/2023\/04\/18\/pacheco-se-reunira-com-lideres-para-decidir-sobre-sessao-do-congresso\/","title":{"rendered":"Pacheco se reunir\u00e1 com l\u00edderes para decidir sobre sess\u00e3o do Congresso"},"content":{"rendered":"<p><img loading=\"lazy\" width=\"300\" height=\"200\" src=\"https:\/\/www.infomoney.com.br\/wp-content\/uploads\/2022\/07\/52199147356_b9f3dce7da_c.jpg?fit=300%2C200&amp;quality=70&amp;strip=all\" class=\"attachment-medium size-medium wp-post-image\" alt=\"\" decoding=\"async\" style=\"float:right; margin:0 0 10px 10px;\" srcset=\"https:\/\/www.infomoney.com.br\/wp-content\/uploads\/2022\/07\/52199147356_b9f3dce7da_c.jpg?w=799&amp;quality=70&amp;strip=all 799w, https:\/\/www.infomoney.com.br\/wp-content\/uploads\/2022\/07\/52199147356_b9f3dce7da_c.jpg?w=300&amp;quality=70&amp;strip=all 300w, https:\/\/www.infomoney.com.br\/wp-content\/uploads\/2022\/07\/52199147356_b9f3dce7da_c.jpg?w=768&amp;quality=70&amp;strip=all 768w, https:\/\/www.infomoney.com.br\/wp-content\/uploads\/2022\/07\/52199147356_b9f3dce7da_c.jpg?w=150&amp;quality=70&amp;strip=all 150w\" sizes=\"auto, (max-width: 300px) 100vw, 300px\" data-attachment-id=\"1886325\" data-permalink=\"https:\/\/www.infomoney.com.br\/politica\/pacheco-abre-cpi-do-mec-e-outras-tres-comissoes-mas-investigacoes-ficam-para-depois-das-eleicoes\/attachment\/52199147356_b9f3dce7da_c\/\" data-orig-file=\"https:\/\/www.infomoney.com.br\/wp-content\/uploads\/2022\/07\/52199147356_b9f3dce7da_c.jpg?fit=799%2C533&amp;quality=70&amp;strip=all\" data-orig-size=\"799,533\" data-comments-opened=\"1\" data-image-meta=\"{&quot;aperture&quot;:&quot;0&quot;,&quot;credit&quot;:&quot;Marcos Oliveira\\\/Ag\\u00eancia Senado&quot;,&quot;camera&quot;:&quot;&quot;,&quot;caption&quot;:&quot;&quot;,&quot;created_timestamp&quot;:&quot;0&quot;,&quot;copyright&quot;:&quot;Senado Federal do Brasil&quot;,&quot;focal_length&quot;:&quot;0&quot;,&quot;iso&quot;:&quot;0&quot;,&quot;shutter_speed&quot;:&quot;0&quot;,&quot;title&quot;:&quot;&quot;,&quot;orientation&quot;:&quot;0&quot;}\" data-image-title=\"Rodrigo Pacheco\" data-image-description=\"\" data-image-caption=\"&lt;p&gt;O presidente do Senado Federal, Rodrigo Pacheco (PSD-MG), durante sess\u00e3o no plen\u00e1rio (Foto: Marcos Oliveira\/Ag\u00eancia Senado)&lt;\/p&gt;\n\" data-medium-file=\"https:\/\/www.infomoney.com.br\/wp-content\/uploads\/2022\/07\/52199147356_b9f3dce7da_c.jpg?fit=300%2C200&amp;quality=70&amp;strip=all\" data-large-file=\"https:\/\/www.infomoney.com.br\/wp-content\/uploads\/2022\/07\/52199147356_b9f3dce7da_c.jpg?fit=799%2C533&amp;quality=70&amp;strip=all\" title=\"\"><\/p>\n<p>O presidente do Senado, Rodrigo Pacheco, informou que vai se reunir com os l\u00edderes partid\u00e1rios nesta ter\u00e7a-feira (18) para analisar requerimento que pede o adiamento de sess\u00e3o do Congresso Nacional. A afirma\u00e7\u00e3o foi dada por ele ao chegar a evento no Pal\u00e1cio do Planalto para an\u00fancio de medidas de combate a viol\u00eancia nas escolas.<\/p>\n<p>De acordo com Pacheco, o requerimento de adiamento foi apresentado por \u201cpartidos pol\u00edticos e lideran\u00e7a do governo para que essa sess\u00e3o seja adiada\u201d. A sess\u00e3o foi convocada para esta ter\u00e7a-feira, \u00e0s 12h. Entre os itens a serem analisados pelos congressistas est\u00e1 o requerimento que pede a instala\u00e7\u00e3o da CPI mista para investigar as invas\u00f5es ocorridas em 8 de janeiro, quando os pr\u00e9dios dos tr\u00eas Poderes foram depredados, al\u00e9m de alguns vetos presidenciais e projetos de lei do Congresso Nacional (PLNs).<\/p>\n<p>\u2014\u00a0 O fato \u00e9 que a CPI \u00e9 um direito da minoria, reconhecido inclusive pelo Supremo Tribunal Federal, e esse direito ser\u00e1 por mim garantido. Mas o direito da realiza\u00e7\u00e3o da sess\u00e3o \u00e9 da maioria. Ent\u00e3o se a maioria n\u00e3o quiser dar quorum para realizar a sess\u00e3o, a sess\u00e3o n\u00e3o acontece. Ent\u00e3o n\u00f3s vamos buscar convergir a oposi\u00e7\u00e3o e a situa\u00e7\u00e3o dentro de um encaminhamento comum para a realiza\u00e7\u00e3o do Congresso Nacional.<\/p>\n<p>Pacheco afirmou que buscar\u00e1 consenso entre oposi\u00e7\u00e3o e situa\u00e7\u00e3o para que um acordo seja vi\u00e1vel.<\/p>\n<p>\u2014\u00a0 Naturalmente que o eventual adiamento da sess\u00e3o do Congresso Nacional depende da assun\u00e7\u00e3o de compromisso, sobretudo de quorum. \u00c9 fundamental que tanto oposi\u00e7\u00e3o quanto situa\u00e7\u00e3o, num acordo eventualmente feito para uma sess\u00e3o na pr\u00f3xima semana, garanta o quorum necess\u00e1rio para a aprecia\u00e7\u00e3o das mat\u00e9rias.<\/p>\n<p>The post <a rel=\"nofollow noopener\" href=\"https:\/\/www.infomoney.com.br\/politica\/pacheco-se-reunira-com-lideres-para-decidir-sobre-sessao-do-congresso\/\" target=\"_blank\">Pacheco se reunir\u00e1 com l\u00edderes para decidir sobre sess\u00e3o do Congresso<\/a> appeared first on <a rel=\"nofollow noopener\" href=\"https:\/\/www.infomoney.com.br\/\" target=\"_blank\">InfoMoney<\/a>.<\/p>\n","protected":false},"excerpt":{"rendered":"<p><img loading=\"lazy\" decoding=\"async\" width=\"300\" height=\"200\" src=\"https:\/\/www.infomoney.com.br\/wp-content\/uploads\/2022\/07\/52199147356_b9f3dce7da_c.jpg?fit=300%2C200&amp;quality=70&amp;strip=all\" class=\"attachment-medium size-medium wp-post-image\" alt=\"\" data-attachment-id=\"1886325\" data-permalink=\"https:\/\/www.infomoney.com.br\/politica\/pacheco-abre-cpi-do-mec-e-outras-tres-comissoes-mas-investigacoes-ficam-para-depois-das-eleicoes\/attachment\/52199147356_b9f3dce7da_c\/\" data-orig-file=\"https:\/\/www.infomoney.com.br\/wp-content\/uploads\/2022\/07\/52199147356_b9f3dce7da_c.jpg?fit=799%2C533&amp;quality=70&amp;strip=all\" data-orig-size=\"799,533\" data-comments-opened=\"1\" data-image-meta='{\"aperture\":\"0\",\"credit\":\"Marcos Oliveira\\\/Ag\\u00eancia Senado\",\"camera\":\"\",\"caption\":\"\",\"created_timestamp\":\"0\",\"copyright\":\"Senado Federal do Brasil\",\"focal_length\":\"0\",\"iso\":\"0\",\"shutter_speed\":\"0\",\"title\":\"\",\"orientation\":\"0\"}' data-image-title=\"Rodrigo Pacheco\" data-image-description=\"\" data-image-caption=\"&lt;p&gt;O presidente do Senado Federal, Rodrigo Pacheco (PSD-MG), durante sess\u00e3o no plen\u00e1rio (Foto: Marcos Oliveira\/Ag\u00eancia Senado)&lt;\/p&gt;\n\" data-medium-file=\"https:\/\/www.infomoney.com.br\/wp-content\/uploads\/2022\/07\/52199147356_b9f3dce7da_c.jpg?fit=300%2C200&amp;quality=70&amp;strip=all\" data-large-file=\"https:\/\/www.infomoney.com.br\/wp-content\/uploads\/2022\/07\/52199147356_b9f3dce7da_c.jpg?fit=799%2C533&amp;quality=70&amp;strip=all\">Requerimento foi apresentado por partidos pol\u00edticos e lideran\u00e7a do governo; sess\u00e3o foi convocada para esta ter\u00e7a-feira, \u00e0s 12h<\/p>\n<p>The post <a rel=\"nofollow\" href=\"https:\/\/www.infomoney.com.br\/politica\/pacheco-se-reunira-com-lideres-para-decidir-sobre-sessao-do-congresso\/\">Pacheco se reunir\u00e1 com l\u00edderes para decidir sobre sess\u00e3o do Congresso<\/a> appeared first on <a rel=\"nofollow\" href=\"https:\/\/www.infomoney.com.br\/\">InfoMoney<\/a>.<\/p>\n","protected":false},"author":47,"featured_media":0,"comment_status":"closed","ping_status":"closed","sticky":false,"template":"","format":"standard","meta":{"advgb_blocks_editor_width":"","advgb_blocks_columns_visual_guide":"","footnotes":""},"categories":[134,359,34,47,589,403],"tags":[35],"class_list":["post-12586","post","type-post","status-publish","format-standard","hentry","category-brasilia","category-congresso-nacional","category-g1","category-politica","category-rodrigo-pacheco","category-senado","tag-g1"],"author_meta":{"display_name":"luispereira","author_link":"https:\/\/sindaopcpb.org.br\/author\/luispereira\/"},"featured_img":null,"coauthors":[],"tax_additional":{"categories":{"linked":["<a href=\"https:\/\/sindaopcpb.org.br\/brasilia\/\" class=\"advgb-post-tax-term\">Bras\u00edlia<\/a>","<a href=\"https:\/\/sindaopcpb.org.br\/congresso-nacional\/\" class=\"advgb-post-tax-term\">Congresso Nacional<\/a>","<a href=\"https:\/\/sindaopcpb.org.br\/g1\/\" class=\"advgb-post-tax-term\">G1<\/a>","<a href=\"https:\/\/sindaopcpb.org.br\/politica\/\" class=\"advgb-post-tax-term\">POLITICA<\/a>","<a href=\"https:\/\/sindaopcpb.org.br\/rodrigo-pacheco\/\" class=\"advgb-post-tax-term\">Rodrigo Pacheco<\/a>","<a href=\"https:\/\/sindaopcpb.org.br\/senado\/\" class=\"advgb-post-tax-term\">Senado<\/a>"],"unlinked":["<span class=\"advgb-post-tax-term\">Bras\u00edlia<\/span>","<span class=\"advgb-post-tax-term\">Congresso Nacional<\/span>","<span class=\"advgb-post-tax-term\">G1<\/span>","<span class=\"advgb-post-tax-term\">POLITICA<\/span>","<span class=\"advgb-post-tax-term\">Rodrigo Pacheco<\/span>","<span class=\"advgb-post-tax-term\">Senado<\/span>"]},"tags":{"linked":["<a href=\"https:\/\/sindaopcpb.org.br\/senado\/\" class=\"advgb-post-tax-term\">g1<\/a>"],"unlinked":["<span class=\"advgb-post-tax-term\">g1<\/span>"]}},"comment_count":"0","relative_dates":{"created":"Publicado 3 anos atr\u00e1s","modified":"Atualizado 3 anos atr\u00e1s"},"absolute_dates":{"created":"Publicado em 18 de abril de 2023","modified":"Atualizado em 18 de abril de 2023"},"absolute_dates_time":{"created":"Publicado em 18 de abril de 2023 11:20","modified":"Atualizado em 18 de abril de 2023 11:20"},"featured_img_caption":"","series_order":"","_links":{"self":[{"href":"https:\/\/sindaopcpb.org.br\/index.php\/wp-json\/wp\/v2\/posts\/12586","targetHints":{"allow":["GET"]}}],"collection":[{"href":"https:\/\/sindaopcpb.org.br\/index.php\/wp-json\/wp\/v2\/posts"}],"about":[{"href":"https:\/\/sindaopcpb.org.br\/index.php\/wp-json\/wp\/v2\/types\/post"}],"author":[{"embeddable":true,"href":"https:\/\/sindaopcpb.org.br\/index.php\/wp-json\/wp\/v2\/users\/47"}],"replies":[{"embeddable":true,"href":"https:\/\/sindaopcpb.org.br\/index.php\/wp-json\/wp\/v2\/comments?post=12586"}],"version-history":[{"count":1,"href":"https:\/\/sindaopcpb.org.br\/index.php\/wp-json\/wp\/v2\/posts\/12586\/revisions"}],"predecessor-version":[{"id":12587,"href":"https:\/\/sindaopcpb.org.br\/index.php\/wp-json\/wp\/v2\/posts\/12586\/revisions\/12587"}],"wp:attachment":[{"href":"https:\/\/sindaopcpb.org.br\/index.php\/wp-json\/wp\/v2\/media?parent=12586"}],"wp:term":[{"taxonomy":"category","embeddable":true,"href":"https:\/\/sindaopcpb.org.br\/index.php\/wp-json\/wp\/v2\/categories?post=12586"},{"taxonomy":"post_tag","embeddable":true,"href":"https:\/\/sindaopcpb.org.br\/index.php\/wp-json\/wp\/v2\/tags?post=12586"}],"curies":[{"name":"wp","href":"https:\/\/api.w.org\/{rel}","templated":true}]}}