{"id":12301,"date":"2023-04-15T11:25:35","date_gmt":"2023-04-15T14:25:35","guid":{"rendered":"https:\/\/www.infomoney.com.br\/?p=2109082"},"modified":"2023-04-15T11:25:35","modified_gmt":"2023-04-15T14:25:35","slug":"lula-diz-a-imprensa-chinesa-que-brasil-nao-vai-mais-vender-empresas-estatais","status":"publish","type":"post","link":"https:\/\/sindaopcpb.org.br\/index.php\/2023\/04\/15\/lula-diz-a-imprensa-chinesa-que-brasil-nao-vai-mais-vender-empresas-estatais\/","title":{"rendered":"Lula diz \u00e0 imprensa chinesa que Brasil n\u00e3o vai mais vender empresas estatais"},"content":{"rendered":"<p><img loading=\"lazy\" width=\"300\" height=\"194\" src=\"https:\/\/www.infomoney.com.br\/wp-content\/uploads\/2023\/04\/Lula-e-Xi-Jinping-em-Pequim.png?fit=300%2C194&amp;quality=70&amp;strip=all\" class=\"attachment-medium size-medium wp-post-image\" alt=\"\" decoding=\"async\" style=\"float:right; margin:0 0 10px 10px;\" srcset=\"https:\/\/www.infomoney.com.br\/wp-content\/uploads\/2023\/04\/Lula-e-Xi-Jinping-em-Pequim.png?w=1015&amp;quality=70&amp;strip=all 1015w, https:\/\/www.infomoney.com.br\/wp-content\/uploads\/2023\/04\/Lula-e-Xi-Jinping-em-Pequim.png?w=300&amp;quality=70&amp;strip=all 300w, https:\/\/www.infomoney.com.br\/wp-content\/uploads\/2023\/04\/Lula-e-Xi-Jinping-em-Pequim.png?w=768&amp;quality=70&amp;strip=all 768w, https:\/\/www.infomoney.com.br\/wp-content\/uploads\/2023\/04\/Lula-e-Xi-Jinping-em-Pequim.png?w=150&amp;quality=70&amp;strip=all 150w\" sizes=\"auto, (max-width: 300px) 100vw, 300px\" data-attachment-id=\"2109083\" data-permalink=\"https:\/\/www.infomoney.com.br\/politica\/lula-diz-a-imprensa-chinesa-que-brasil-nao-vai-mais-vender-empresas-estatais\/attachment\/lula-e-xi-jinping-em-pequim\/\" data-orig-file=\"https:\/\/www.infomoney.com.br\/wp-content\/uploads\/2023\/04\/Lula-e-Xi-Jinping-em-Pequim.png?fit=1015%2C655&amp;quality=70&amp;strip=all\" data-orig-size=\"1015,655\" data-comments-opened=\"0\" data-image-meta=\"{&quot;aperture&quot;:&quot;0&quot;,&quot;credit&quot;:&quot;&quot;,&quot;camera&quot;:&quot;&quot;,&quot;caption&quot;:&quot;&quot;,&quot;created_timestamp&quot;:&quot;0&quot;,&quot;copyright&quot;:&quot;&quot;,&quot;focal_length&quot;:&quot;0&quot;,&quot;iso&quot;:&quot;0&quot;,&quot;shutter_speed&quot;:&quot;0&quot;,&quot;title&quot;:&quot;&quot;,&quot;orientation&quot;:&quot;0&quot;}\" data-image-title=\"Lula e Xi Jinping em Pequim\" data-image-description=\"\" data-image-caption=\"&lt;p&gt;Foto: Ricardo Stuckert\/PR&lt;\/p&gt;\n\" data-medium-file=\"https:\/\/www.infomoney.com.br\/wp-content\/uploads\/2023\/04\/Lula-e-Xi-Jinping-em-Pequim.png?fit=300%2C194&amp;quality=70&amp;strip=all\" data-large-file=\"https:\/\/www.infomoney.com.br\/wp-content\/uploads\/2023\/04\/Lula-e-Xi-Jinping-em-Pequim.png?fit=1015%2C655&amp;quality=70&amp;strip=all\" title=\"\"><\/p>\n<p>O Brasil n\u00e3o vai vender mais empresas estatais, disse o presidente Luiz In\u00e1cio Lula da Silva \u00e0 rede de televis\u00e3o estatal chinesa CCTV. O petista esteve em Pequim nesta sexta-feira (14), e se reuniu com o presidente chin\u00eas, Xi Jinping, para a assinatura de acordos bilaterais.<\/p>\n<p>\u201cN\u00e3o queremos ser vendedor nem s\u00f3 de commodities ou vendedor de empresa estatal\u201d, afirmou Lula, segundo transcri\u00e7\u00e3o da conversa liberada pelo governo brasileiro. \u201cO que o Brasil quer propor \u00e0 China \u00e9 que n\u00f3s precisamos construir uma centena de coisas novas. Que passa por rodovia, por ferrovia, por portos, aeroportos, que passa por novas ind\u00fastrias, que passa por empresas de qu\u00edmicas, que passa por investimentos novos.\u201d \u00c9 o que Lula vem chamando de \u201creindustrializa\u00e7\u00e3o\u201d do Brasil.<\/p>\n<p>Lula defendeu na conversa com a imprensa chinesa, como j\u00e1 havia dito em outras ocasi\u00f5es durante a viagem ao pa\u00eds asi\u00e1tico, que \u00e9 preciso avan\u00e7ar na rela\u00e7\u00e3o do Brasil com a China, n\u00e3o apenas na quest\u00e3o econ\u00f4mica e na quest\u00e3o comercial, mas em temas como ci\u00eancia e tecnologia, conv\u00eanios entre as universidades e na transi\u00e7\u00e3o energ\u00e9tica. \u201cN\u00f3s precisamos estabelecer uma pol\u00edtica em que a China se transforme em parceiro de investimentos no Brasil.\u201d<\/p>\n<p>Na conversa, o petista tamb\u00e9m voltou a defender transa\u00e7\u00f5es comerciais entre pa\u00edses sem passar pelo d\u00f3lar, a busca de uma solu\u00e7\u00e3o para a guerra da Ucr\u00e2nia e a cria\u00e7\u00e3o de uma nova forma de governan\u00e7a mundial, em que pa\u00edses como China, Brasil e M\u00e9xico tenham mais voz.<\/p>\n<p>Sobre reformas em organismos multilaterais, que Lula j\u00e1 havia defendido na viagem durante discurso na posse de Dilma Rousseff no Novo Banco de Desenvolvimento, o petista afirmou que \u00e9 preciso dar mais representatividade ao Conselho de Seguran\u00e7a das Na\u00e7\u00f5es Unidas. \u201cEu acho que tem que ter pa\u00edses da Am\u00e9rica do Sul, Am\u00e9rica Latina, pa\u00edses da \u00c1frica. N\u00e3o \u00e9 poss\u00edvel que o continente africano, com cinquenta e quatro pa\u00edses, n\u00e3o possa ter representante.\u201d<\/p>\n<p>\u201cSe voc\u00ea n\u00e3o tiver um Conselho de Seguran\u00e7a da ONU com autoridade de decidir e os pa\u00edses signat\u00e1rios cumprirem, a gente n\u00e3o vai resolver o problema clim\u00e1tico no mundo\u201d, afirmou Lula \u00e0 TV chinesa.<\/p>\n<p>\u201cA \u00fanica coisa que eu quero \u00e9 o seguinte: \u00e9 preciso criar uma nova forma de governan\u00e7a mundial\u201d, disse Lula. \u201cA China tem que ser levada em conta. O Brasil tem que ser levado em conta. Um pa\u00eds como a Nig\u00e9ria, como o Egito, como M\u00e9xico, tem que ser levado em conta. A \u00cdndia tem que ser levada em conta.\u201d Na medida em que esses pa\u00edses v\u00e3o crescendo e se desenvolvendo, \u201cobviamente come\u00e7am a assustar aqueles que se sentiam o dono do mundo\u201d, comentou o presidente.<\/p>\n<p>Sobre a guerra na Ucr\u00e2nia, o presidente brasileiro disse estar \u201cobcecado\u201d em conversar com as pessoas pelo mundo para encontrar um jeito de alcan\u00e7ar a paz. Ele defendeu que pa\u00edses parem de fornecer armas para o conflito e que busquem uma solu\u00e7\u00e3o de paz.<\/p>\n<p><em>**Com informa\u00e7\u00f5es de Altamiro Silva Junior do Estad\u00e3o Conte\u00fado<\/em><\/p>\n<p>The post <a rel=\"nofollow noopener\" href=\"https:\/\/www.infomoney.com.br\/politica\/lula-diz-a-imprensa-chinesa-que-brasil-nao-vai-mais-vender-empresas-estatais\/\" target=\"_blank\">Lula diz \u00e0 imprensa chinesa que Brasil n\u00e3o vai mais vender empresas estatais<\/a> appeared first on <a rel=\"nofollow noopener\" href=\"https:\/\/www.infomoney.com.br\/\" target=\"_blank\">InfoMoney<\/a>.<\/p>\n","protected":false},"excerpt":{"rendered":"<p><img loading=\"lazy\" decoding=\"async\" width=\"300\" height=\"194\" src=\"https:\/\/www.infomoney.com.br\/wp-content\/uploads\/2023\/04\/Lula-e-Xi-Jinping-em-Pequim.png?fit=300%2C194&amp;quality=70&amp;strip=all\" class=\"attachment-medium size-medium wp-post-image\" alt=\"\" data-attachment-id=\"2109083\" data-permalink=\"https:\/\/www.infomoney.com.br\/politica\/lula-diz-a-imprensa-chinesa-que-brasil-nao-vai-mais-vender-empresas-estatais\/attachment\/lula-e-xi-jinping-em-pequim\/\" data-orig-file=\"https:\/\/www.infomoney.com.br\/wp-content\/uploads\/2023\/04\/Lula-e-Xi-Jinping-em-Pequim.png?fit=1015%2C655&amp;quality=70&amp;strip=all\" data-orig-size=\"1015,655\" data-comments-opened=\"0\" data-image-meta='{\"aperture\":\"0\",\"credit\":\"\",\"camera\":\"\",\"caption\":\"\",\"created_timestamp\":\"0\",\"copyright\":\"\",\"focal_length\":\"0\",\"iso\":\"0\",\"shutter_speed\":\"0\",\"title\":\"\",\"orientation\":\"0\"}' data-image-title=\"Lula e Xi Jinping em Pequim\" data-image-description=\"\" data-image-caption=\"&lt;p&gt;Foto: Ricardo Stuckert\/PR&lt;\/p&gt;\n\" data-medium-file=\"https:\/\/www.infomoney.com.br\/wp-content\/uploads\/2023\/04\/Lula-e-Xi-Jinping-em-Pequim.png?fit=300%2C194&amp;quality=70&amp;strip=all\" data-large-file=\"https:\/\/www.infomoney.com.br\/wp-content\/uploads\/2023\/04\/Lula-e-Xi-Jinping-em-Pequim.png?fit=1015%2C655&amp;quality=70&amp;strip=all\">Petista tamb\u00e9m voltou a defender transa\u00e7\u00f5es comerciais entre pa\u00edses sem passar pelo d\u00f3lar<\/p>\n<p>The post <a rel=\"nofollow\" href=\"https:\/\/www.infomoney.com.br\/politica\/lula-diz-a-imprensa-chinesa-que-brasil-nao-vai-mais-vender-empresas-estatais\/\">Lula diz \u00e0 imprensa chinesa que Brasil n\u00e3o vai mais vender empresas estatais<\/a> appeared first on <a rel=\"nofollow\" href=\"https:\/\/www.infomoney.com.br\/\">InfoMoney<\/a>.<\/p>\n","protected":false},"author":43,"featured_media":0,"comment_status":"closed","ping_status":"closed","sticky":false,"template":"","format":"standard","meta":{"advgb_blocks_editor_width":"","advgb_blocks_columns_visual_guide":"","footnotes":""},"categories":[132,69,907,34,129,47,780],"tags":[35],"class_list":["post-12301","post","type-post","status-publish","format-standard","hentry","category-china","category-economia","category-estatais","category-g1","category-luiz-inacio-lula-da-silva","category-politica","category-xi-jinping","tag-g1"],"author_meta":{"display_name":"Estad\u00e3o Conte\u00fado","author_link":"https:\/\/sindaopcpb.org.br\/author\/estadao-conteudo\/"},"featured_img":null,"coauthors":[],"tax_additional":{"categories":{"linked":["<a href=\"https:\/\/sindaopcpb.org.br\/china\/\" class=\"advgb-post-tax-term\">China<\/a>","<a href=\"https:\/\/sindaopcpb.org.br\/economia\/\" class=\"advgb-post-tax-term\">Economia<\/a>","<a href=\"https:\/\/sindaopcpb.org.br\/estatais\/\" class=\"advgb-post-tax-term\">Estatais<\/a>","<a href=\"https:\/\/sindaopcpb.org.br\/g1\/\" class=\"advgb-post-tax-term\">G1<\/a>","<a href=\"https:\/\/sindaopcpb.org.br\/luiz-inacio-lula-da-silva\/\" class=\"advgb-post-tax-term\">Luiz In\u00e1cio Lula da Silva<\/a>","<a href=\"https:\/\/sindaopcpb.org.br\/politica\/\" class=\"advgb-post-tax-term\">POLITICA<\/a>","<a href=\"https:\/\/sindaopcpb.org.br\/xi-jinping\/\" class=\"advgb-post-tax-term\">Xi Jinping<\/a>"],"unlinked":["<span class=\"advgb-post-tax-term\">China<\/span>","<span class=\"advgb-post-tax-term\">Economia<\/span>","<span class=\"advgb-post-tax-term\">Estatais<\/span>","<span class=\"advgb-post-tax-term\">G1<\/span>","<span class=\"advgb-post-tax-term\">Luiz In\u00e1cio Lula da Silva<\/span>","<span class=\"advgb-post-tax-term\">POLITICA<\/span>","<span class=\"advgb-post-tax-term\">Xi Jinping<\/span>"]},"tags":{"linked":["<a href=\"https:\/\/sindaopcpb.org.br\/xi-jinping\/\" class=\"advgb-post-tax-term\">g1<\/a>"],"unlinked":["<span class=\"advgb-post-tax-term\">g1<\/span>"]}},"comment_count":"0","relative_dates":{"created":"Publicado 3 anos atr\u00e1s","modified":"Atualizado 3 anos atr\u00e1s"},"absolute_dates":{"created":"Publicado em 15 de abril de 2023","modified":"Atualizado em 15 de abril de 2023"},"absolute_dates_time":{"created":"Publicado em 15 de abril de 2023 11:25","modified":"Atualizado em 15 de abril de 2023 11:25"},"featured_img_caption":"","series_order":"","_links":{"self":[{"href":"https:\/\/sindaopcpb.org.br\/index.php\/wp-json\/wp\/v2\/posts\/12301","targetHints":{"allow":["GET"]}}],"collection":[{"href":"https:\/\/sindaopcpb.org.br\/index.php\/wp-json\/wp\/v2\/posts"}],"about":[{"href":"https:\/\/sindaopcpb.org.br\/index.php\/wp-json\/wp\/v2\/types\/post"}],"author":[{"embeddable":true,"href":"https:\/\/sindaopcpb.org.br\/index.php\/wp-json\/wp\/v2\/users\/43"}],"replies":[{"embeddable":true,"href":"https:\/\/sindaopcpb.org.br\/index.php\/wp-json\/wp\/v2\/comments?post=12301"}],"version-history":[{"count":1,"href":"https:\/\/sindaopcpb.org.br\/index.php\/wp-json\/wp\/v2\/posts\/12301\/revisions"}],"predecessor-version":[{"id":12302,"href":"https:\/\/sindaopcpb.org.br\/index.php\/wp-json\/wp\/v2\/posts\/12301\/revisions\/12302"}],"wp:attachment":[{"href":"https:\/\/sindaopcpb.org.br\/index.php\/wp-json\/wp\/v2\/media?parent=12301"}],"wp:term":[{"taxonomy":"category","embeddable":true,"href":"https:\/\/sindaopcpb.org.br\/index.php\/wp-json\/wp\/v2\/categories?post=12301"},{"taxonomy":"post_tag","embeddable":true,"href":"https:\/\/sindaopcpb.org.br\/index.php\/wp-json\/wp\/v2\/tags?post=12301"}],"curies":[{"name":"wp","href":"https:\/\/api.w.org\/{rel}","templated":true}]}}