{"id":12285,"date":"2023-04-15T09:58:00","date_gmt":"2023-04-15T12:58:00","guid":{"rendered":"https:\/\/www.infomoney.com.br\/?p=2109048"},"modified":"2023-04-15T09:58:00","modified_gmt":"2023-04-15T12:58:00","slug":"camara-se-articula-para-mudar-marco-do-saneamento","status":"publish","type":"post","link":"https:\/\/sindaopcpb.org.br\/index.php\/2023\/04\/15\/camara-se-articula-para-mudar-marco-do-saneamento\/","title":{"rendered":"C\u00e2mara se articula para mudar Marco do Saneamento"},"content":{"rendered":"<p><img loading=\"lazy\" width=\"300\" height=\"168\" src=\"https:\/\/www.infomoney.com.br\/wp-content\/uploads\/2020\/06\/Saneamento-Oficial.jpg?fit=300%2C168&amp;quality=70&amp;strip=all\" class=\"attachment-medium size-medium wp-post-image\" alt=\"Saneamento-Oficial\" decoding=\"async\" style=\"float:right; margin:0 0 10px 10px;\" srcset=\"https:\/\/www.infomoney.com.br\/wp-content\/uploads\/2020\/06\/Saneamento-Oficial.jpg?w=640&amp;quality=70&amp;strip=all 640w, https:\/\/www.infomoney.com.br\/wp-content\/uploads\/2020\/06\/Saneamento-Oficial.jpg?w=300&amp;quality=70&amp;strip=all 300w, https:\/\/www.infomoney.com.br\/wp-content\/uploads\/2020\/06\/Saneamento-Oficial.jpg?w=360&amp;quality=70&amp;strip=all 360w, https:\/\/www.infomoney.com.br\/wp-content\/uploads\/2020\/06\/Saneamento-Oficial.jpg?w=150&amp;quality=70&amp;strip=all 150w\" sizes=\"auto, (max-width: 300px) 100vw, 300px\" data-attachment-id=\"1473854\" data-permalink=\"https:\/\/www.infomoney.com.br\/saneamento-oficial\/\" data-orig-file=\"https:\/\/www.infomoney.com.br\/wp-content\/uploads\/2020\/06\/Saneamento-Oficial.jpg?fit=640%2C359&amp;quality=70&amp;strip=all\" data-orig-size=\"640,359\" data-comments-opened=\"1\" data-image-meta=\"{&quot;aperture&quot;:&quot;0&quot;,&quot;credit&quot;:&quot;&quot;,&quot;camera&quot;:&quot;&quot;,&quot;caption&quot;:&quot;&quot;,&quot;created_timestamp&quot;:&quot;0&quot;,&quot;copyright&quot;:&quot;&quot;,&quot;focal_length&quot;:&quot;0&quot;,&quot;iso&quot;:&quot;0&quot;,&quot;shutter_speed&quot;:&quot;0&quot;,&quot;title&quot;:&quot;&quot;,&quot;orientation&quot;:&quot;0&quot;}\" data-image-title=\"Saneamento-Oficial\" data-image-description=\"&lt;p&gt;Saneamento-Oficial&lt;\/p&gt;\n\" data-image-caption=\"\" data-medium-file=\"https:\/\/www.infomoney.com.br\/wp-content\/uploads\/2020\/06\/Saneamento-Oficial.jpg?fit=300%2C168&amp;quality=70&amp;strip=all\" data-large-file=\"https:\/\/www.infomoney.com.br\/wp-content\/uploads\/2020\/06\/Saneamento-Oficial.jpg?fit=640%2C359&amp;quality=70&amp;strip=all\" title=\"\"><\/p>\n<p>Parlamentares se movimentam para colocar em pauta um projeto de lei para reabrir a discuss\u00e3o em torno do Marco Legal do Saneamento, menos de tr\u00eas anos depois de as regras entrarem em vigor. A articula\u00e7\u00e3o conta com o apoio do presidente da C\u00e2mara, Arthur Lira (PP-AL).<\/p>\n<p>Os defensores do novo debate argumentam que alguns conceitos da lei j\u00e1 estariam defasados e que seria necess\u00e1rio evitar &#8220;instabilidades&#8221; como as geradas pelos dois decretos editados no \u00faltimo dia 5 pelo presidente Luiz In\u00e1cio Lula da Silva.<\/p>\n<p>Criticados pela pr\u00f3pria base de apoio do governo no Congresso, os atos alteraram a regulamenta\u00e7\u00e3o do setor e deram espa\u00e7o para a manuten\u00e7\u00e3o dos contratos fechados sem licita\u00e7\u00e3o com estatais. V\u00e1rios parlamentares j\u00e1 apresentaram projetos para derrub\u00e1-los em parte ou integralmente, al\u00e9m de a\u00e7\u00f5es no Supremo Tribunal Federal (STF).<\/p>\n<p>Mas n\u00e3o s\u00e3o apenas as cr\u00edticas aos decretos que alimentam o movimento &#8211; elas foram, na verdade, usadas para refor\u00e7ar a rea\u00e7\u00e3o no Congresso. Um forte catalisador \u00e9 a insatisfa\u00e7\u00e3o do pr\u00f3prio Lira com a situa\u00e7\u00e3o em munic\u00edpios de seu reduto pol\u00edtico em Alagoas &#8211; governado por Paulo Dantas, sucessor de Renan Filho (MDB), ministro dos Transportes de Lula cujo cl\u00e3 pol\u00edtico rivaliza com o de Lira no Estado.<\/p>\n<h2><b>Regras do atual marco travam projeto de Lira\u00a0<\/b><\/h2>\n<p>Um dos principais problemas para Lira, segundo interlocutores, est\u00e1 na tentativa de viabilizar o leil\u00e3o do Corseal, cons\u00f3rcio criado em janeiro de 2022 com 28 munic\u00edpios alagoanos &#8211; entre eles, Arapiraca &#8211; que n\u00e3o entraram nos blocos de regionaliza\u00e7\u00e3o de \u00e1gua e esgoto formatados pelo governo do Estado. Muitos optaram por ficar de fora por quest\u00f5es pol\u00edticas, j\u00e1 que as unidades regionais e seus respectivos leil\u00f5es de saneamento foram organizados pela gest\u00e3o de Renan Filho.<\/p>\n<p>As regras atuais s\u00f3 reconhecem cons\u00f3rcios de munic\u00edpios como formas de regionaliza\u00e7\u00e3o quando o governo estadual n\u00e3o tomou a iniciativa de montar blocos de saneamento &#8211; o que n\u00e3o \u00e9 o caso de Alagoas. H\u00e1 ainda d\u00favidas jur\u00eddicas por Arapiraca, reduto eleitoral de Lira, integrar uma regi\u00e3o metropolitana.<\/p>\n<p>O inc\u00f4modo levou o deputado a defender a revis\u00e3o da lei publicamente j\u00e1 em 15 de mar\u00e7o, antes da publica\u00e7\u00e3o da nova regulamenta\u00e7\u00e3o pelo governo. Na quinta-feira passada, em entrevista \u00e0 GloboNews, ele voltou ao tema: &#8220;A gente promoveu os principais leil\u00f5es nas m\u00e3os dos governos estaduais, e isso causou problemas em regi\u00f5es de cons\u00f3rcios, metropolitanas e de outras \u00e1reas. Precisa ajustar&#8221;, disse Lira. O impasse mexe com prefeitos aliados e tem repercuss\u00f5es pol\u00edticas para o presidente da C\u00e2mara.<\/p>\n<p>A possibilidade de a lei ser rediscutida gera apreens\u00e3o no mercado, que teme mais judicializa\u00e7\u00e3o e volta do fortalecimento de estatais. Quando foi aprovado, em 2020, o marco foi visto como um instrumento para atrair investimentos de empresas privadas para o setor.<\/p>\n<h2><b>Atualiza\u00e7\u00e3o<\/b><\/h2>\n<p>Apesar disso, a avalia\u00e7\u00e3o feita por uma ala do Congresso \u00e9 de que, apesar de ser robusto e ter pilares inegoci\u00e1veis, como a exig\u00eancia de licita\u00e7\u00e3o, o marco precisaria ser &#8220;atualizado&#8221;. Outra justificativa dada \u00e9 a necessidade de fortalecer na lei regras que foram alvo de afrouxamento na regulamenta\u00e7\u00e3o federal. \u00c9 o caso da norma de comprova\u00e7\u00e3o de capacidade econ\u00f4mico-financeira das empresas. A lei definiu que as estatais teriam de comprovar at\u00e9 mar\u00e7o de 2022 que t\u00eam cacife para fazer os investimentos necess\u00e1rios \u00e0 entrega dos servi\u00e7os de \u00e1gua e esgoto canalizado para toda a popula\u00e7\u00e3o at\u00e9 2033. Nesse processo, mais de mil munic\u00edpios atendidos por estatais ficaram de fora.<\/p>\n<p>Os decretos do presidente Luiz In\u00e1cio Lula da Silva deram uma segunda chance a essas opera\u00e7\u00f5es das estatais e prorrogaram o prazo de regulariza\u00e7\u00e3o at\u00e9 31 de dezembro de 2025, a apenas oito anos da data final para a universaliza\u00e7\u00e3o. Al\u00e9m disso, flexibilizaram crit\u00e9rios para a comprova\u00e7\u00e3o da capacidade econ\u00f4mico-financeira.<\/p>\n<p>Na vis\u00e3o do mercado, contudo, h\u00e1 problema em reabrir a lei menos de tr\u00eas anos ap\u00f3s sua aprova\u00e7\u00e3o. O setor ainda est\u00e1 consolidando as regras e observa resultados. De acordo com a Abcon (Associa\u00e7\u00e3o Brasileira das Concession\u00e1rias Privadas de Servi\u00e7os P\u00fablicos de \u00c1gua e Esgoto), j\u00e1 foram R$ 89 bilh\u00f5es em investimentos contratados pelas empresas nos \u00faltimos tr\u00eas anos. A an\u00e1lise feita \u00e9 de que, apesar da boa inten\u00e7\u00e3o de parte do Congresso, uma nova discuss\u00e3o legal abriria espa\u00e7o para retrocessos entrarem no novo texto, como a prorroga\u00e7\u00e3o ainda maior de prazos de universaliza\u00e7\u00e3o.<\/p>\n<p>&nbsp;<\/p>\n<p>The post <a rel=\"nofollow noopener\" href=\"https:\/\/www.infomoney.com.br\/politica\/camara-se-articula-para-mudar-marco-do-saneamento\/\" target=\"_blank\">C\u00e2mara se articula para mudar Marco do Saneamento<\/a> appeared first on <a rel=\"nofollow noopener\" href=\"https:\/\/www.infomoney.com.br\/\" target=\"_blank\">InfoMoney<\/a>.<\/p>\n","protected":false},"excerpt":{"rendered":"<p><img loading=\"lazy\" decoding=\"async\" width=\"300\" height=\"168\" src=\"https:\/\/www.infomoney.com.br\/wp-content\/uploads\/2020\/06\/Saneamento-Oficial.jpg?fit=300%2C168&amp;quality=70&amp;strip=all\" class=\"attachment-medium size-medium wp-post-image\" alt=\"Saneamento-Oficial\" data-attachment-id=\"1473854\" data-permalink=\"https:\/\/www.infomoney.com.br\/saneamento-oficial\/\" data-orig-file=\"https:\/\/www.infomoney.com.br\/wp-content\/uploads\/2020\/06\/Saneamento-Oficial.jpg?fit=640%2C359&amp;quality=70&amp;strip=all\" data-orig-size=\"640,359\" data-comments-opened=\"1\" data-image-meta='{\"aperture\":\"0\",\"credit\":\"\",\"camera\":\"\",\"caption\":\"\",\"created_timestamp\":\"0\",\"copyright\":\"\",\"focal_length\":\"0\",\"iso\":\"0\",\"shutter_speed\":\"0\",\"title\":\"\",\"orientation\":\"0\"}' data-image-title=\"Saneamento-Oficial\" data-image-description=\"&lt;p&gt;Saneamento-Oficial&lt;\/p&gt;\n\" data-image-caption=\"\" data-medium-file=\"https:\/\/www.infomoney.com.br\/wp-content\/uploads\/2020\/06\/Saneamento-Oficial.jpg?fit=300%2C168&amp;quality=70&amp;strip=all\" data-large-file=\"https:\/\/www.infomoney.com.br\/wp-content\/uploads\/2020\/06\/Saneamento-Oficial.jpg?fit=640%2C359&amp;quality=70&amp;strip=all\">Defensores argumentam que alguns conceitos da lei j\u00e1 estariam defasados e que seria necess\u00e1rio evitar &#8220;instabilidades&#8221; como as geradas pelo presidente Lula<\/p>\n<p>The post <a rel=\"nofollow\" href=\"https:\/\/www.infomoney.com.br\/politica\/camara-se-articula-para-mudar-marco-do-saneamento\/\">C\u00e2mara se articula para mudar Marco do Saneamento<\/a> appeared first on <a rel=\"nofollow\" href=\"https:\/\/www.infomoney.com.br\/\">InfoMoney<\/a>.<\/p>\n","protected":false},"author":43,"featured_media":0,"comment_status":"closed","ping_status":"closed","sticky":false,"template":"","format":"standard","meta":{"advgb_blocks_editor_width":"","advgb_blocks_columns_visual_guide":"","footnotes":""},"categories":[568,34,47,423,133,570],"tags":[35],"class_list":["post-12285","post","type-post","status-publish","format-standard","hentry","category-copasa","category-g1","category-politica","category-sabesp","category-saneamento","category-sanepar","tag-g1"],"author_meta":{"display_name":"Estad\u00e3o Conte\u00fado","author_link":"https:\/\/sindaopcpb.org.br\/author\/estadao-conteudo\/"},"featured_img":null,"coauthors":[],"tax_additional":{"categories":{"linked":["<a href=\"https:\/\/sindaopcpb.org.br\/copasa\/\" class=\"advgb-post-tax-term\">Copasa<\/a>","<a href=\"https:\/\/sindaopcpb.org.br\/g1\/\" class=\"advgb-post-tax-term\">G1<\/a>","<a href=\"https:\/\/sindaopcpb.org.br\/politica\/\" class=\"advgb-post-tax-term\">POLITICA<\/a>","<a href=\"https:\/\/sindaopcpb.org.br\/sabesp\/\" class=\"advgb-post-tax-term\">Sabesp<\/a>","<a href=\"https:\/\/sindaopcpb.org.br\/saneamento\/\" class=\"advgb-post-tax-term\">Saneamento<\/a>","<a href=\"https:\/\/sindaopcpb.org.br\/sanepar\/\" class=\"advgb-post-tax-term\">Sanepar<\/a>"],"unlinked":["<span class=\"advgb-post-tax-term\">Copasa<\/span>","<span class=\"advgb-post-tax-term\">G1<\/span>","<span class=\"advgb-post-tax-term\">POLITICA<\/span>","<span class=\"advgb-post-tax-term\">Sabesp<\/span>","<span class=\"advgb-post-tax-term\">Saneamento<\/span>","<span class=\"advgb-post-tax-term\">Sanepar<\/span>"]},"tags":{"linked":["<a href=\"https:\/\/sindaopcpb.org.br\/sanepar\/\" class=\"advgb-post-tax-term\">g1<\/a>"],"unlinked":["<span class=\"advgb-post-tax-term\">g1<\/span>"]}},"comment_count":"0","relative_dates":{"created":"Publicado 3 anos atr\u00e1s","modified":"Atualizado 3 anos atr\u00e1s"},"absolute_dates":{"created":"Publicado em 15 de abril de 2023","modified":"Atualizado em 15 de abril de 2023"},"absolute_dates_time":{"created":"Publicado em 15 de abril de 2023 09:58","modified":"Atualizado em 15 de abril de 2023 09:58"},"featured_img_caption":"","series_order":"","_links":{"self":[{"href":"https:\/\/sindaopcpb.org.br\/index.php\/wp-json\/wp\/v2\/posts\/12285","targetHints":{"allow":["GET"]}}],"collection":[{"href":"https:\/\/sindaopcpb.org.br\/index.php\/wp-json\/wp\/v2\/posts"}],"about":[{"href":"https:\/\/sindaopcpb.org.br\/index.php\/wp-json\/wp\/v2\/types\/post"}],"author":[{"embeddable":true,"href":"https:\/\/sindaopcpb.org.br\/index.php\/wp-json\/wp\/v2\/users\/43"}],"replies":[{"embeddable":true,"href":"https:\/\/sindaopcpb.org.br\/index.php\/wp-json\/wp\/v2\/comments?post=12285"}],"version-history":[{"count":2,"href":"https:\/\/sindaopcpb.org.br\/index.php\/wp-json\/wp\/v2\/posts\/12285\/revisions"}],"predecessor-version":[{"id":12289,"href":"https:\/\/sindaopcpb.org.br\/index.php\/wp-json\/wp\/v2\/posts\/12285\/revisions\/12289"}],"wp:attachment":[{"href":"https:\/\/sindaopcpb.org.br\/index.php\/wp-json\/wp\/v2\/media?parent=12285"}],"wp:term":[{"taxonomy":"category","embeddable":true,"href":"https:\/\/sindaopcpb.org.br\/index.php\/wp-json\/wp\/v2\/categories?post=12285"},{"taxonomy":"post_tag","embeddable":true,"href":"https:\/\/sindaopcpb.org.br\/index.php\/wp-json\/wp\/v2\/tags?post=12285"}],"curies":[{"name":"wp","href":"https:\/\/api.w.org\/{rel}","templated":true}]}}