{"id":12232,"date":"2023-04-14T16:02:00","date_gmt":"2023-04-14T19:02:00","guid":{"rendered":"https:\/\/www.infomoney.com.br\/?p=2108602"},"modified":"2023-04-14T16:02:00","modified_gmt":"2023-04-14T19:02:00","slug":"governo-nao-pode-abrir-abrir-mao-de-iva-e-tributacao-no-destino-diz-tebet","status":"publish","type":"post","link":"https:\/\/sindaopcpb.org.br\/index.php\/2023\/04\/14\/governo-nao-pode-abrir-abrir-mao-de-iva-e-tributacao-no-destino-diz-tebet\/","title":{"rendered":"Governo n\u00e3o pode abrir abrir m\u00e3o de IVA e tributa\u00e7\u00e3o no destino, diz Tebet"},"content":{"rendered":"<p><img loading=\"lazy\" width=\"300\" height=\"225\" src=\"https:\/\/www.infomoney.com.br\/wp-content\/uploads\/2022\/06\/simone-tebet.jpg?fit=300%2C225&amp;quality=70&amp;strip=all\" class=\"attachment-medium size-medium wp-post-image\" alt=\"Simone Tebet\" decoding=\"async\" style=\"float:right; margin:0 0 10px 10px;\" srcset=\"https:\/\/www.infomoney.com.br\/wp-content\/uploads\/2022\/06\/simone-tebet.jpg?w=1024&amp;quality=70&amp;strip=all 1024w, https:\/\/www.infomoney.com.br\/wp-content\/uploads\/2022\/06\/simone-tebet.jpg?w=300&amp;quality=70&amp;strip=all 300w, https:\/\/www.infomoney.com.br\/wp-content\/uploads\/2022\/06\/simone-tebet.jpg?w=768&amp;quality=70&amp;strip=all 768w, https:\/\/www.infomoney.com.br\/wp-content\/uploads\/2022\/06\/simone-tebet.jpg?w=150&amp;quality=70&amp;strip=all 150w\" sizes=\"auto, (max-width: 300px) 100vw, 300px\" data-attachment-id=\"1868213\" data-permalink=\"https:\/\/www.infomoney.com.br\/simone-tebet-3\/\" data-orig-file=\"https:\/\/www.infomoney.com.br\/wp-content\/uploads\/2022\/06\/simone-tebet.jpg?fit=1024%2C768&amp;quality=70&amp;strip=all\" data-orig-size=\"1024,768\" data-comments-opened=\"1\" data-image-meta=\"{&quot;aperture&quot;:&quot;2.8&quot;,&quot;credit&quot;:&quot;Fabio Rodrigues Pozzebom\\\/Ag\\u00eancia Brasil&quot;,&quot;camera&quot;:&quot;Canon EOS Rebel T6i&quot;,&quot;caption&quot;:&quot;Senadora Simone Tebet \\u00e9 eleita presidente da Comissao de Constitui\\u00e7\\u00e3o e Justi\\u00e7a do Senado&quot;,&quot;created_timestamp&quot;:&quot;1550075236&quot;,&quot;copyright&quot;:&quot;Agencia Brasil\\\/EBC&quot;,&quot;focal_length&quot;:&quot;200&quot;,&quot;iso&quot;:&quot;1600&quot;,&quot;shutter_speed&quot;:&quot;0.00625&quot;,&quot;title&quot;:&quot;&quot;,&quot;orientation&quot;:&quot;1&quot;}\" data-image-title=\"Simone Tebet\" data-image-description=\"&lt;p&gt;Senadora Simone Tebet \u00e9 eleita presidente da Comissao de Constitui\u00e7\u00e3o e Justi\u00e7a do Senado&lt;br \/&gt;\nPublicado em 13\/02\/2019 17:33&lt;\/p&gt;\n\" data-image-caption=\"&lt;p&gt;Foto: Fabio Rodrigues Pozzebom\/Ag\u00eancia Brasil&lt;\/p&gt;\n\" data-medium-file=\"https:\/\/www.infomoney.com.br\/wp-content\/uploads\/2022\/06\/simone-tebet.jpg?fit=300%2C225&amp;quality=70&amp;strip=all\" data-large-file=\"https:\/\/www.infomoney.com.br\/wp-content\/uploads\/2022\/06\/simone-tebet.jpg?fit=1024%2C768&amp;quality=70&amp;strip=all\" title=\"\"><\/p>\n<p>A ministra do Planejamento, Simone Tebet, disse nesta sexta-feira (14) que, apesar da soberania do Congresso em definir a vers\u00e3o final, o governo n\u00e3o pode abrir m\u00e3o na reforma tribut\u00e1ria do imposto sobre valor agregado, o IVA, e da tributa\u00e7\u00e3o de produtos no destino.<\/p>\n<p>Segundo ela, essas s\u00e3o as duas bases da &#8220;reforma necess\u00e1ria para o Brasil&#8221;. A ministra salientou que o IVA, seja \u00fanico ou dual &#8211; com um imposto \u00fanico federal e outro estadual\/municipal &#8211; \u00e9 a &#8220;grande base&#8221; da reforma. Al\u00e9m de simplificar o sistema, ele evita a cumulatividade e a regressividade tribut\u00e1ria. J\u00e1 a tributa\u00e7\u00e3o no destino, e n\u00e3o na origem, evitar\u00e1 a cobran\u00e7a de impostos em cadeia, salientou a ministra.<\/p>\n<p>Ao lembrar a perda de participa\u00e7\u00e3o da ind\u00fastria no Produto Interno Bruto (PIB), ela enfatizou que, ao ser constru\u00edda sobre essas duas bases, a reforma ajudar\u00e1 a diminuir a carga tribut\u00e1ria do setor produtivo. &#8220;N\u00e3o h\u00e1 crescimento duradouro sem ind\u00fastria forte.&#8221;<\/p>\n<p>Ap\u00f3s participar de evento na Funda\u00e7\u00e3o Getulio Vargas (FGV), Tebet manifestou tamb\u00e9m confian\u00e7a de que com a reforma tribut\u00e1ria, mais o novo arcabou\u00e7o fiscal, que &#8220;visa o social com responsabilidade fiscal&#8221;, haver\u00e1 no Pa\u00eds um ambiente favor\u00e1vel \u00e0 redu\u00e7\u00e3o dos juros.<\/p>\n<p>Ela disse esperar uma sinaliza\u00e7\u00e3o neste sentido j\u00e1 na pr\u00f3xima reuni\u00e3o do Comit\u00ea de Pol\u00edtica Monet\u00e1ria (Copom), marcada para os dias 2 e 3 de maio.<\/p>\n<p>Mais uma vez, ela declarou que o arcabou\u00e7o \u00e9 a &#8220;bala de bronze&#8221;, ao resolver o impasse fiscal, enquanto a reforma tribut\u00e1ria \u00e9 a &#8220;bala de prata&#8221; para o Brasil ter crescimento econ\u00f4mico de forma sustent\u00e1vel.<\/p>\n<p>Tebet defendeu tamb\u00e9m que seja prorrogada a desonera\u00e7\u00e3o da folha de pagamento de 17 setores enquanto a reforma tribut\u00e1ria n\u00e3o for aprovada.<\/p>\n<p>The post <a rel=\"nofollow noopener\" href=\"https:\/\/www.infomoney.com.br\/politica\/governo-nao-pode-abrir-abrir-mao-de-iva-e-tributacao-no-destino-diz-tebet\/\" target=\"_blank\">Governo n\u00e3o pode abrir abrir m\u00e3o de IVA e tributa\u00e7\u00e3o no destino, diz Tebet<\/a> appeared first on <a rel=\"nofollow noopener\" href=\"https:\/\/www.infomoney.com.br\/\" target=\"_blank\">InfoMoney<\/a>.<\/p>\n","protected":false},"excerpt":{"rendered":"<p><img loading=\"lazy\" decoding=\"async\" width=\"300\" height=\"225\" src=\"https:\/\/www.infomoney.com.br\/wp-content\/uploads\/2022\/06\/simone-tebet.jpg?fit=300%2C225&amp;quality=70&amp;strip=all\" class=\"attachment-medium size-medium wp-post-image\" alt=\"Simone Tebet\" data-attachment-id=\"1868213\" data-permalink=\"https:\/\/www.infomoney.com.br\/simone-tebet-3\/\" data-orig-file=\"https:\/\/www.infomoney.com.br\/wp-content\/uploads\/2022\/06\/simone-tebet.jpg?fit=1024%2C768&amp;quality=70&amp;strip=all\" data-orig-size=\"1024,768\" data-comments-opened=\"1\" data-image-meta='{\"aperture\":\"2.8\",\"credit\":\"Fabio Rodrigues Pozzebom\\\/Ag\\u00eancia Brasil\",\"camera\":\"Canon EOS Rebel T6i\",\"caption\":\"Senadora Simone Tebet \\u00e9 eleita presidente da Comissao de Constitui\\u00e7\\u00e3o e Justi\\u00e7a do Senado\",\"created_timestamp\":\"1550075236\",\"copyright\":\"Agencia Brasil\\\/EBC\",\"focal_length\":\"200\",\"iso\":\"1600\",\"shutter_speed\":\"0.00625\",\"title\":\"\",\"orientation\":\"1\"}' data-image-title=\"Simone Tebet\" data-image-description=\"&lt;p&gt;Senadora Simone Tebet \u00e9 eleita presidente da Comissao de Constitui\u00e7\u00e3o e Justi\u00e7a do Senado&lt;br \/&gt;\nPublicado em 13\/02\/2019 17:33&lt;\/p&gt;\n\" data-image-caption=\"&lt;p&gt;Foto: Fabio Rodrigues Pozzebom\/Ag\u00eancia Brasil&lt;\/p&gt;\n\" data-medium-file=\"https:\/\/www.infomoney.com.br\/wp-content\/uploads\/2022\/06\/simone-tebet.jpg?fit=300%2C225&amp;quality=70&amp;strip=all\" data-large-file=\"https:\/\/www.infomoney.com.br\/wp-content\/uploads\/2022\/06\/simone-tebet.jpg?fit=1024%2C768&amp;quality=70&amp;strip=all\">Ministra disse que tais pontos s\u00e3o as duas bases da &#8220;reforma necess\u00e1ria para o Brasil&#8221;<\/p>\n<p>The post <a rel=\"nofollow\" href=\"https:\/\/www.infomoney.com.br\/politica\/governo-nao-pode-abrir-abrir-mao-de-iva-e-tributacao-no-destino-diz-tebet\/\">Governo n\u00e3o pode abrir abrir m\u00e3o de IVA e tributa\u00e7\u00e3o no destino, diz Tebet<\/a> appeared first on <a rel=\"nofollow\" href=\"https:\/\/www.infomoney.com.br\/\">InfoMoney<\/a>.<\/p>\n","protected":false},"author":43,"featured_media":0,"comment_status":"closed","ping_status":"closed","sticky":false,"template":"","format":"standard","meta":{"advgb_blocks_editor_width":"","advgb_blocks_columns_visual_guide":"","footnotes":""},"categories":[134,34,47,191,360],"tags":[35],"class_list":["post-12232","post","type-post","status-publish","format-standard","hentry","category-brasilia","category-g1","category-politica","category-reforma-tributaria","category-simone-tebet","tag-g1"],"author_meta":{"display_name":"Estad\u00e3o Conte\u00fado","author_link":"https:\/\/sindaopcpb.org.br\/author\/estadao-conteudo\/"},"featured_img":null,"coauthors":[],"tax_additional":{"categories":{"linked":["<a href=\"https:\/\/sindaopcpb.org.br\/brasilia\/\" class=\"advgb-post-tax-term\">Bras\u00edlia<\/a>","<a href=\"https:\/\/sindaopcpb.org.br\/g1\/\" class=\"advgb-post-tax-term\">G1<\/a>","<a href=\"https:\/\/sindaopcpb.org.br\/politica\/\" class=\"advgb-post-tax-term\">POLITICA<\/a>","<a href=\"https:\/\/sindaopcpb.org.br\/reforma-tributaria\/\" class=\"advgb-post-tax-term\">reforma tribut\u00e1ria<\/a>","<a href=\"https:\/\/sindaopcpb.org.br\/simone-tebet\/\" class=\"advgb-post-tax-term\">Simone Tebet<\/a>"],"unlinked":["<span class=\"advgb-post-tax-term\">Bras\u00edlia<\/span>","<span class=\"advgb-post-tax-term\">G1<\/span>","<span class=\"advgb-post-tax-term\">POLITICA<\/span>","<span class=\"advgb-post-tax-term\">reforma tribut\u00e1ria<\/span>","<span class=\"advgb-post-tax-term\">Simone Tebet<\/span>"]},"tags":{"linked":["<a href=\"https:\/\/sindaopcpb.org.br\/simone-tebet\/\" class=\"advgb-post-tax-term\">g1<\/a>"],"unlinked":["<span class=\"advgb-post-tax-term\">g1<\/span>"]}},"comment_count":"0","relative_dates":{"created":"Publicado 3 anos atr\u00e1s","modified":"Atualizado 3 anos atr\u00e1s"},"absolute_dates":{"created":"Publicado em 14 de abril de 2023","modified":"Atualizado em 14 de abril de 2023"},"absolute_dates_time":{"created":"Publicado em 14 de abril de 2023 16:02","modified":"Atualizado em 14 de abril de 2023 16:02"},"featured_img_caption":"","series_order":"","_links":{"self":[{"href":"https:\/\/sindaopcpb.org.br\/index.php\/wp-json\/wp\/v2\/posts\/12232","targetHints":{"allow":["GET"]}}],"collection":[{"href":"https:\/\/sindaopcpb.org.br\/index.php\/wp-json\/wp\/v2\/posts"}],"about":[{"href":"https:\/\/sindaopcpb.org.br\/index.php\/wp-json\/wp\/v2\/types\/post"}],"author":[{"embeddable":true,"href":"https:\/\/sindaopcpb.org.br\/index.php\/wp-json\/wp\/v2\/users\/43"}],"replies":[{"embeddable":true,"href":"https:\/\/sindaopcpb.org.br\/index.php\/wp-json\/wp\/v2\/comments?post=12232"}],"version-history":[{"count":1,"href":"https:\/\/sindaopcpb.org.br\/index.php\/wp-json\/wp\/v2\/posts\/12232\/revisions"}],"predecessor-version":[{"id":12233,"href":"https:\/\/sindaopcpb.org.br\/index.php\/wp-json\/wp\/v2\/posts\/12232\/revisions\/12233"}],"wp:attachment":[{"href":"https:\/\/sindaopcpb.org.br\/index.php\/wp-json\/wp\/v2\/media?parent=12232"}],"wp:term":[{"taxonomy":"category","embeddable":true,"href":"https:\/\/sindaopcpb.org.br\/index.php\/wp-json\/wp\/v2\/categories?post=12232"},{"taxonomy":"post_tag","embeddable":true,"href":"https:\/\/sindaopcpb.org.br\/index.php\/wp-json\/wp\/v2\/tags?post=12232"}],"curies":[{"name":"wp","href":"https:\/\/api.w.org\/{rel}","templated":true}]}}