{"id":12228,"date":"2023-04-14T16:19:10","date_gmt":"2023-04-14T19:19:10","guid":{"rendered":"https:\/\/www.infomoney.com.br\/?p=2108775"},"modified":"2023-04-14T16:19:10","modified_gmt":"2023-04-14T19:19:10","slug":"arcabouco-fiscal-novo-limite-de-despesas-nao-vai-considerar-receitas-extraordinarias","status":"publish","type":"post","link":"https:\/\/sindaopcpb.org.br\/index.php\/2023\/04\/14\/arcabouco-fiscal-novo-limite-de-despesas-nao-vai-considerar-receitas-extraordinarias\/","title":{"rendered":"Arcabou\u00e7o fiscal: novo limite de despesas n\u00e3o vai considerar receitas extraordin\u00e1rias"},"content":{"rendered":"<p><img loading=\"lazy\" width=\"300\" height=\"187\" src=\"https:\/\/www.infomoney.com.br\/wp-content\/uploads\/2023\/04\/52652914680_9aaaa55387_c.jpg?fit=300%2C187&amp;quality=70&amp;strip=all\" class=\"attachment-medium size-medium wp-post-image\" alt=\"\" decoding=\"async\" style=\"float:right; margin:0 0 10px 10px;\" srcset=\"https:\/\/www.infomoney.com.br\/wp-content\/uploads\/2023\/04\/52652914680_9aaaa55387_c.jpg?w=800&amp;quality=70&amp;strip=all 800w, https:\/\/www.infomoney.com.br\/wp-content\/uploads\/2023\/04\/52652914680_9aaaa55387_c.jpg?w=300&amp;quality=70&amp;strip=all 300w, https:\/\/www.infomoney.com.br\/wp-content\/uploads\/2023\/04\/52652914680_9aaaa55387_c.jpg?w=768&amp;quality=70&amp;strip=all 768w, https:\/\/www.infomoney.com.br\/wp-content\/uploads\/2023\/04\/52652914680_9aaaa55387_c.jpg?w=150&amp;quality=70&amp;strip=all 150w\" sizes=\"auto, (max-width: 300px) 100vw, 300px\" data-attachment-id=\"2108808\" data-permalink=\"https:\/\/www.infomoney.com.br\/politica\/arcabouco-fiscal-novo-limite-de-despesas-nao-vai-considerar-receitas-extraordinarias\/attachment\/52652914680_9aaaa55387_c\/\" data-orig-file=\"https:\/\/www.infomoney.com.br\/wp-content\/uploads\/2023\/04\/52652914680_9aaaa55387_c.jpg?fit=800%2C499&amp;quality=70&amp;strip=all\" data-orig-size=\"800,499\" data-comments-opened=\"0\" data-image-meta=\"{&quot;aperture&quot;:&quot;0&quot;,&quot;credit&quot;:&quot;&quot;,&quot;camera&quot;:&quot;&quot;,&quot;caption&quot;:&quot;&quot;,&quot;created_timestamp&quot;:&quot;0&quot;,&quot;copyright&quot;:&quot;&quot;,&quot;focal_length&quot;:&quot;0&quot;,&quot;iso&quot;:&quot;0&quot;,&quot;shutter_speed&quot;:&quot;0&quot;,&quot;title&quot;:&quot;&quot;,&quot;orientation&quot;:&quot;0&quot;}\" data-image-title=\"Rog\u00e9rio Ceron\" data-image-description=\"\" data-image-caption=\"&lt;p&gt;O secret\u00e1rio do Tesouro Nacional, Rog\u00e9rio Ceron, em entrevista coletiva (FOTO: EDU ANDRADE\/Ascom\/MF)&lt;\/p&gt;\n\" data-medium-file=\"https:\/\/www.infomoney.com.br\/wp-content\/uploads\/2023\/04\/52652914680_9aaaa55387_c.jpg?fit=300%2C187&amp;quality=70&amp;strip=all\" data-large-file=\"https:\/\/www.infomoney.com.br\/wp-content\/uploads\/2023\/04\/52652914680_9aaaa55387_c.jpg?fit=800%2C499&amp;quality=70&amp;strip=all\" title=\"\"><\/p>\n<p>Diante das preocupa\u00e7\u00f5es de agentes econ\u00f4micos com os riscos de receitas extraordin\u00e1rias abrirem espa\u00e7o para gastos permanentes no Or\u00e7amento p\u00fablico, a equipe econ\u00f4mica decidiu desconsiderar ganhos de arrecada\u00e7\u00e3o n\u00e3o recorrentes do c\u00e1lculo do limite para despesas pelo arcabou\u00e7o fiscal.<\/p>\n<p>A informa\u00e7\u00e3o foi confirmada pelo secret\u00e1rio do Tesouro Nacional, Rog\u00e9rio Ceron, em entrevista concedida ao <strong>InfoMoney<\/strong> na \u00faltima quinta-feira (14), na sede do Minist\u00e9rio da Fazenda, em Bras\u00edlia.<\/p>\n<p>O projeto de lei complementar do novo arcabou\u00e7o fiscal deve ser enviado pelo governo do presidente Luiz In\u00e1cio Lula da Silva (PT) ao Congresso Nacional no in\u00edcio da pr\u00f3xima semana.<\/p>\n<p>Pela regra, as despesas p\u00fablicas sempre poder\u00e3o crescer de um ano para outro, respeitando uma banda de 0,6% a 2,5%. Considerando tal intervalo, o marco fiscal estabelece que as despesas cres\u00e7am a uma propor\u00e7\u00e3o de 70% da evolu\u00e7\u00e3o da receita prim\u00e1ria no ano anterior. A rela\u00e7\u00e3o pode cair para 50% caso o governo atinja um resultado prim\u00e1rio 0,25 ponto percentual abaixo da meta estabelecida.<\/p>\n<p>Segundo Ceron, a retirada das receitas extraordin\u00e1rios do c\u00e1lculo do limite das despesas traz maior previsibilidade para a gest\u00e3o das contas p\u00fablicas e evita riscos maiores no futuro.<\/p>\n<p>\u201cEste foi um aprimoramento feito. Quando divulgamos <em>[o marco fiscal]<\/em>, n\u00e3o est\u00e1vamos considerando dessa forma, mas uma linha de receita total, mas houve uma preocupa\u00e7\u00e3o grande de alguns agentes e especialistas, e <em>[foram feitas]<\/em> pondera\u00e7\u00f5es no sentido construtivo\u201d, afirmou.<\/p>\n<p>\u201cEstamos buscando construir um arcabou\u00e7o com menos flutua\u00e7\u00f5es, que garanta que a despesa n\u00e3o cres\u00e7a muito no ciclo econ\u00f4mico de alta e tamb\u00e9m n\u00e3o caia muito no ciclo de baixa, evitando volatilidade. Ele tem banda justamente para evitar aquele solavanco\u201d, continuou.<\/p>\n<p>Uma consequ\u00eancia indireta da decis\u00e3o \u00e9 tamb\u00e9m um poss\u00edvel fator de corre\u00e7\u00e3o mais alto para o Or\u00e7amento de 2024, j\u00e1 que a expectativa de economistas \u00e9 que o n\u00edvel de receitas recorrentes apresente um crescimento muito mais expressivo em 2023, na compara\u00e7\u00e3o ano a ano, do que as receitas totais (incluindo as extraordin\u00e1rias) &#8211; o que na pr\u00e1tica daria mais conforto ao governo na gest\u00e3o or\u00e7ament\u00e1ria.<\/p>\n<p>Apesar da mudan\u00e7a, Ceron acredita que a regra fiscal ainda traz est\u00edmulos para o governo tamb\u00e9m buscar receitas extraordin\u00e1rias quando poss\u00edvel em busca de maior equil\u00edbrio para as contas p\u00fablicas. Isso porque o resultado poder\u00e1 abrir espa\u00e7o para um incremento nos investimentos p\u00fablicos.<\/p>\n<p>\u201cConseguir receita extraordin\u00e1ria permite ter um resultado fiscal melhor, o que estimula o governo a ter um b\u00f4nus de investimento\u201d, disse o secret\u00e1rio.<\/p>\n<p>O novo arcabou\u00e7o fiscal estabelece que sempre que o governo superar a meta de resultado prim\u00e1rio em mais de 0,25 ponto percentual, parte do\u00a0excedente poderia ser utilizado para incremento aos investimentos p\u00fablicos.<\/p>\n<p>Segundo Ceron, esse \u201cb\u00f4nus\u201d ter\u00e1 um teto de cerca de 1\/3 do n\u00edvel de investimentos previstos no Or\u00e7amento de 2023, de R$ 71 bilh\u00f5es. Isso significa que, para al\u00e9m do crescimento previsto para tal linha a partir da regra de evolu\u00e7\u00e3o das despesas prevista no novo marco fiscal, tal rubrica poderia receber uma inje\u00e7\u00e3o adicional de, no m\u00e1ximo, R$ 24 bilh\u00f5es.<\/p>\n<p>\u201cO que fizemos foi limitar esse b\u00f4nus para que n\u00e3o seja algo que gere problemas\u201d, explicou. \u201c\u00c9 um bom est\u00edmulo, mas tamb\u00e9m n\u00e3o tem capacidade de provocar um super desarranjo em termos de press\u00e3o de demanda agregada. N\u00e3o desorganiza o sistema econ\u00f4mico\u201d.<\/p>\n<p>The post <a rel=\"nofollow noopener\" href=\"https:\/\/www.infomoney.com.br\/politica\/arcabouco-fiscal-novo-limite-de-despesas-nao-vai-considerar-receitas-extraordinarias\/\" target=\"_blank\">Arcabou\u00e7o fiscal: novo limite de despesas n\u00e3o vai considerar receitas extraordin\u00e1rias<\/a> appeared first on <a rel=\"nofollow noopener\" href=\"https:\/\/www.infomoney.com.br\/\" target=\"_blank\">InfoMoney<\/a>.<\/p>\n","protected":false},"excerpt":{"rendered":"<p><img loading=\"lazy\" decoding=\"async\" width=\"300\" height=\"187\" src=\"https:\/\/www.infomoney.com.br\/wp-content\/uploads\/2023\/04\/52652914680_9aaaa55387_c.jpg?fit=300%2C187&amp;quality=70&amp;strip=all\" class=\"attachment-medium size-medium wp-post-image\" alt=\"\" data-attachment-id=\"2108808\" data-permalink=\"https:\/\/www.infomoney.com.br\/politica\/arcabouco-fiscal-novo-limite-de-despesas-nao-vai-considerar-receitas-extraordinarias\/attachment\/52652914680_9aaaa55387_c\/\" data-orig-file=\"https:\/\/www.infomoney.com.br\/wp-content\/uploads\/2023\/04\/52652914680_9aaaa55387_c.jpg?fit=800%2C499&amp;quality=70&amp;strip=all\" data-orig-size=\"800,499\" data-comments-opened=\"0\" data-image-meta='{\"aperture\":\"0\",\"credit\":\"\",\"camera\":\"\",\"caption\":\"\",\"created_timestamp\":\"0\",\"copyright\":\"\",\"focal_length\":\"0\",\"iso\":\"0\",\"shutter_speed\":\"0\",\"title\":\"\",\"orientation\":\"0\"}' data-image-title=\"Rog\u00e9rio Ceron\" data-image-description=\"\" data-image-caption=\"&lt;p&gt;O secret\u00e1rio do Tesouro Nacional, Rog\u00e9rio Ceron, em entrevista coletiva (FOTO: EDU ANDRADE\/Ascom\/MF)&lt;\/p&gt;\n\" data-medium-file=\"https:\/\/www.infomoney.com.br\/wp-content\/uploads\/2023\/04\/52652914680_9aaaa55387_c.jpg?fit=300%2C187&amp;quality=70&amp;strip=all\" data-large-file=\"https:\/\/www.infomoney.com.br\/wp-content\/uploads\/2023\/04\/52652914680_9aaaa55387_c.jpg?fit=800%2C499&amp;quality=70&amp;strip=all\">Segundo secret\u00e1rio do Tesouro, decis\u00e3o traz maior previsibilidade para a gest\u00e3o das contas p\u00fablicas e evita riscos futuros<\/p>\n<p>The post <a rel=\"nofollow\" href=\"https:\/\/www.infomoney.com.br\/politica\/arcabouco-fiscal-novo-limite-de-despesas-nao-vai-considerar-receitas-extraordinarias\/\">Arcabou\u00e7o fiscal: novo limite de despesas n\u00e3o vai considerar receitas extraordin\u00e1rias<\/a> appeared first on <a rel=\"nofollow\" href=\"https:\/\/www.infomoney.com.br\/\">InfoMoney<\/a>.<\/p>\n","protected":false},"author":52,"featured_media":0,"comment_status":"closed","ping_status":"closed","sticky":false,"template":"","format":"standard","meta":{"advgb_blocks_editor_width":"","advgb_blocks_columns_visual_guide":"","footnotes":""},"categories":[108,69,109,34,260,650,129,130,47,784,231],"tags":[35],"class_list":["post-12228","post","type-post","status-publish","format-standard","hentry","category-arcabouco-fiscal","category-economia","category-fernando-haddad","category-g1","category-governo","category-investimentos-publicos","category-luiz-inacio-lula-da-silva","category-ministerio-da-fazenda","category-politica","category-rogerio-ceron","category-teto-de-gastos","tag-g1"],"author_meta":{"display_name":"Marcos Mortari","author_link":"https:\/\/sindaopcpb.org.br\/author\/marcos-mortari\/"},"featured_img":null,"coauthors":[],"tax_additional":{"categories":{"linked":["<a href=\"https:\/\/sindaopcpb.org.br\/arcabouco-fiscal\/\" class=\"advgb-post-tax-term\">Arcabou\u00e7o Fiscal<\/a>","<a href=\"https:\/\/sindaopcpb.org.br\/economia\/\" class=\"advgb-post-tax-term\">Economia<\/a>","<a href=\"https:\/\/sindaopcpb.org.br\/fernando-haddad\/\" class=\"advgb-post-tax-term\">FERNANDO HADDAD<\/a>","<a href=\"https:\/\/sindaopcpb.org.br\/g1\/\" class=\"advgb-post-tax-term\">G1<\/a>","<a href=\"https:\/\/sindaopcpb.org.br\/governo\/\" class=\"advgb-post-tax-term\">Governo<\/a>","<a href=\"https:\/\/sindaopcpb.org.br\/investimentos-publicos\/\" class=\"advgb-post-tax-term\">Investimentos p\u00fablicos<\/a>","<a href=\"https:\/\/sindaopcpb.org.br\/luiz-inacio-lula-da-silva\/\" class=\"advgb-post-tax-term\">Luiz In\u00e1cio Lula da Silva<\/a>","<a href=\"https:\/\/sindaopcpb.org.br\/ministerio-da-fazenda\/\" class=\"advgb-post-tax-term\">Minist\u00e9rio da Fazenda<\/a>","<a href=\"https:\/\/sindaopcpb.org.br\/politica\/\" class=\"advgb-post-tax-term\">POLITICA<\/a>","<a href=\"https:\/\/sindaopcpb.org.br\/rogerio-ceron\/\" class=\"advgb-post-tax-term\">Rog\u00e9rio Ceron<\/a>","<a href=\"https:\/\/sindaopcpb.org.br\/teto-de-gastos\/\" class=\"advgb-post-tax-term\">Teto de gastos<\/a>"],"unlinked":["<span class=\"advgb-post-tax-term\">Arcabou\u00e7o Fiscal<\/span>","<span class=\"advgb-post-tax-term\">Economia<\/span>","<span class=\"advgb-post-tax-term\">FERNANDO HADDAD<\/span>","<span class=\"advgb-post-tax-term\">G1<\/span>","<span class=\"advgb-post-tax-term\">Governo<\/span>","<span class=\"advgb-post-tax-term\">Investimentos p\u00fablicos<\/span>","<span class=\"advgb-post-tax-term\">Luiz In\u00e1cio Lula da Silva<\/span>","<span class=\"advgb-post-tax-term\">Minist\u00e9rio da Fazenda<\/span>","<span class=\"advgb-post-tax-term\">POLITICA<\/span>","<span class=\"advgb-post-tax-term\">Rog\u00e9rio Ceron<\/span>","<span class=\"advgb-post-tax-term\">Teto de gastos<\/span>"]},"tags":{"linked":["<a href=\"https:\/\/sindaopcpb.org.br\/teto-de-gastos\/\" class=\"advgb-post-tax-term\">g1<\/a>"],"unlinked":["<span class=\"advgb-post-tax-term\">g1<\/span>"]}},"comment_count":"0","relative_dates":{"created":"Publicado 3 anos atr\u00e1s","modified":"Atualizado 3 anos atr\u00e1s"},"absolute_dates":{"created":"Publicado em 14 de abril de 2023","modified":"Atualizado em 14 de abril de 2023"},"absolute_dates_time":{"created":"Publicado em 14 de abril de 2023 16:19","modified":"Atualizado em 14 de abril de 2023 16:19"},"featured_img_caption":"","series_order":"","_links":{"self":[{"href":"https:\/\/sindaopcpb.org.br\/index.php\/wp-json\/wp\/v2\/posts\/12228","targetHints":{"allow":["GET"]}}],"collection":[{"href":"https:\/\/sindaopcpb.org.br\/index.php\/wp-json\/wp\/v2\/posts"}],"about":[{"href":"https:\/\/sindaopcpb.org.br\/index.php\/wp-json\/wp\/v2\/types\/post"}],"author":[{"embeddable":true,"href":"https:\/\/sindaopcpb.org.br\/index.php\/wp-json\/wp\/v2\/users\/52"}],"replies":[{"embeddable":true,"href":"https:\/\/sindaopcpb.org.br\/index.php\/wp-json\/wp\/v2\/comments?post=12228"}],"version-history":[{"count":1,"href":"https:\/\/sindaopcpb.org.br\/index.php\/wp-json\/wp\/v2\/posts\/12228\/revisions"}],"predecessor-version":[{"id":12229,"href":"https:\/\/sindaopcpb.org.br\/index.php\/wp-json\/wp\/v2\/posts\/12228\/revisions\/12229"}],"wp:attachment":[{"href":"https:\/\/sindaopcpb.org.br\/index.php\/wp-json\/wp\/v2\/media?parent=12228"}],"wp:term":[{"taxonomy":"category","embeddable":true,"href":"https:\/\/sindaopcpb.org.br\/index.php\/wp-json\/wp\/v2\/categories?post=12228"},{"taxonomy":"post_tag","embeddable":true,"href":"https:\/\/sindaopcpb.org.br\/index.php\/wp-json\/wp\/v2\/tags?post=12228"}],"curies":[{"name":"wp","href":"https:\/\/api.w.org\/{rel}","templated":true}]}}