{"id":12141,"date":"2023-04-13T18:46:00","date_gmt":"2023-04-13T21:46:00","guid":{"rendered":"https:\/\/www.infomoney.com.br\/?p=2107754"},"modified":"2023-04-13T18:46:00","modified_gmt":"2023-04-13T21:46:00","slug":"tebet-enquanto-reforma-tributaria-do-emprego-nao-vier-17-setores-nao-devem-ser-reonerados","status":"publish","type":"post","link":"https:\/\/sindaopcpb.org.br\/index.php\/2023\/04\/13\/tebet-enquanto-reforma-tributaria-do-emprego-nao-vier-17-setores-nao-devem-ser-reonerados\/","title":{"rendered":"Tebet: enquanto reforma tribut\u00e1ria do emprego n\u00e3o vier, 17 setores n\u00e3o devem ser reonerados"},"content":{"rendered":"<p><img loading=\"lazy\" width=\"300\" height=\"199\" src=\"https:\/\/www.infomoney.com.br\/wp-content\/uploads\/2022\/10\/52407509053_9acb6a6d5e_c.jpg?fit=300%2C199&amp;quality=70&amp;strip=all\" class=\"attachment-medium size-medium wp-post-image\" alt=\"Simone Tebet (MDB) - Foto: Divulga\u00e7\u00e3o\" decoding=\"async\" style=\"float:right; margin:0 0 10px 10px;\" srcset=\"https:\/\/www.infomoney.com.br\/wp-content\/uploads\/2022\/10\/52407509053_9acb6a6d5e_c.jpg?w=800&amp;quality=70&amp;strip=all 800w, https:\/\/www.infomoney.com.br\/wp-content\/uploads\/2022\/10\/52407509053_9acb6a6d5e_c.jpg?w=300&amp;quality=70&amp;strip=all 300w, https:\/\/www.infomoney.com.br\/wp-content\/uploads\/2022\/10\/52407509053_9acb6a6d5e_c.jpg?w=768&amp;quality=70&amp;strip=all 768w, https:\/\/www.infomoney.com.br\/wp-content\/uploads\/2022\/10\/52407509053_9acb6a6d5e_c.jpg?w=150&amp;quality=70&amp;strip=all 150w\" sizes=\"auto, (max-width: 300px) 100vw, 300px\" data-attachment-id=\"1952393\" data-permalink=\"https:\/\/www.infomoney.com.br\/politica\/podemos-da-coligacao-de-tebet-fica-neutro-e-libera-filiados-para-votarem-em-quem-quiserem-no-2o-turno\/attachment\/52407509053_9acb6a6d5e_c\/\" data-orig-file=\"https:\/\/www.infomoney.com.br\/wp-content\/uploads\/2022\/10\/52407509053_9acb6a6d5e_c.jpg?fit=800%2C531&amp;quality=70&amp;strip=all\" data-orig-size=\"800,531\" data-comments-opened=\"0\" data-image-meta=\"{&quot;aperture&quot;:&quot;0&quot;,&quot;credit&quot;:&quot;&quot;,&quot;camera&quot;:&quot;&quot;,&quot;caption&quot;:&quot;&quot;,&quot;created_timestamp&quot;:&quot;0&quot;,&quot;copyright&quot;:&quot;&quot;,&quot;focal_length&quot;:&quot;0&quot;,&quot;iso&quot;:&quot;0&quot;,&quot;shutter_speed&quot;:&quot;0&quot;,&quot;title&quot;:&quot;&quot;,&quot;orientation&quot;:&quot;0&quot;}\" data-image-title=\"Simone Tebet (MDB) &#8211; Foto: Divulga\u00e7\u00e3o\" data-image-description=\"&lt;p&gt;Simone Tebet (MDB) &#8211; Foto: Divulga\u00e7\u00e3o&lt;\/p&gt;\n\" data-image-caption=\"&lt;p&gt;Simone Tebet (MDB) &#8211; Foto: Divulga\u00e7\u00e3o&lt;\/p&gt;\n\" data-medium-file=\"https:\/\/www.infomoney.com.br\/wp-content\/uploads\/2022\/10\/52407509053_9acb6a6d5e_c.jpg?fit=300%2C199&amp;quality=70&amp;strip=all\" data-large-file=\"https:\/\/www.infomoney.com.br\/wp-content\/uploads\/2022\/10\/52407509053_9acb6a6d5e_c.jpg?fit=800%2C531&amp;quality=70&amp;strip=all\" title=\"\"><\/p>\n<p>A ministra do Planejamento, Simone Tebet, afirmou nesta quinta-feira, 13, em evento da prefeitura de Araraquara (SP), que o governo deve prorrogar a desonera\u00e7\u00e3o da folha de pagamentos que favorece 17 setores econ\u00f4micos at\u00e9 o assunto ser abordado pela terceira fase da reforma tribut\u00e1ria, que vai tratar dos impostos sobre o emprego.<\/p>\n<p>&#8220;Eu acredito que, enquanto a reforma tribut\u00e1ria do emprego n\u00e3o vier, os 17 setores n\u00e3o devem ser reonerados&#8221;, disse, ponderando que n\u00e3o pode &#8220;tornar p\u00fablica&#8221; essa informa\u00e7\u00e3o porque o assunto tamb\u00e9m \u00e9 tratado pelo Minist\u00e9rio da Fazenda e pela Casa Civil.<\/p>\n<p>Como disse o secret\u00e1rio extraordin\u00e1rio para a reforma tribut\u00e1ria do Minist\u00e9rio da Fazenda, Bernard Appy, a revis\u00e3o tribut\u00e1ria relacionada ao emprego ser\u00e1 a terceira fase da reforma, depois da parte do consumo, que est\u00e1 sendo discutida agora, e da renda. &#8220;N\u00e3o vai demorar, logo ap\u00f3s a reforma sobre o consumo for aprovada, vamos come\u00e7ar a trabalhar as outras duas reformas.&#8221;<\/p>\n<p>The post <a rel=\"nofollow noopener\" href=\"https:\/\/www.infomoney.com.br\/politica\/tebet-enquanto-reforma-tributaria-do-emprego-nao-vier-17-setores-nao-devem-ser-reonerados\/\" target=\"_blank\">Tebet: enquanto reforma tribut\u00e1ria do emprego n\u00e3o vier, 17 setores n\u00e3o devem ser reonerados<\/a> appeared first on <a rel=\"nofollow noopener\" href=\"https:\/\/www.infomoney.com.br\/\" target=\"_blank\">InfoMoney<\/a>.<\/p>\n","protected":false},"excerpt":{"rendered":"<p><img loading=\"lazy\" decoding=\"async\" width=\"300\" height=\"199\" src=\"https:\/\/www.infomoney.com.br\/wp-content\/uploads\/2022\/10\/52407509053_9acb6a6d5e_c.jpg?fit=300%2C199&amp;quality=70&amp;strip=all\" class=\"attachment-medium size-medium wp-post-image\" alt=\"Simone Tebet (MDB) - Foto: Divulga\u00e7\u00e3o\" data-attachment-id=\"1952393\" data-permalink=\"https:\/\/www.infomoney.com.br\/politica\/podemos-da-coligacao-de-tebet-fica-neutro-e-libera-filiados-para-votarem-em-quem-quiserem-no-2o-turno\/attachment\/52407509053_9acb6a6d5e_c\/\" data-orig-file=\"https:\/\/www.infomoney.com.br\/wp-content\/uploads\/2022\/10\/52407509053_9acb6a6d5e_c.jpg?fit=800%2C531&amp;quality=70&amp;strip=all\" data-orig-size=\"800,531\" data-comments-opened=\"0\" data-image-meta='{\"aperture\":\"0\",\"credit\":\"\",\"camera\":\"\",\"caption\":\"\",\"created_timestamp\":\"0\",\"copyright\":\"\",\"focal_length\":\"0\",\"iso\":\"0\",\"shutter_speed\":\"0\",\"title\":\"\",\"orientation\":\"0\"}' data-image-title=\"Simone Tebet (MDB) \u2013 Foto: Divulga\u00e7\u00e3o\" data-image-description=\"&lt;p&gt;Simone Tebet (MDB) \u2013 Foto: Divulga\u00e7\u00e3o&lt;\/p&gt;\n\" data-image-caption=\"&lt;p&gt;Simone Tebet (MDB) \u2013 Foto: Divulga\u00e7\u00e3o&lt;\/p&gt;\n\" data-medium-file=\"https:\/\/www.infomoney.com.br\/wp-content\/uploads\/2022\/10\/52407509053_9acb6a6d5e_c.jpg?fit=300%2C199&amp;quality=70&amp;strip=all\" data-large-file=\"https:\/\/www.infomoney.com.br\/wp-content\/uploads\/2022\/10\/52407509053_9acb6a6d5e_c.jpg?fit=800%2C531&amp;quality=70&amp;strip=all\">Ela disse ainda que n\u00e3o pode &#8220;tornar p\u00fablica&#8221; a informa\u00e7\u00e3o porque o assunto tamb\u00e9m \u00e9 tratado pelo Minist\u00e9rio da Fazenda e pela Casa Civil<\/p>\n<p>The post <a rel=\"nofollow\" href=\"https:\/\/www.infomoney.com.br\/politica\/tebet-enquanto-reforma-tributaria-do-emprego-nao-vier-17-setores-nao-devem-ser-reonerados\/\">Tebet: enquanto reforma tribut\u00e1ria do emprego n\u00e3o vier, 17 setores n\u00e3o devem ser reonerados<\/a> appeared first on <a rel=\"nofollow\" href=\"https:\/\/www.infomoney.com.br\/\">InfoMoney<\/a>.<\/p>\n","protected":false},"author":43,"featured_media":0,"comment_status":"closed","ping_status":"closed","sticky":false,"template":"","format":"standard","meta":{"advgb_blocks_editor_width":"","advgb_blocks_columns_visual_guide":"","footnotes":""},"categories":[770,34,47,191,360],"tags":[35],"class_list":["post-12141","post","type-post","status-publish","format-standard","hentry","category-emprego","category-g1","category-politica","category-reforma-tributaria","category-simone-tebet","tag-g1"],"author_meta":{"display_name":"Estad\u00e3o Conte\u00fado","author_link":"https:\/\/sindaopcpb.org.br\/author\/estadao-conteudo\/"},"featured_img":null,"coauthors":[],"tax_additional":{"categories":{"linked":["<a href=\"https:\/\/sindaopcpb.org.br\/emprego\/\" class=\"advgb-post-tax-term\">Emprego<\/a>","<a href=\"https:\/\/sindaopcpb.org.br\/g1\/\" class=\"advgb-post-tax-term\">G1<\/a>","<a href=\"https:\/\/sindaopcpb.org.br\/politica\/\" class=\"advgb-post-tax-term\">POLITICA<\/a>","<a href=\"https:\/\/sindaopcpb.org.br\/reforma-tributaria\/\" class=\"advgb-post-tax-term\">reforma tribut\u00e1ria<\/a>","<a href=\"https:\/\/sindaopcpb.org.br\/simone-tebet\/\" class=\"advgb-post-tax-term\">Simone Tebet<\/a>"],"unlinked":["<span class=\"advgb-post-tax-term\">Emprego<\/span>","<span class=\"advgb-post-tax-term\">G1<\/span>","<span class=\"advgb-post-tax-term\">POLITICA<\/span>","<span class=\"advgb-post-tax-term\">reforma tribut\u00e1ria<\/span>","<span class=\"advgb-post-tax-term\">Simone Tebet<\/span>"]},"tags":{"linked":["<a href=\"https:\/\/sindaopcpb.org.br\/simone-tebet\/\" class=\"advgb-post-tax-term\">g1<\/a>"],"unlinked":["<span class=\"advgb-post-tax-term\">g1<\/span>"]}},"comment_count":"0","relative_dates":{"created":"Publicado 3 anos atr\u00e1s","modified":"Atualizado 3 anos atr\u00e1s"},"absolute_dates":{"created":"Publicado em 13 de abril de 2023","modified":"Atualizado em 13 de abril de 2023"},"absolute_dates_time":{"created":"Publicado em 13 de abril de 2023 18:46","modified":"Atualizado em 13 de abril de 2023 18:46"},"featured_img_caption":"","series_order":"","_links":{"self":[{"href":"https:\/\/sindaopcpb.org.br\/index.php\/wp-json\/wp\/v2\/posts\/12141","targetHints":{"allow":["GET"]}}],"collection":[{"href":"https:\/\/sindaopcpb.org.br\/index.php\/wp-json\/wp\/v2\/posts"}],"about":[{"href":"https:\/\/sindaopcpb.org.br\/index.php\/wp-json\/wp\/v2\/types\/post"}],"author":[{"embeddable":true,"href":"https:\/\/sindaopcpb.org.br\/index.php\/wp-json\/wp\/v2\/users\/43"}],"replies":[{"embeddable":true,"href":"https:\/\/sindaopcpb.org.br\/index.php\/wp-json\/wp\/v2\/comments?post=12141"}],"version-history":[{"count":1,"href":"https:\/\/sindaopcpb.org.br\/index.php\/wp-json\/wp\/v2\/posts\/12141\/revisions"}],"predecessor-version":[{"id":12142,"href":"https:\/\/sindaopcpb.org.br\/index.php\/wp-json\/wp\/v2\/posts\/12141\/revisions\/12142"}],"wp:attachment":[{"href":"https:\/\/sindaopcpb.org.br\/index.php\/wp-json\/wp\/v2\/media?parent=12141"}],"wp:term":[{"taxonomy":"category","embeddable":true,"href":"https:\/\/sindaopcpb.org.br\/index.php\/wp-json\/wp\/v2\/categories?post=12141"},{"taxonomy":"post_tag","embeddable":true,"href":"https:\/\/sindaopcpb.org.br\/index.php\/wp-json\/wp\/v2\/tags?post=12141"}],"curies":[{"name":"wp","href":"https:\/\/api.w.org\/{rel}","templated":true}]}}