{"id":12125,"date":"2023-04-13T17:54:12","date_gmt":"2023-04-13T20:54:12","guid":{"rendered":"https:\/\/www.infomoney.com.br\/?p=2107703"},"modified":"2023-04-13T17:54:12","modified_gmt":"2023-04-13T20:54:12","slug":"senadores-divergem-sobre-cpi-mista-dos-atos-antidemocraticos","status":"publish","type":"post","link":"https:\/\/sindaopcpb.org.br\/index.php\/2023\/04\/13\/senadores-divergem-sobre-cpi-mista-dos-atos-antidemocraticos\/","title":{"rendered":"Senadores divergem sobre CPI mista dos atos antidemocr\u00e1ticos"},"content":{"rendered":"<p><img loading=\"lazy\" width=\"300\" height=\"200\" src=\"https:\/\/www.infomoney.com.br\/wp-content\/uploads\/2023\/01\/ENQ20230108029.jpg?fit=300%2C200&amp;quality=70&amp;strip=all\" class=\"attachment-medium size-medium wp-post-image\" alt=\"Apoiadores do ex-presidente Jair Bolsonaro durante a invas\u00e3o ao Pal\u00e1cio do Planalto (Foto: LUCAS NEVES\/ENQUADRAR\/ESTAD\u00c3O CONTE\u00daDO)\" decoding=\"async\" style=\"float:right; margin:0 0 10px 10px;\" srcset=\"https:\/\/www.infomoney.com.br\/wp-content\/uploads\/2023\/01\/ENQ20230108029.jpg?w=2048&amp;quality=70&amp;strip=all 2048w, https:\/\/www.infomoney.com.br\/wp-content\/uploads\/2023\/01\/ENQ20230108029.jpg?w=300&amp;quality=70&amp;strip=all 300w, https:\/\/www.infomoney.com.br\/wp-content\/uploads\/2023\/01\/ENQ20230108029.jpg?w=768&amp;quality=70&amp;strip=all 768w, https:\/\/www.infomoney.com.br\/wp-content\/uploads\/2023\/01\/ENQ20230108029.jpg?w=1280&amp;quality=70&amp;strip=all 1280w, https:\/\/www.infomoney.com.br\/wp-content\/uploads\/2023\/01\/ENQ20230108029.jpg?w=1536&amp;quality=70&amp;strip=all 1536w, https:\/\/www.infomoney.com.br\/wp-content\/uploads\/2023\/01\/ENQ20230108029.jpg?w=150&amp;quality=70&amp;strip=all 150w\" sizes=\"auto, (max-width: 300px) 100vw, 300px\" data-attachment-id=\"2025189\" data-permalink=\"https:\/\/www.infomoney.com.br\/bolsonaristas-invadem-o-congresso-nacional\/\" data-orig-file=\"https:\/\/www.infomoney.com.br\/wp-content\/uploads\/2023\/01\/ENQ20230108029.jpg?fit=2048%2C1366&amp;quality=70&amp;strip=all\" data-orig-size=\"2048,1366\" data-comments-opened=\"0\" data-image-meta=\"{&quot;aperture&quot;:&quot;0&quot;,&quot;credit&quot;:&quot;ESTAD\\u00c3O CONTE\\u00daDO&quot;,&quot;camera&quot;:&quot;&quot;,&quot;caption&quot;:&quot;DF - LULA\\\/VIT\\u00d3RIA\\\/ATOS ANTIDEMOCR\\u00c1TICOS\\\/CONGRESSO\\\/INVAS\\u00c3O - GERAL - Apoiadores do ex-presidente Jair Bolsonaro durante a invas\\u00e3o ao Pal\\u00e1cio do Planalto, na Esplanada dos     Minist\\u00e9rios, em Bras\\u00edlia, neste domingo (8). Os participantes de atos antidemocr\\u00e1ticos que invadiram na tarde deste     domingo as sedes dos Tr\\u00eas Poderes em Bras\\u00edlia promoveram quebradeira no Pal\\u00e1cio do Planalto, no Congresso Nacional,     e no Plen\\u00e1rio do Supremo Tribunal Federal (STF).      08\\\/01\\\/2023 - Foto: LUCAS NEVES\\\/ENQUADRAR\\\/ESTAD\\u00c3O CONTE\\u00daDO&quot;,&quot;created_timestamp&quot;:&quot;0&quot;,&quot;copyright&quot;:&quot;Copyright \\u00a9 Ag\\u00eancia Estado. Todos os direitos reservados&quot;,&quot;focal_length&quot;:&quot;0&quot;,&quot;iso&quot;:&quot;0&quot;,&quot;shutter_speed&quot;:&quot;0&quot;,&quot;title&quot;:&quot;Bolsonaristas invadem o Congresso Nacional&quot;,&quot;orientation&quot;:&quot;0&quot;}\" data-image-title=\"Bolsonaristas invadem o Congresso Nacional\" data-image-description=\"&lt;p&gt;Apoiadores do ex-presidente Jair Bolsonaro durante a invas\u00e3o ao Pal\u00e1cio do Planalto (Foto: LUCAS NEVES\/ENQUADRAR\/ESTAD\u00c3O CONTE\u00daDO)&lt;\/p&gt;\n\" data-image-caption=\"&lt;p&gt;Apoiadores do ex-presidente Jair Bolsonaro durante a invas\u00e3o ao Pal\u00e1cio do Planalto (Foto: LUCAS NEVES\/ENQUADRAR\/ESTAD\u00c3O CONTE\u00daDO)&lt;\/p&gt;\n\" data-medium-file=\"https:\/\/www.infomoney.com.br\/wp-content\/uploads\/2023\/01\/ENQ20230108029.jpg?fit=300%2C200&amp;quality=70&amp;strip=all\" data-large-file=\"https:\/\/www.infomoney.com.br\/wp-content\/uploads\/2023\/01\/ENQ20230108029.jpg?fit=1280%2C854&amp;quality=70&amp;strip=all\" title=\"\"><\/p>\n<p>O requerimento para a cria\u00e7\u00e3o de uma CPI mista que investigue os atos antidemocr\u00e1ticos de 8 de janeiro deve ser lido na pr\u00f3xima sess\u00e3o do Congresso Nacional, marcada para esta ter\u00e7a-feira (18). Quem recolheu as assinaturas dos parlamentares para o requerimento foi o\u00a0deputado federal Andr\u00e9 Fernandes (PL-CE), apoiador do ex-presidente Jair Bolsonaro. Mas a cria\u00e7\u00e3o da CPI gera diverg\u00eancias entre os senadores.<\/p>\n<p>Enquanto senadores de oposi\u00e7\u00e3o querem essa CPI para investigar poss\u00edveis omiss\u00f5es do governo e at\u00e9 a eventual presen\u00e7a de infiltrados nos atos, senadores governistas argumentam que os atos j\u00e1 est\u00e3o sendo investigados pela Pol\u00edcia Federal e que o pa\u00eds tem outras prioridades.<\/p>\n<h2>A favor da CPI<\/h2>\n<p>O senador Luis Carlos Heinze (PP-RS) apoia a cria\u00e7\u00e3o da CPI mista com o argumento de que sua instala\u00e7\u00e3o \u00e9 importante para esclarecer os &#8220;abusos que foram feitos&#8221; e identificar poss\u00edveis infiltrados. Heinze afirma que as manifesta\u00e7\u00f5es de 8 de janeiro foram democr\u00e1ticas e leg\u00edtimas, e nega que tivessem car\u00e1ter terrorista, mas ressalta ser contr\u00e1rio \u00e0 invas\u00e3o de pr\u00e9dios p\u00fablicos.<\/p>\n<p>Para o senador Izalci Lucas (PSDB-DF), essa CPI precisa ser instalada imediatamente. Em um v\u00eddeo divulgado no Twitter, ele declarou que &#8220;n\u00e3o tem d\u00favida nenhuma da omiss\u00e3o do governo federal&#8221; e que acredita na presen\u00e7a de infiltrados nas manifesta\u00e7\u00f5es antidemocr\u00e1ticas.<\/p>\n<p>Por sua vez, o senador Eduardo Gir\u00e3o (Novo-CE) disse entender que &#8220;a popula\u00e7\u00e3o est\u00e1 ansiosa&#8221; pela abertura da CPI. Segundo Gir\u00e3o, &#8220;muita coisa precisa ser explicada para o bem da democracia do Brasil&#8221;. Ele classificou os atentados como \u201cdeplor\u00e1veis\u201d, mas tamb\u00e9m considera estranho que o governo, &#8220;que se diz v\u00edtima&#8221;, n\u00e3o apoie a cria\u00e7\u00e3o da CPI.<\/p>\n<p>&#8220;A gente tem ideia do que pode ter acontecido. A grande m\u00eddia noticiou que a Abin [Ag\u00eancia Brasileira de Intelig\u00eancia] teria informado a 38 \u00f3rg\u00e3os federais que o objetivo daqueles atos era destruir o patrim\u00f4nio p\u00fablico fisicamente. E me parece que o governo lavou as m\u00e3os&#8221;, registrou Gir\u00e3o.<\/p>\n<h2>Contra a CPI<\/h2>\n<p>O l\u00edder do governo no Congresso, senador Randolfe Rodrigues (Rede-AP), j\u00e1 se manifestou contrariamente \u00e0 CPI mista. No entanto, ele ponderou que, se o requerimento for lido e a comiss\u00e3o criada, estar\u00e1 &#8220;pronto para atuar nela&#8221;.<\/p>\n<p>Na vis\u00e3o do senador Humberto Costa (PT-PE), a cria\u00e7\u00e3o dessa CPI &#8220;n\u00e3o se coaduna com a realidade&#8221; do que ocorreu no dia 8 de janeiro. O senador afirmou que a investiga\u00e7\u00e3o vem sendo feita de forma profunda, s\u00e9ria e correta, tanto pelo Executivo (por meio da Pol\u00edcia Federal e da Controladoria-Geral da Uni\u00e3o) quanto pelo Judici\u00e1rio e pelo Minist\u00e9rio P\u00fablico. Mas ele disse que, se a comiss\u00e3o for instalada, vai procurar colaborar a favor da verdade.<\/p>\n<p>&#8220;Num momento como este, [a CPI mista] \u00e9 algo que vai terminar se transformando, meramente, em uma disputa pol\u00edtica, com aprofundamento da polariza\u00e7\u00e3o. E isso n\u00e3o \u00e9 adequado&#8221;, avaliou Humberto.<\/p>\n<p>The post <a rel=\"nofollow noopener\" href=\"https:\/\/www.infomoney.com.br\/politica\/senadores-divergem-sobre-cpi-mista-dos-atos-antidemocraticos\/\" target=\"_blank\">Senadores divergem sobre CPI mista dos atos antidemocr\u00e1ticos<\/a> appeared first on <a rel=\"nofollow noopener\" href=\"https:\/\/www.infomoney.com.br\/\" target=\"_blank\">InfoMoney<\/a>.<\/p>\n","protected":false},"excerpt":{"rendered":"<p><img loading=\"lazy\" decoding=\"async\" width=\"300\" height=\"200\" src=\"https:\/\/www.infomoney.com.br\/wp-content\/uploads\/2023\/01\/ENQ20230108029.jpg?fit=300%2C200&amp;quality=70&amp;strip=all\" class=\"attachment-medium size-medium wp-post-image\" alt=\"Apoiadores do ex-presidente Jair Bolsonaro durante a invas\u00e3o ao Pal\u00e1cio do Planalto (Foto: LUCAS NEVES\/ENQUADRAR\/ESTAD\u00c3O CONTE\u00daDO)\" data-attachment-id=\"2025189\" data-permalink=\"https:\/\/www.infomoney.com.br\/bolsonaristas-invadem-o-congresso-nacional\/\" data-orig-file=\"https:\/\/www.infomoney.com.br\/wp-content\/uploads\/2023\/01\/ENQ20230108029.jpg?fit=2048%2C1366&amp;quality=70&amp;strip=all\" data-orig-size=\"2048,1366\" data-comments-opened=\"0\" data-image-meta='{\"aperture\":\"0\",\"credit\":\"ESTAD\\u00c3O CONTE\\u00daDO\",\"camera\":\"\",\"caption\":\"DF - LULA\\\/VIT\\u00d3RIA\\\/ATOS ANTIDEMOCR\\u00c1TICOS\\\/CONGRESSO\\\/INVAS\\u00c3O - GERAL - Apoiadores do ex-presidente Jair Bolsonaro durante a invas\\u00e3o ao Pal\\u00e1cio do Planalto, na Esplanada dos     Minist\\u00e9rios, em Bras\\u00edlia, neste domingo (8). Os participantes de atos antidemocr\\u00e1ticos que invadiram na tarde deste     domingo as sedes dos Tr\\u00eas Poderes em Bras\\u00edlia promoveram quebradeira no Pal\\u00e1cio do Planalto, no Congresso Nacional,     e no Plen\\u00e1rio do Supremo Tribunal Federal (STF).      08\\\/01\\\/2023 - Foto: LUCAS NEVES\\\/ENQUADRAR\\\/ESTAD\\u00c3O CONTE\\u00daDO\",\"created_timestamp\":\"0\",\"copyright\":\"Copyright \\u00a9 Ag\\u00eancia Estado. Todos os direitos reservados\",\"focal_length\":\"0\",\"iso\":\"0\",\"shutter_speed\":\"0\",\"title\":\"Bolsonaristas invadem o Congresso Nacional\",\"orientation\":\"0\"}' data-image-title=\"Bolsonaristas invadem o Congresso Nacional\" data-image-description=\"&lt;p&gt;Apoiadores do ex-presidente Jair Bolsonaro durante a invas\u00e3o ao Pal\u00e1cio do Planalto (Foto: LUCAS NEVES\/ENQUADRAR\/ESTAD\u00c3O CONTE\u00daDO)&lt;\/p&gt;\n\" data-image-caption=\"&lt;p&gt;Apoiadores do ex-presidente Jair Bolsonaro durante a invas\u00e3o ao Pal\u00e1cio do Planalto (Foto: LUCAS NEVES\/ENQUADRAR\/ESTAD\u00c3O CONTE\u00daDO)&lt;\/p&gt;\n\" data-medium-file=\"https:\/\/www.infomoney.com.br\/wp-content\/uploads\/2023\/01\/ENQ20230108029.jpg?fit=300%2C200&amp;quality=70&amp;strip=all\" data-large-file=\"https:\/\/www.infomoney.com.br\/wp-content\/uploads\/2023\/01\/ENQ20230108029.jpg?fit=1280%2C854&amp;quality=70&amp;strip=all\">Senadores de oposi\u00e7\u00e3o querem a CPI para investigar poss\u00edveis omiss\u00f5es do governo, j\u00e1 os governistas dizem que os atos j\u00e1 est\u00e3o sendo investigados pela PF<\/p>\n<p>The post <a rel=\"nofollow\" href=\"https:\/\/www.infomoney.com.br\/politica\/senadores-divergem-sobre-cpi-mista-dos-atos-antidemocraticos\/\">Senadores divergem sobre CPI mista dos atos antidemocr\u00e1ticos<\/a> appeared first on <a rel=\"nofollow\" href=\"https:\/\/www.infomoney.com.br\/\">InfoMoney<\/a>.<\/p>\n","protected":false},"author":55,"featured_media":0,"comment_status":"closed","ping_status":"closed","sticky":false,"template":"","format":"standard","meta":{"advgb_blocks_editor_width":"","advgb_blocks_columns_visual_guide":"","footnotes":""},"categories":[359,752,34,47],"tags":[35],"class_list":["post-12125","post","type-post","status-publish","format-standard","hentry","category-congresso-nacional","category-cpi","category-g1","category-politica","tag-g1"],"author_meta":{"display_name":"Rodrigo Umpieres","author_link":"https:\/\/sindaopcpb.org.br\/author\/rodrigo-umpieres\/"},"featured_img":null,"coauthors":[],"tax_additional":{"categories":{"linked":["<a href=\"https:\/\/sindaopcpb.org.br\/congresso-nacional\/\" class=\"advgb-post-tax-term\">Congresso Nacional<\/a>","<a href=\"https:\/\/sindaopcpb.org.br\/cpi\/\" class=\"advgb-post-tax-term\">CPI<\/a>","<a href=\"https:\/\/sindaopcpb.org.br\/g1\/\" class=\"advgb-post-tax-term\">G1<\/a>","<a href=\"https:\/\/sindaopcpb.org.br\/politica\/\" class=\"advgb-post-tax-term\">POLITICA<\/a>"],"unlinked":["<span class=\"advgb-post-tax-term\">Congresso Nacional<\/span>","<span class=\"advgb-post-tax-term\">CPI<\/span>","<span class=\"advgb-post-tax-term\">G1<\/span>","<span class=\"advgb-post-tax-term\">POLITICA<\/span>"]},"tags":{"linked":["<a href=\"https:\/\/sindaopcpb.org.br\/politica\/\" class=\"advgb-post-tax-term\">g1<\/a>"],"unlinked":["<span class=\"advgb-post-tax-term\">g1<\/span>"]}},"comment_count":"0","relative_dates":{"created":"Publicado 3 anos atr\u00e1s","modified":"Atualizado 3 anos atr\u00e1s"},"absolute_dates":{"created":"Publicado em 13 de abril de 2023","modified":"Atualizado em 13 de abril de 2023"},"absolute_dates_time":{"created":"Publicado em 13 de abril de 2023 17:54","modified":"Atualizado em 13 de abril de 2023 17:54"},"featured_img_caption":"","series_order":"","_links":{"self":[{"href":"https:\/\/sindaopcpb.org.br\/index.php\/wp-json\/wp\/v2\/posts\/12125","targetHints":{"allow":["GET"]}}],"collection":[{"href":"https:\/\/sindaopcpb.org.br\/index.php\/wp-json\/wp\/v2\/posts"}],"about":[{"href":"https:\/\/sindaopcpb.org.br\/index.php\/wp-json\/wp\/v2\/types\/post"}],"author":[{"embeddable":true,"href":"https:\/\/sindaopcpb.org.br\/index.php\/wp-json\/wp\/v2\/users\/55"}],"replies":[{"embeddable":true,"href":"https:\/\/sindaopcpb.org.br\/index.php\/wp-json\/wp\/v2\/comments?post=12125"}],"version-history":[{"count":1,"href":"https:\/\/sindaopcpb.org.br\/index.php\/wp-json\/wp\/v2\/posts\/12125\/revisions"}],"predecessor-version":[{"id":12126,"href":"https:\/\/sindaopcpb.org.br\/index.php\/wp-json\/wp\/v2\/posts\/12125\/revisions\/12126"}],"wp:attachment":[{"href":"https:\/\/sindaopcpb.org.br\/index.php\/wp-json\/wp\/v2\/media?parent=12125"}],"wp:term":[{"taxonomy":"category","embeddable":true,"href":"https:\/\/sindaopcpb.org.br\/index.php\/wp-json\/wp\/v2\/categories?post=12125"},{"taxonomy":"post_tag","embeddable":true,"href":"https:\/\/sindaopcpb.org.br\/index.php\/wp-json\/wp\/v2\/tags?post=12125"}],"curies":[{"name":"wp","href":"https:\/\/api.w.org\/{rel}","templated":true}]}}