{"id":12051,"date":"2023-04-13T13:21:34","date_gmt":"2023-04-13T16:21:34","guid":{"rendered":"https:\/\/www.infomoney.com.br\/?p=2107283"},"modified":"2023-04-13T13:21:34","modified_gmt":"2023-04-13T16:21:34","slug":"revista-time-elege-lula-como-uma-das-100-pessoas-mais-influentes-de-2023","status":"publish","type":"post","link":"https:\/\/sindaopcpb.org.br\/index.php\/2023\/04\/13\/revista-time-elege-lula-como-uma-das-100-pessoas-mais-influentes-de-2023\/","title":{"rendered":"Revista Time elege Lula como uma das 100 pessoas mais influentes de 2023"},"content":{"rendered":"<p><img loading=\"lazy\" width=\"300\" height=\"225\" src=\"https:\/\/www.infomoney.com.br\/wp-content\/uploads\/2022\/12\/lula-anuncia-ministros1_mcamgo_abr_091220221818-11.jpg?fit=300%2C225&amp;quality=70&amp;strip=all\" class=\"attachment-medium size-medium wp-post-image\" alt=\"Lula Imposto de Renda tabela do IR redu\u00e7\u00e3o sal\u00e1rio m\u00ednimo\" decoding=\"async\" style=\"float:right; margin:0 0 10px 10px;\" srcset=\"https:\/\/www.infomoney.com.br\/wp-content\/uploads\/2022\/12\/lula-anuncia-ministros1_mcamgo_abr_091220221818-11.jpg?w=1024&amp;quality=70&amp;strip=all 1024w, https:\/\/www.infomoney.com.br\/wp-content\/uploads\/2022\/12\/lula-anuncia-ministros1_mcamgo_abr_091220221818-11.jpg?w=300&amp;quality=70&amp;strip=all 300w, https:\/\/www.infomoney.com.br\/wp-content\/uploads\/2022\/12\/lula-anuncia-ministros1_mcamgo_abr_091220221818-11.jpg?w=768&amp;quality=70&amp;strip=all 768w, https:\/\/www.infomoney.com.br\/wp-content\/uploads\/2022\/12\/lula-anuncia-ministros1_mcamgo_abr_091220221818-11.jpg?w=150&amp;quality=70&amp;strip=all 150w\" sizes=\"auto, (max-width: 300px) 100vw, 300px\" data-attachment-id=\"2014504\" data-permalink=\"https:\/\/www.infomoney.com.br\/lula-anuncia-ministros1_mcamgo_abr_091220221818-11\/\" data-orig-file=\"https:\/\/www.infomoney.com.br\/wp-content\/uploads\/2022\/12\/lula-anuncia-ministros1_mcamgo_abr_091220221818-11.jpg?fit=1024%2C768&amp;quality=70&amp;strip=all\" data-orig-size=\"1024,768\" data-comments-opened=\"0\" data-image-meta=\"{&quot;aperture&quot;:&quot;2.8&quot;,&quot;credit&quot;:&quot;Marcelo Camargo\\\/Ag\\u00eancia Brasil&quot;,&quot;camera&quot;:&quot;Canon EOS-1D X&quot;,&quot;caption&quot;:&quot;O presidente eleito, Luiz In\\u00e1cio Lula da Silva, anuncia ministros durante coletiva no CCBB Bras\\u00edlia.&quot;,&quot;created_timestamp&quot;:&quot;1670583607&quot;,&quot;copyright&quot;:&quot;Ag\\u00eancia Brasil\\\/EBC&quot;,&quot;focal_length&quot;:&quot;175&quot;,&quot;iso&quot;:&quot;3200&quot;,&quot;shutter_speed&quot;:&quot;0.003125&quot;,&quot;title&quot;:&quot;&quot;,&quot;orientation&quot;:&quot;0&quot;}\" data-image-title=\"lula-anuncia-ministros1_mcamgo_abr_091220221818-11\" data-image-description=\"\" data-image-caption=\"&lt;p&gt;O presidente eleito, Luiz In\u00e1cio Lula da Silva&lt;\/p&gt;\n\" data-medium-file=\"https:\/\/www.infomoney.com.br\/wp-content\/uploads\/2022\/12\/lula-anuncia-ministros1_mcamgo_abr_091220221818-11.jpg?fit=300%2C225&amp;quality=70&amp;strip=all\" data-large-file=\"https:\/\/www.infomoney.com.br\/wp-content\/uploads\/2022\/12\/lula-anuncia-ministros1_mcamgo_abr_091220221818-11.jpg?fit=1024%2C768&amp;quality=70&amp;strip=all\" title=\"\"><\/p>\n<p>O presidente brasileiro Luiz In\u00e1cio Lula da Silva foi escolhido pela revista americana Time como uma das 100 pessoas mais influentes de 2023, segundo ranking divulgado nesta quinta-feira (13).<\/p>\n<p>O petista entrou na categoria l\u00edderes, ao lado de nomes como Joe Biden (presidente dos EUA), Gustavo Petro (presidente da Col\u00f4mbia), Janet Yellen (Secret\u00e1ria do Tesouro dos EUA) e Olena Zelenska (primeira-dama da Ucr\u00e2nia).<\/p>\n<p>Segundo o texto, escrito pelo ex-vice-presidente dos EUA, Al Gore, Lula est\u00e1 em sintonia com o &#8220;florescimento&#8221; da a\u00e7\u00e3o clim\u00e1tica neste ano e ser\u00e1 &#8220;fundamental nesta d\u00e9cada decisiva&#8221; para o clima. O texto de cada um dos escolhidos pela revista \u00e9 escrito por alguma personalidade do mesmo meio de atua\u00e7\u00e3o.<\/p>\n<p>&#8220;Depois de anos de destrui\u00e7\u00e3o de degrada\u00e7\u00e3o ambientais endossada pelo estado, a popula\u00e7\u00e3o brasileira escolheu um novo caminho, elegendo um campe\u00e3o clim\u00e1tico&#8221;, diz o pol\u00edtico americano.<\/p>\n<p>Al Gore tamb\u00e9m diz que o presidente brasileiro renovou os compromissos do pa\u00eds com a democracia e com pol\u00edticas econ\u00f4micas igualit\u00e1rias, mas refor\u00e7ou que as \u00e1reas onde ele mais deve impactar \u00e9 no combate \u00e0 crise clim\u00e1tica e na biodiversidade.<\/p>\n<p>&#8220;Depois de muitos anos de crescente desmatamento e inc\u00eandios florestais, a Amaz\u00f4nia est\u00e1 se transformando de um sumidouro de carbono em uma fonte l\u00edquida de emiss\u00f5es. O presidente Lula prometeu proteger a Amaz\u00f4nia, e j\u00e1 o fez antes \u2013 reduzindo o desmatamento em 72% em seu mandato anterior&#8221;, diz o texto.<\/p>\n<p>Em 2021, o ex-presidente Jair Bolsonaro foi eleito como personalidade do ano, quando a revista o definiu como um &#8220;l\u00edder controverso&#8221;. &#8220;Recentemente, Bolsonaro esteve na mira do suprema corte brasileira que ordenou uma investiga\u00e7\u00e3o sobre coment\u00e1rios falsos alegando liga\u00e7\u00e3o entre a vacina contra a Covid e a Aids&#8221;, disse a Time naquele ano.<\/p>\n<p>Dez anos antes, em 2011, a\u00a0ex-presidente Dilma Rousseff entrou na lista da Time dos cem mais influentes. A lista das cem pessoas mais influentes \u00e9 feita anualmente pela Time com pessoas que &#8220;est\u00e3o mudando o mundo&#8221;, segundo a revista, em seis categorias: artistas, tit\u00e3s, l\u00edderes, \u00edcones, pioneiros e inovadores.<\/p>\n<p>The post <a rel=\"nofollow noopener\" href=\"https:\/\/www.infomoney.com.br\/politica\/revista-time-elege-lula-como-uma-das-100-pessoas-mais-influentes-de-2023\/\" target=\"_blank\">Revista Time elege Lula como uma das 100 pessoas mais influentes de 2023<\/a> appeared first on <a rel=\"nofollow noopener\" href=\"https:\/\/www.infomoney.com.br\/\" target=\"_blank\">InfoMoney<\/a>.<\/p>\n","protected":false},"excerpt":{"rendered":"<p><img loading=\"lazy\" decoding=\"async\" width=\"300\" height=\"225\" src=\"https:\/\/www.infomoney.com.br\/wp-content\/uploads\/2022\/12\/lula-anuncia-ministros1_mcamgo_abr_091220221818-11.jpg?fit=300%2C225&amp;quality=70&amp;strip=all\" class=\"attachment-medium size-medium wp-post-image\" alt=\"Lula Imposto de Renda tabela do IR redu\u00e7\u00e3o sal\u00e1rio m\u00ednimo\" data-attachment-id=\"2014504\" data-permalink=\"https:\/\/www.infomoney.com.br\/lula-anuncia-ministros1_mcamgo_abr_091220221818-11\/\" data-orig-file=\"https:\/\/www.infomoney.com.br\/wp-content\/uploads\/2022\/12\/lula-anuncia-ministros1_mcamgo_abr_091220221818-11.jpg?fit=1024%2C768&amp;quality=70&amp;strip=all\" data-orig-size=\"1024,768\" data-comments-opened=\"0\" data-image-meta='{\"aperture\":\"2.8\",\"credit\":\"Marcelo Camargo\\\/Ag\\u00eancia Brasil\",\"camera\":\"Canon EOS-1D X\",\"caption\":\"O presidente eleito, Luiz In\\u00e1cio Lula da Silva, anuncia ministros durante coletiva no CCBB Bras\\u00edlia.\",\"created_timestamp\":\"1670583607\",\"copyright\":\"Ag\\u00eancia Brasil\\\/EBC\",\"focal_length\":\"175\",\"iso\":\"3200\",\"shutter_speed\":\"0.003125\",\"title\":\"\",\"orientation\":\"0\"}' data-image-title=\"lula-anuncia-ministros1_mcamgo_abr_091220221818-11\" data-image-description=\"\" data-image-caption=\"&lt;p&gt;O presidente eleito, Luiz In\u00e1cio Lula da Silva&lt;\/p&gt;\n\" data-medium-file=\"https:\/\/www.infomoney.com.br\/wp-content\/uploads\/2022\/12\/lula-anuncia-ministros1_mcamgo_abr_091220221818-11.jpg?fit=300%2C225&amp;quality=70&amp;strip=all\" data-large-file=\"https:\/\/www.infomoney.com.br\/wp-content\/uploads\/2022\/12\/lula-anuncia-ministros1_mcamgo_abr_091220221818-11.jpg?fit=1024%2C768&amp;quality=70&amp;strip=all\">Petista entrou na categoria l\u00edderes, ao lado de nomes como Joe Biden, Gustavo Petro, Janet Yellen e Olena Zelenska<\/p>\n<p>The post <a rel=\"nofollow\" href=\"https:\/\/www.infomoney.com.br\/politica\/revista-time-elege-lula-como-uma-das-100-pessoas-mais-influentes-de-2023\/\">Revista Time elege Lula como uma das 100 pessoas mais influentes de 2023<\/a> appeared first on <a rel=\"nofollow\" href=\"https:\/\/www.infomoney.com.br\/\">InfoMoney<\/a>.<\/p>\n","protected":false},"author":45,"featured_media":0,"comment_status":"closed","ping_status":"closed","sticky":false,"template":"","format":"standard","meta":{"advgb_blocks_editor_width":"","advgb_blocks_columns_visual_guide":"","footnotes":""},"categories":[34,129,47,669],"tags":[35],"class_list":["post-12051","post","type-post","status-publish","format-standard","hentry","category-g1","category-luiz-inacio-lula-da-silva","category-politica","category-revista-time","tag-g1"],"author_meta":{"display_name":"Equipe InfoMoney","author_link":"https:\/\/sindaopcpb.org.br\/author\/equipe-infomoney\/"},"featured_img":null,"coauthors":[],"tax_additional":{"categories":{"linked":["<a href=\"https:\/\/sindaopcpb.org.br\/g1\/\" class=\"advgb-post-tax-term\">G1<\/a>","<a href=\"https:\/\/sindaopcpb.org.br\/luiz-inacio-lula-da-silva\/\" class=\"advgb-post-tax-term\">Luiz In\u00e1cio Lula da Silva<\/a>","<a href=\"https:\/\/sindaopcpb.org.br\/politica\/\" class=\"advgb-post-tax-term\">POLITICA<\/a>","<a href=\"https:\/\/sindaopcpb.org.br\/revista-time\/\" class=\"advgb-post-tax-term\">Revista Time<\/a>"],"unlinked":["<span class=\"advgb-post-tax-term\">G1<\/span>","<span class=\"advgb-post-tax-term\">Luiz In\u00e1cio Lula da Silva<\/span>","<span class=\"advgb-post-tax-term\">POLITICA<\/span>","<span class=\"advgb-post-tax-term\">Revista Time<\/span>"]},"tags":{"linked":["<a href=\"https:\/\/sindaopcpb.org.br\/revista-time\/\" class=\"advgb-post-tax-term\">g1<\/a>"],"unlinked":["<span class=\"advgb-post-tax-term\">g1<\/span>"]}},"comment_count":"0","relative_dates":{"created":"Publicado 3 anos atr\u00e1s","modified":"Atualizado 3 anos atr\u00e1s"},"absolute_dates":{"created":"Publicado em 13 de abril de 2023","modified":"Atualizado em 13 de abril de 2023"},"absolute_dates_time":{"created":"Publicado em 13 de abril de 2023 13:21","modified":"Atualizado em 13 de abril de 2023 13:21"},"featured_img_caption":"","series_order":"","_links":{"self":[{"href":"https:\/\/sindaopcpb.org.br\/index.php\/wp-json\/wp\/v2\/posts\/12051","targetHints":{"allow":["GET"]}}],"collection":[{"href":"https:\/\/sindaopcpb.org.br\/index.php\/wp-json\/wp\/v2\/posts"}],"about":[{"href":"https:\/\/sindaopcpb.org.br\/index.php\/wp-json\/wp\/v2\/types\/post"}],"author":[{"embeddable":true,"href":"https:\/\/sindaopcpb.org.br\/index.php\/wp-json\/wp\/v2\/users\/45"}],"replies":[{"embeddable":true,"href":"https:\/\/sindaopcpb.org.br\/index.php\/wp-json\/wp\/v2\/comments?post=12051"}],"version-history":[{"count":2,"href":"https:\/\/sindaopcpb.org.br\/index.php\/wp-json\/wp\/v2\/posts\/12051\/revisions"}],"predecessor-version":[{"id":12083,"href":"https:\/\/sindaopcpb.org.br\/index.php\/wp-json\/wp\/v2\/posts\/12051\/revisions\/12083"}],"wp:attachment":[{"href":"https:\/\/sindaopcpb.org.br\/index.php\/wp-json\/wp\/v2\/media?parent=12051"}],"wp:term":[{"taxonomy":"category","embeddable":true,"href":"https:\/\/sindaopcpb.org.br\/index.php\/wp-json\/wp\/v2\/categories?post=12051"},{"taxonomy":"post_tag","embeddable":true,"href":"https:\/\/sindaopcpb.org.br\/index.php\/wp-json\/wp\/v2\/tags?post=12051"}],"curies":[{"name":"wp","href":"https:\/\/api.w.org\/{rel}","templated":true}]}}