{"id":11923,"date":"2023-04-12T13:04:00","date_gmt":"2023-04-12T16:04:00","guid":{"rendered":"https:\/\/www.infomoney.com.br\/?p=2106120"},"modified":"2023-04-12T13:04:00","modified_gmt":"2023-04-12T16:04:00","slug":"sera-impossivel-aprovar-um-texto-que-reduza-o-peso-dos-impostos-diz-relator-da-tributaria","status":"publish","type":"post","link":"https:\/\/sindaopcpb.org.br\/index.php\/2023\/04\/12\/sera-impossivel-aprovar-um-texto-que-reduza-o-peso-dos-impostos-diz-relator-da-tributaria\/","title":{"rendered":"Ser\u00e1 imposs\u00edvel aprovar um texto que reduza o peso dos impostos, diz relator da tribut\u00e1ria"},"content":{"rendered":"<p><img loading=\"lazy\" width=\"300\" height=\"199\" src=\"https:\/\/www.infomoney.com.br\/wp-content\/uploads\/2019\/06\/aguinaldo-ribeiro.jpg?fit=300%2C199&amp;quality=70&amp;strip=all\" class=\"attachment-medium size-medium wp-post-image\" alt=\"\" decoding=\"async\" style=\"float:right; margin:0 0 10px 10px;\" srcset=\"https:\/\/www.infomoney.com.br\/wp-content\/uploads\/2019\/06\/aguinaldo-ribeiro.jpg?w=800&amp;quality=70&amp;strip=all 800w, https:\/\/www.infomoney.com.br\/wp-content\/uploads\/2019\/06\/aguinaldo-ribeiro.jpg?w=300&amp;quality=70&amp;strip=all 300w, https:\/\/www.infomoney.com.br\/wp-content\/uploads\/2019\/06\/aguinaldo-ribeiro.jpg?w=768&amp;quality=70&amp;strip=all 768w, https:\/\/www.infomoney.com.br\/wp-content\/uploads\/2019\/06\/aguinaldo-ribeiro.jpg?w=150&amp;quality=70&amp;strip=all 150w\" sizes=\"auto, (max-width: 300px) 100vw, 300px\" data-attachment-id=\"48858\" data-permalink=\"https:\/\/www.infomoney.com.br\/aguinaldo-ribeiro\/\" data-orig-file=\"https:\/\/www.infomoney.com.br\/wp-content\/uploads\/2019\/06\/aguinaldo-ribeiro.jpg?fit=800%2C530&amp;quality=70&amp;strip=all\" data-orig-size=\"800,530\" data-comments-opened=\"1\" data-image-meta=\"{&quot;aperture&quot;:&quot;0&quot;,&quot;credit&quot;:&quot;&quot;,&quot;camera&quot;:&quot;&quot;,&quot;caption&quot;:&quot;&quot;,&quot;created_timestamp&quot;:&quot;0&quot;,&quot;copyright&quot;:&quot;&quot;,&quot;focal_length&quot;:&quot;0&quot;,&quot;iso&quot;:&quot;0&quot;,&quot;shutter_speed&quot;:&quot;0&quot;,&quot;title&quot;:&quot;&quot;,&quot;orientation&quot;:&quot;0&quot;}\" data-image-title=\"aguinaldo-ribeiro\" data-image-description=\"\" data-image-caption=\"\" data-medium-file=\"https:\/\/www.infomoney.com.br\/wp-content\/uploads\/2019\/06\/aguinaldo-ribeiro.jpg?fit=300%2C199&amp;quality=70&amp;strip=all\" data-large-file=\"https:\/\/www.infomoney.com.br\/wp-content\/uploads\/2019\/06\/aguinaldo-ribeiro.jpg?fit=800%2C530&amp;quality=70&amp;strip=all\" title=\"\"><\/p>\n<p>O relator da reforma tribut\u00e1ria na C\u00e2mara dos Deputados, Aguinaldo Ribeiro (PP-PB), avaliou nesta quarta-feira, 12, que o Congresso tem condi\u00e7\u00f5es oportunas e adequadas para votar a simplifica\u00e7\u00e3o da tributa\u00e7\u00e3o sobre o consumo, mas admitiu que ser\u00e1 imposs\u00edvel aprovar um texto que reduza o peso dos impostos.<\/p>\n<p>&#8220;Estamos prontos para aprovar a reforma. Temos pela primeira vez o governo priorizando a reforma tribut\u00e1ria como parte estruturante da sua estrat\u00e9gia&#8221;, afirmou Ribeiro, em evento organizado pelo <i>Correio Braziliense<\/i>. &#8220;Me perguntam se h\u00e1 ambiente para aprovar uma reforma tribut\u00e1ria, e eu respondo que n\u00e3o vai ter ambiente nunca. Porque as condi\u00e7\u00f5es ideais demandariam primeiro reduzir o tamanho do Estado e reduzir o compromisso fiscal, para a\u00ed podermos fazer uma reforma para reduzir a carga tribut\u00e1ria&#8221;, ponderou.<\/p>\n<p>Para o deputado, o Brasil tem um dos piores sistemas tribut\u00e1rios do mundo, com uma regressividade muito grande. &#8220;Cada benef\u00edcio fiscal que um governo toma transfere essa conta para toda a sociedade e muitas vezes n\u00e3o avaliamos se essa conta valeu a pena ou n\u00e3o. Ningu\u00e9m \u00e9 contra promover o desenvolvimento regional por meio de incentivos, mas somos contra n\u00e3o haver uma avalia\u00e7\u00e3o criteriosa daquilo que se faz com esses recursos&#8221;, acrescentou.<\/p>\n<h2><b>Zona Franca de Manaus<\/b><\/h2>\n<p>O relator da reforma tribut\u00e1ria na C\u00e2mara dos Deputados disse ainda que a forma de tratamento da Zona Franca de Manaus depender\u00e1 de uma decis\u00e3o pol\u00edtica do Congresso, mas garantiu que a reforma respeitar\u00e1 os contratos vigentes. &#8220;A Zona Franca de Manaus est\u00e1 contratada at\u00e9 2073, temos que respeitar esse contrato&#8221;, afirmou, no evento organizado pelo <i>Correio Braziliense<\/i>.<\/p>\n<p>O deputado afirmou que pode se debater modelos mais atualizados que podem ajudar a regi\u00e3o Norte e o Brasil. &#8220;Sempre quando vamos tomar uma decis\u00e3o, temos uma avalia\u00e7\u00e3o t\u00e9cnica e depois a decis\u00e3o pol\u00edtica. A pol\u00edtica que vai decidir qual ser\u00e1 o caminho. Foi a pol\u00edtica que decidiu que a Zona Franca de Manaus tem esse tratamento que tem hoje, que decidiu os puxadinhos que temos hoje e que custam caro, e \u00e9 a pol\u00edtica que pode resolver isso hoje&#8221;, completou.<\/p>\n<p>The post <a rel=\"nofollow noopener\" href=\"https:\/\/www.infomoney.com.br\/politica\/sera-impossivel-aprovar-um-texto-que-reduza-o-peso-dos-impostos-diz-relator-da-tributaria\/\" target=\"_blank\">Ser\u00e1 imposs\u00edvel aprovar um texto que reduza o peso dos impostos, diz relator da tribut\u00e1ria<\/a> appeared first on <a rel=\"nofollow noopener\" href=\"https:\/\/www.infomoney.com.br\/\" target=\"_blank\">InfoMoney<\/a>.<\/p>\n","protected":false},"excerpt":{"rendered":"<p><img loading=\"lazy\" decoding=\"async\" width=\"300\" height=\"199\" src=\"https:\/\/www.infomoney.com.br\/wp-content\/uploads\/2019\/06\/aguinaldo-ribeiro.jpg?fit=300%2C199&amp;quality=70&amp;strip=all\" class=\"attachment-medium size-medium wp-post-image\" alt=\"\" data-attachment-id=\"48858\" data-permalink=\"https:\/\/www.infomoney.com.br\/aguinaldo-ribeiro\/\" data-orig-file=\"https:\/\/www.infomoney.com.br\/wp-content\/uploads\/2019\/06\/aguinaldo-ribeiro.jpg?fit=800%2C530&amp;quality=70&amp;strip=all\" data-orig-size=\"800,530\" data-comments-opened=\"1\" data-image-meta='{\"aperture\":\"0\",\"credit\":\"\",\"camera\":\"\",\"caption\":\"\",\"created_timestamp\":\"0\",\"copyright\":\"\",\"focal_length\":\"0\",\"iso\":\"0\",\"shutter_speed\":\"0\",\"title\":\"\",\"orientation\":\"0\"}' data-image-title=\"aguinaldo-ribeiro\" data-image-description=\"\" data-image-caption=\"\" data-medium-file=\"https:\/\/www.infomoney.com.br\/wp-content\/uploads\/2019\/06\/aguinaldo-ribeiro.jpg?fit=300%2C199&amp;quality=70&amp;strip=all\" data-large-file=\"https:\/\/www.infomoney.com.br\/wp-content\/uploads\/2019\/06\/aguinaldo-ribeiro.jpg?fit=800%2C530&amp;quality=70&amp;strip=all\">Temos pela primeira vez o governo priorizando a reforma tribut\u00e1ria como parte estruturante da sua estrat\u00e9gia&#8221;, afirmou Aguinaldo Ribeiro<\/p>\n<p>The post <a rel=\"nofollow\" href=\"https:\/\/www.infomoney.com.br\/politica\/sera-impossivel-aprovar-um-texto-que-reduza-o-peso-dos-impostos-diz-relator-da-tributaria\/\">Ser\u00e1 imposs\u00edvel aprovar um texto que reduza o peso dos impostos, diz relator da tribut\u00e1ria<\/a> appeared first on <a rel=\"nofollow\" href=\"https:\/\/www.infomoney.com.br\/\">InfoMoney<\/a>.<\/p>\n","protected":false},"author":43,"featured_media":0,"comment_status":"closed","ping_status":"closed","sticky":false,"template":"","format":"standard","meta":{"advgb_blocks_editor_width":"","advgb_blocks_columns_visual_guide":"","footnotes":""},"categories":[34,556,47,191],"tags":[35],"class_list":["post-11923","post","type-post","status-publish","format-standard","hentry","category-g1","category-impostos","category-politica","category-reforma-tributaria","tag-g1"],"author_meta":{"display_name":"Estad\u00e3o Conte\u00fado","author_link":"https:\/\/sindaopcpb.org.br\/author\/estadao-conteudo\/"},"featured_img":null,"coauthors":[],"tax_additional":{"categories":{"linked":["<a href=\"https:\/\/sindaopcpb.org.br\/g1\/\" class=\"advgb-post-tax-term\">G1<\/a>","<a href=\"https:\/\/sindaopcpb.org.br\/impostos\/\" class=\"advgb-post-tax-term\">Impostos<\/a>","<a href=\"https:\/\/sindaopcpb.org.br\/politica\/\" class=\"advgb-post-tax-term\">POLITICA<\/a>","<a href=\"https:\/\/sindaopcpb.org.br\/reforma-tributaria\/\" class=\"advgb-post-tax-term\">reforma tribut\u00e1ria<\/a>"],"unlinked":["<span class=\"advgb-post-tax-term\">G1<\/span>","<span class=\"advgb-post-tax-term\">Impostos<\/span>","<span class=\"advgb-post-tax-term\">POLITICA<\/span>","<span class=\"advgb-post-tax-term\">reforma tribut\u00e1ria<\/span>"]},"tags":{"linked":["<a href=\"https:\/\/sindaopcpb.org.br\/reforma-tributaria\/\" class=\"advgb-post-tax-term\">g1<\/a>"],"unlinked":["<span class=\"advgb-post-tax-term\">g1<\/span>"]}},"comment_count":"0","relative_dates":{"created":"Publicado 3 anos atr\u00e1s","modified":"Atualizado 3 anos atr\u00e1s"},"absolute_dates":{"created":"Publicado em 12 de abril de 2023","modified":"Atualizado em 12 de abril de 2023"},"absolute_dates_time":{"created":"Publicado em 12 de abril de 2023 13:04","modified":"Atualizado em 12 de abril de 2023 13:04"},"featured_img_caption":"","series_order":"","_links":{"self":[{"href":"https:\/\/sindaopcpb.org.br\/index.php\/wp-json\/wp\/v2\/posts\/11923","targetHints":{"allow":["GET"]}}],"collection":[{"href":"https:\/\/sindaopcpb.org.br\/index.php\/wp-json\/wp\/v2\/posts"}],"about":[{"href":"https:\/\/sindaopcpb.org.br\/index.php\/wp-json\/wp\/v2\/types\/post"}],"author":[{"embeddable":true,"href":"https:\/\/sindaopcpb.org.br\/index.php\/wp-json\/wp\/v2\/users\/43"}],"replies":[{"embeddable":true,"href":"https:\/\/sindaopcpb.org.br\/index.php\/wp-json\/wp\/v2\/comments?post=11923"}],"version-history":[{"count":1,"href":"https:\/\/sindaopcpb.org.br\/index.php\/wp-json\/wp\/v2\/posts\/11923\/revisions"}],"predecessor-version":[{"id":11924,"href":"https:\/\/sindaopcpb.org.br\/index.php\/wp-json\/wp\/v2\/posts\/11923\/revisions\/11924"}],"wp:attachment":[{"href":"https:\/\/sindaopcpb.org.br\/index.php\/wp-json\/wp\/v2\/media?parent=11923"}],"wp:term":[{"taxonomy":"category","embeddable":true,"href":"https:\/\/sindaopcpb.org.br\/index.php\/wp-json\/wp\/v2\/categories?post=11923"},{"taxonomy":"post_tag","embeddable":true,"href":"https:\/\/sindaopcpb.org.br\/index.php\/wp-json\/wp\/v2\/tags?post=11923"}],"curies":[{"name":"wp","href":"https:\/\/api.w.org\/{rel}","templated":true}]}}