{"id":11714,"date":"2023-04-10T18:00:00","date_gmt":"2023-04-10T21:00:00","guid":{"rendered":"https:\/\/www.infomoney.com.br\/?p=2104134"},"modified":"2023-04-10T18:00:00","modified_gmt":"2023-04-10T21:00:00","slug":"senado-convida-campos-neto-para-audiencia-na-cae-em-25-de-abril-as-9h","status":"publish","type":"post","link":"https:\/\/sindaopcpb.org.br\/index.php\/2023\/04\/10\/senado-convida-campos-neto-para-audiencia-na-cae-em-25-de-abril-as-9h\/","title":{"rendered":"Senado convida Campos Neto para audi\u00eancia na CAE em 25 de abril, \u00e0s 9h"},"content":{"rendered":"<p><img loading=\"lazy\" width=\"300\" height=\"225\" src=\"https:\/\/www.infomoney.com.br\/wp-content\/uploads\/2021\/07\/jfcrz_abr_0611192003.jpg?fit=300%2C225&amp;quality=70&amp;strip=all\" class=\"attachment-medium size-medium wp-post-image\" alt=\"O presidente do Banco Central, Roberto Campos Neto, e o Dep. Sergio Souza, participam de audi\u00eancia p\u00fablica, na Comiss\u00e3o de Finan\u00e7as e Tributa\u00e7\u00e3o (CFT) da C\u00e2mara dos Deputados\" decoding=\"async\" style=\"float:right; margin:0 0 10px 10px;\" srcset=\"https:\/\/www.infomoney.com.br\/wp-content\/uploads\/2021\/07\/jfcrz_abr_0611192003.jpg?w=1024&amp;quality=70&amp;strip=all 1024w, https:\/\/www.infomoney.com.br\/wp-content\/uploads\/2021\/07\/jfcrz_abr_0611192003.jpg?w=300&amp;quality=70&amp;strip=all 300w, https:\/\/www.infomoney.com.br\/wp-content\/uploads\/2021\/07\/jfcrz_abr_0611192003.jpg?w=768&amp;quality=70&amp;strip=all 768w, https:\/\/www.infomoney.com.br\/wp-content\/uploads\/2021\/07\/jfcrz_abr_0611192003.jpg?w=150&amp;quality=70&amp;strip=all 150w\" sizes=\"auto, (max-width: 300px) 100vw, 300px\" data-attachment-id=\"1663163\" data-permalink=\"https:\/\/www.infomoney.com.br\/jfcrz_abr_0611192003\/\" data-orig-file=\"https:\/\/www.infomoney.com.br\/wp-content\/uploads\/2021\/07\/jfcrz_abr_0611192003.jpg?fit=1024%2C768&amp;quality=70&amp;strip=all\" data-orig-size=\"1024,768\" data-comments-opened=\"1\" data-image-meta=\"{&quot;aperture&quot;:&quot;0&quot;,&quot;credit&quot;:&quot;&quot;,&quot;camera&quot;:&quot;&quot;,&quot;caption&quot;:&quot;&quot;,&quot;created_timestamp&quot;:&quot;0&quot;,&quot;copyright&quot;:&quot;&quot;,&quot;focal_length&quot;:&quot;0&quot;,&quot;iso&quot;:&quot;0&quot;,&quot;shutter_speed&quot;:&quot;0&quot;,&quot;title&quot;:&quot;&quot;,&quot;orientation&quot;:&quot;0&quot;}\" data-image-title=\"jfcrz_abr_0611192003\" data-image-description=\"&lt;p&gt;O presidente do Banco Central, Roberto Campos Neto, e o Dep. Sergio Souza, participam de audi\u00eancia p\u00fablica, na Comiss\u00e3o de Finan\u00e7as e Tributa\u00e7\u00e3o (CFT) da C\u00e2mara dos Deputados&lt;\/p&gt;\n\" data-image-caption=\"&lt;p&gt;O presidente do Banco Central, Roberto Campos Neto (Jos\u00e9 Cruz\/Ag\u00eancia Brasil)&lt;\/p&gt;\n\" data-medium-file=\"https:\/\/www.infomoney.com.br\/wp-content\/uploads\/2021\/07\/jfcrz_abr_0611192003.jpg?fit=300%2C225&amp;quality=70&amp;strip=all\" data-large-file=\"https:\/\/www.infomoney.com.br\/wp-content\/uploads\/2021\/07\/jfcrz_abr_0611192003.jpg?fit=1024%2C768&amp;quality=70&amp;strip=all\" title=\"\"><\/p>\n<p>O presidente do Banco Central, Roberto Campos Neto, foi convidado a comparecer \u00e0 Comiss\u00e3o de Assuntos Econ\u00f4micos (CAE) do Senado no pr\u00f3ximo dia 25, \u00e0s 9 horas. Ele dever\u00e1 ser questionado sobre as taxas de juros do Pa\u00eds, em 13,75% ao ano, que s\u00e3o as maiores em termos reais &#8211; descontada a infla\u00e7\u00e3o &#8211; do mundo. Campos Neto tem sido alvo de cr\u00edticas de v\u00e1rias alas do governo por causa da Selic, inclusive pelo presidente Luiz In\u00e1cio Lula da Silva, que voltou ao tema hoje.<\/p>\n<p>Havia a previs\u00e3o de que Campos Neto fosse at\u00e9 a CAE na semana passada, mas a data foi desmarcada por causa do Feriado de P\u00e1scoa. Em evento realizado na \u00faltima quarta, 5, ele j\u00e1 tinha sinalizado que deveria ser chamado para essa data, que foi oficializada pela comiss\u00e3o nesta segunda-feira, 10.<\/p>\n<p>The post <a rel=\"nofollow noopener\" href=\"https:\/\/www.infomoney.com.br\/politica\/senado-convida-campos-neto-para-audiencia-na-cae-em-25-de-abril-as-9h\/\" target=\"_blank\">Senado convida Campos Neto para audi\u00eancia na CAE em 25 de abril, \u00e0s 9h<\/a> appeared first on <a rel=\"nofollow noopener\" href=\"https:\/\/www.infomoney.com.br\/\" target=\"_blank\">InfoMoney<\/a>.<\/p>\n","protected":false},"excerpt":{"rendered":"<p><img loading=\"lazy\" decoding=\"async\" width=\"300\" height=\"225\" src=\"https:\/\/www.infomoney.com.br\/wp-content\/uploads\/2021\/07\/jfcrz_abr_0611192003.jpg?fit=300%2C225&amp;quality=70&amp;strip=all\" class=\"attachment-medium size-medium wp-post-image\" alt=\"O presidente do Banco Central, Roberto Campos Neto, e o Dep. Sergio Souza, participam de audi\u00eancia p\u00fablica, na Comiss\u00e3o de Finan\u00e7as e Tributa\u00e7\u00e3o (CFT) da C\u00e2mara dos Deputados\" data-attachment-id=\"1663163\" data-permalink=\"https:\/\/www.infomoney.com.br\/jfcrz_abr_0611192003\/\" data-orig-file=\"https:\/\/www.infomoney.com.br\/wp-content\/uploads\/2021\/07\/jfcrz_abr_0611192003.jpg?fit=1024%2C768&amp;quality=70&amp;strip=all\" data-orig-size=\"1024,768\" data-comments-opened=\"1\" data-image-meta='{\"aperture\":\"0\",\"credit\":\"\",\"camera\":\"\",\"caption\":\"\",\"created_timestamp\":\"0\",\"copyright\":\"\",\"focal_length\":\"0\",\"iso\":\"0\",\"shutter_speed\":\"0\",\"title\":\"\",\"orientation\":\"0\"}' data-image-title=\"jfcrz_abr_0611192003\" data-image-description=\"&lt;p&gt;O presidente do Banco Central, Roberto Campos Neto, e o Dep. Sergio Souza, participam de audi\u00eancia p\u00fablica, na Comiss\u00e3o de Finan\u00e7as e Tributa\u00e7\u00e3o (CFT) da C\u00e2mara dos Deputados&lt;\/p&gt;\n\" data-image-caption=\"&lt;p&gt;O presidente do Banco Central, Roberto Campos Neto (Jos\u00e9 Cruz\/Ag\u00eancia Brasil)&lt;\/p&gt;\n\" data-medium-file=\"https:\/\/www.infomoney.com.br\/wp-content\/uploads\/2021\/07\/jfcrz_abr_0611192003.jpg?fit=300%2C225&amp;quality=70&amp;strip=all\" data-large-file=\"https:\/\/www.infomoney.com.br\/wp-content\/uploads\/2021\/07\/jfcrz_abr_0611192003.jpg?fit=1024%2C768&amp;quality=70&amp;strip=all\">Presidente do Banco Central tem sido alvo de cr\u00edticas de v\u00e1rias alas do governo por causa da Selic<\/p>\n<p>The post <a rel=\"nofollow\" href=\"https:\/\/www.infomoney.com.br\/politica\/senado-convida-campos-neto-para-audiencia-na-cae-em-25-de-abril-as-9h\/\">Senado convida Campos Neto para audi\u00eancia na CAE em 25 de abril, \u00e0s 9h<\/a> appeared first on <a rel=\"nofollow\" href=\"https:\/\/www.infomoney.com.br\/\">InfoMoney<\/a>.<\/p>\n","protected":false},"author":43,"featured_media":0,"comment_status":"closed","ping_status":"closed","sticky":false,"template":"","format":"standard","meta":{"advgb_blocks_editor_width":"","advgb_blocks_columns_visual_guide":"","footnotes":""},"categories":[279,134,34,47,402,403],"tags":[35],"class_list":["post-11714","post","type-post","status-publish","format-standard","hentry","category-banco-central","category-brasilia","category-g1","category-politica","category-roberto-campos-neto","category-senado","tag-g1"],"author_meta":{"display_name":"Estad\u00e3o Conte\u00fado","author_link":"https:\/\/sindaopcpb.org.br\/author\/estadao-conteudo\/"},"featured_img":null,"coauthors":[],"tax_additional":{"categories":{"linked":["<a href=\"https:\/\/sindaopcpb.org.br\/banco-central\/\" class=\"advgb-post-tax-term\">Banco Central<\/a>","<a href=\"https:\/\/sindaopcpb.org.br\/brasilia\/\" class=\"advgb-post-tax-term\">Bras\u00edlia<\/a>","<a href=\"https:\/\/sindaopcpb.org.br\/g1\/\" class=\"advgb-post-tax-term\">G1<\/a>","<a href=\"https:\/\/sindaopcpb.org.br\/politica\/\" class=\"advgb-post-tax-term\">POLITICA<\/a>","<a href=\"https:\/\/sindaopcpb.org.br\/roberto-campos-neto\/\" class=\"advgb-post-tax-term\">Roberto Campos Neto<\/a>","<a href=\"https:\/\/sindaopcpb.org.br\/senado\/\" class=\"advgb-post-tax-term\">Senado<\/a>"],"unlinked":["<span class=\"advgb-post-tax-term\">Banco Central<\/span>","<span class=\"advgb-post-tax-term\">Bras\u00edlia<\/span>","<span class=\"advgb-post-tax-term\">G1<\/span>","<span class=\"advgb-post-tax-term\">POLITICA<\/span>","<span class=\"advgb-post-tax-term\">Roberto Campos Neto<\/span>","<span class=\"advgb-post-tax-term\">Senado<\/span>"]},"tags":{"linked":["<a href=\"https:\/\/sindaopcpb.org.br\/senado\/\" class=\"advgb-post-tax-term\">g1<\/a>"],"unlinked":["<span class=\"advgb-post-tax-term\">g1<\/span>"]}},"comment_count":"0","relative_dates":{"created":"Publicado 3 anos atr\u00e1s","modified":"Atualizado 3 anos atr\u00e1s"},"absolute_dates":{"created":"Publicado em 10 de abril de 2023","modified":"Atualizado em 10 de abril de 2023"},"absolute_dates_time":{"created":"Publicado em 10 de abril de 2023 18:00","modified":"Atualizado em 10 de abril de 2023 18:00"},"featured_img_caption":"","series_order":"","_links":{"self":[{"href":"https:\/\/sindaopcpb.org.br\/index.php\/wp-json\/wp\/v2\/posts\/11714","targetHints":{"allow":["GET"]}}],"collection":[{"href":"https:\/\/sindaopcpb.org.br\/index.php\/wp-json\/wp\/v2\/posts"}],"about":[{"href":"https:\/\/sindaopcpb.org.br\/index.php\/wp-json\/wp\/v2\/types\/post"}],"author":[{"embeddable":true,"href":"https:\/\/sindaopcpb.org.br\/index.php\/wp-json\/wp\/v2\/users\/43"}],"replies":[{"embeddable":true,"href":"https:\/\/sindaopcpb.org.br\/index.php\/wp-json\/wp\/v2\/comments?post=11714"}],"version-history":[{"count":1,"href":"https:\/\/sindaopcpb.org.br\/index.php\/wp-json\/wp\/v2\/posts\/11714\/revisions"}],"predecessor-version":[{"id":11715,"href":"https:\/\/sindaopcpb.org.br\/index.php\/wp-json\/wp\/v2\/posts\/11714\/revisions\/11715"}],"wp:attachment":[{"href":"https:\/\/sindaopcpb.org.br\/index.php\/wp-json\/wp\/v2\/media?parent=11714"}],"wp:term":[{"taxonomy":"category","embeddable":true,"href":"https:\/\/sindaopcpb.org.br\/index.php\/wp-json\/wp\/v2\/categories?post=11714"},{"taxonomy":"post_tag","embeddable":true,"href":"https:\/\/sindaopcpb.org.br\/index.php\/wp-json\/wp\/v2\/tags?post=11714"}],"curies":[{"name":"wp","href":"https:\/\/api.w.org\/{rel}","templated":true}]}}