{"id":11635,"date":"2023-04-10T09:30:00","date_gmt":"2023-04-10T12:30:00","guid":{"rendered":"https:\/\/www.infomoney.com.br\/?p=2103140"},"modified":"2023-04-10T09:30:00","modified_gmt":"2023-04-10T12:30:00","slug":"apos-lista-de-trabalho-escravo-do-mte-gleisi-critica-o-agronegocio-e-diz-nao-ter-nada-de-pop","status":"publish","type":"post","link":"https:\/\/sindaopcpb.org.br\/index.php\/2023\/04\/10\/apos-lista-de-trabalho-escravo-do-mte-gleisi-critica-o-agronegocio-e-diz-nao-ter-nada-de-pop\/","title":{"rendered":"Ap\u00f3s lista de trabalho escravo do MTE, Gleisi critica o agroneg\u00f3cio e diz n\u00e3o ter \u2018nada de pop\u2019"},"content":{"rendered":"<p><img loading=\"lazy\" width=\"300\" height=\"200\" src=\"https:\/\/www.infomoney.com.br\/wp-content\/uploads\/2022\/11\/Gleisi_Hoffmann.jpg?fit=300%2C200&amp;quality=70&amp;strip=all\" class=\"attachment-medium size-medium wp-post-image\" alt=\"\" decoding=\"async\" style=\"float:right; margin:0 0 10px 10px;\" srcset=\"https:\/\/www.infomoney.com.br\/wp-content\/uploads\/2022\/11\/Gleisi_Hoffmann.jpg?w=1000&amp;quality=70&amp;strip=all 1000w, https:\/\/www.infomoney.com.br\/wp-content\/uploads\/2022\/11\/Gleisi_Hoffmann.jpg?w=300&amp;quality=70&amp;strip=all 300w, https:\/\/www.infomoney.com.br\/wp-content\/uploads\/2022\/11\/Gleisi_Hoffmann.jpg?w=768&amp;quality=70&amp;strip=all 768w, https:\/\/www.infomoney.com.br\/wp-content\/uploads\/2022\/11\/Gleisi_Hoffmann.jpg?w=150&amp;quality=70&amp;strip=all 150w\" sizes=\"auto, (max-width: 300px) 100vw, 300px\" data-attachment-id=\"1983115\" data-permalink=\"https:\/\/www.infomoney.com.br\/politica\/consenso-e-retirar-totalidade-do-bolsa-familia-do-teto-de-gastos-diz-gleisi\/attachment\/gleisi_hoffmann\/\" data-orig-file=\"https:\/\/www.infomoney.com.br\/wp-content\/uploads\/2022\/11\/Gleisi_Hoffmann.jpg?fit=1000%2C667&amp;quality=70&amp;strip=all\" data-orig-size=\"1000,667\" data-comments-opened=\"0\" data-image-meta=\"{&quot;aperture&quot;:&quot;0&quot;,&quot;credit&quot;:&quot;&quot;,&quot;camera&quot;:&quot;&quot;,&quot;caption&quot;:&quot;&quot;,&quot;created_timestamp&quot;:&quot;0&quot;,&quot;copyright&quot;:&quot;&quot;,&quot;focal_length&quot;:&quot;0&quot;,&quot;iso&quot;:&quot;0&quot;,&quot;shutter_speed&quot;:&quot;0&quot;,&quot;title&quot;:&quot;&quot;,&quot;orientation&quot;:&quot;0&quot;}\" data-image-title=\"Gleisi Hoffmann\" data-image-description=\"\" data-image-caption=\"&lt;p&gt;A presidente nacional do PT, deputada federal Gleisi Hoffmann (Foto: Paulo S\u00e9rgio\/C\u00e2mara dos Deputados)&lt;\/p&gt;\n\" data-medium-file=\"https:\/\/www.infomoney.com.br\/wp-content\/uploads\/2022\/11\/Gleisi_Hoffmann.jpg?fit=300%2C200&amp;quality=70&amp;strip=all\" data-large-file=\"https:\/\/www.infomoney.com.br\/wp-content\/uploads\/2022\/11\/Gleisi_Hoffmann.jpg?fit=1000%2C667&amp;quality=70&amp;strip=all\" title=\"\"><\/p>\n<p>A presidente nacional do PT, deputada federal Gleisi Hoffmann (PR), criticou, no s\u00e1bado (8), a grande presen\u00e7a do agroneg\u00f3cio na rela\u00e7\u00e3o do Minist\u00e9rio do Trabalho e Emprego (MTE) de empresas que tenham submetido trabalhadores a condi\u00e7\u00f5es an\u00e1logas \u00e0 escravid\u00e3o.<\/p>\n<p>Atualizada na quarta-feira (5), a chamada &#8220;lista suja&#8221; incluiu 132 novos empregadores, entre pessoas f\u00edsicas e jur\u00eddicas, excluindo 17 nomes e totalizando 289 firmas. Deste total, 172 s\u00e3o de atividade rural.<\/p>\n<p>&#8220;Parte do agro brasileiro vive no s\u00e9culo passado lucrando em cima de trabalhadores, com desmatamento e agrot\u00f3xico. N\u00e3o tem nada de pop nisso&#8221;, escreveu Gleisi em publica\u00e7\u00e3o no Twitter.<\/p>\n<p>The post <a rel=\"nofollow noopener\" href=\"https:\/\/www.infomoney.com.br\/politica\/apos-lista-de-trabalho-escravo-do-mte-gleisi-critica-o-agronegocio-e-diz-nao-ter-nada-de-pop\/\" target=\"_blank\">Ap\u00f3s lista de trabalho escravo do MTE, Gleisi critica o agroneg\u00f3cio e diz n\u00e3o ter &#8216;nada de pop&#8217;<\/a> appeared first on <a rel=\"nofollow noopener\" href=\"https:\/\/www.infomoney.com.br\/\" target=\"_blank\">InfoMoney<\/a>.<\/p>\n","protected":false},"excerpt":{"rendered":"<p><img loading=\"lazy\" decoding=\"async\" width=\"300\" height=\"200\" src=\"https:\/\/www.infomoney.com.br\/wp-content\/uploads\/2022\/11\/Gleisi_Hoffmann.jpg?fit=300%2C200&amp;quality=70&amp;strip=all\" class=\"attachment-medium size-medium wp-post-image\" alt=\"\" data-attachment-id=\"1983115\" data-permalink=\"https:\/\/www.infomoney.com.br\/politica\/consenso-e-retirar-totalidade-do-bolsa-familia-do-teto-de-gastos-diz-gleisi\/attachment\/gleisi_hoffmann\/\" data-orig-file=\"https:\/\/www.infomoney.com.br\/wp-content\/uploads\/2022\/11\/Gleisi_Hoffmann.jpg?fit=1000%2C667&amp;quality=70&amp;strip=all\" data-orig-size=\"1000,667\" data-comments-opened=\"0\" data-image-meta='{\"aperture\":\"0\",\"credit\":\"\",\"camera\":\"\",\"caption\":\"\",\"created_timestamp\":\"0\",\"copyright\":\"\",\"focal_length\":\"0\",\"iso\":\"0\",\"shutter_speed\":\"0\",\"title\":\"\",\"orientation\":\"0\"}' data-image-title=\"Gleisi Hoffmann\" data-image-description=\"\" data-image-caption=\"&lt;p&gt;A presidente nacional do PT, deputada federal Gleisi Hoffmann (Foto: Paulo S\u00e9rgio\/C\u00e2mara dos Deputados)&lt;\/p&gt;\n\" data-medium-file=\"https:\/\/www.infomoney.com.br\/wp-content\/uploads\/2022\/11\/Gleisi_Hoffmann.jpg?fit=300%2C200&amp;quality=70&amp;strip=all\" data-large-file=\"https:\/\/www.infomoney.com.br\/wp-content\/uploads\/2022\/11\/Gleisi_Hoffmann.jpg?fit=1000%2C667&amp;quality=70&amp;strip=all\">A rela\u00e7\u00e3o chamada de &#8220;lista suja&#8221; incluiu 132 novos empregadores, entre pessoas f\u00edsicas e jur\u00eddicas<\/p>\n<p>The post <a rel=\"nofollow\" href=\"https:\/\/www.infomoney.com.br\/politica\/apos-lista-de-trabalho-escravo-do-mte-gleisi-critica-o-agronegocio-e-diz-nao-ter-nada-de-pop\/\">Ap\u00f3s lista de trabalho escravo do MTE, Gleisi critica o agroneg\u00f3cio e diz n\u00e3o ter \u2018nada de pop\u2019<\/a> appeared first on <a rel=\"nofollow\" href=\"https:\/\/www.infomoney.com.br\/\">InfoMoney<\/a>.<\/p>\n","protected":false},"author":43,"featured_media":0,"comment_status":"closed","ping_status":"closed","sticky":false,"template":"","format":"standard","meta":{"advgb_blocks_editor_width":"","advgb_blocks_columns_visual_guide":"","footnotes":""},"categories":[134,34,299,300,47,301],"tags":[35],"class_list":["post-11635","post","type-post","status-publish","format-standard","hentry","category-brasilia","category-g1","category-gleisi-hoffmann","category-ministerio-do-trabalho","category-politica","category-trabalho-escravo","tag-g1"],"author_meta":{"display_name":"Estad\u00e3o Conte\u00fado","author_link":"https:\/\/sindaopcpb.org.br\/author\/estadao-conteudo\/"},"featured_img":null,"coauthors":[],"tax_additional":{"categories":{"linked":["<a href=\"https:\/\/sindaopcpb.org.br\/brasilia\/\" class=\"advgb-post-tax-term\">Bras\u00edlia<\/a>","<a href=\"https:\/\/sindaopcpb.org.br\/g1\/\" class=\"advgb-post-tax-term\">G1<\/a>","<a href=\"https:\/\/sindaopcpb.org.br\/gleisi-hoffmann\/\" class=\"advgb-post-tax-term\">Gleisi Hoffmann<\/a>","<a href=\"https:\/\/sindaopcpb.org.br\/ministerio-do-trabalho\/\" class=\"advgb-post-tax-term\">Minist\u00e9rio do Trabalho<\/a>","<a href=\"https:\/\/sindaopcpb.org.br\/politica\/\" class=\"advgb-post-tax-term\">POLITICA<\/a>","<a href=\"https:\/\/sindaopcpb.org.br\/trabalho-escravo\/\" class=\"advgb-post-tax-term\">Trabalho Escravo<\/a>"],"unlinked":["<span class=\"advgb-post-tax-term\">Bras\u00edlia<\/span>","<span class=\"advgb-post-tax-term\">G1<\/span>","<span class=\"advgb-post-tax-term\">Gleisi Hoffmann<\/span>","<span class=\"advgb-post-tax-term\">Minist\u00e9rio do Trabalho<\/span>","<span class=\"advgb-post-tax-term\">POLITICA<\/span>","<span class=\"advgb-post-tax-term\">Trabalho Escravo<\/span>"]},"tags":{"linked":["<a href=\"https:\/\/sindaopcpb.org.br\/trabalho-escravo\/\" class=\"advgb-post-tax-term\">g1<\/a>"],"unlinked":["<span class=\"advgb-post-tax-term\">g1<\/span>"]}},"comment_count":"0","relative_dates":{"created":"Publicado 3 anos atr\u00e1s","modified":"Atualizado 3 anos atr\u00e1s"},"absolute_dates":{"created":"Publicado em 10 de abril de 2023","modified":"Atualizado em 10 de abril de 2023"},"absolute_dates_time":{"created":"Publicado em 10 de abril de 2023 09:30","modified":"Atualizado em 10 de abril de 2023 09:30"},"featured_img_caption":"","series_order":"","_links":{"self":[{"href":"https:\/\/sindaopcpb.org.br\/index.php\/wp-json\/wp\/v2\/posts\/11635","targetHints":{"allow":["GET"]}}],"collection":[{"href":"https:\/\/sindaopcpb.org.br\/index.php\/wp-json\/wp\/v2\/posts"}],"about":[{"href":"https:\/\/sindaopcpb.org.br\/index.php\/wp-json\/wp\/v2\/types\/post"}],"author":[{"embeddable":true,"href":"https:\/\/sindaopcpb.org.br\/index.php\/wp-json\/wp\/v2\/users\/43"}],"replies":[{"embeddable":true,"href":"https:\/\/sindaopcpb.org.br\/index.php\/wp-json\/wp\/v2\/comments?post=11635"}],"version-history":[{"count":1,"href":"https:\/\/sindaopcpb.org.br\/index.php\/wp-json\/wp\/v2\/posts\/11635\/revisions"}],"predecessor-version":[{"id":11636,"href":"https:\/\/sindaopcpb.org.br\/index.php\/wp-json\/wp\/v2\/posts\/11635\/revisions\/11636"}],"wp:attachment":[{"href":"https:\/\/sindaopcpb.org.br\/index.php\/wp-json\/wp\/v2\/media?parent=11635"}],"wp:term":[{"taxonomy":"category","embeddable":true,"href":"https:\/\/sindaopcpb.org.br\/index.php\/wp-json\/wp\/v2\/categories?post=11635"},{"taxonomy":"post_tag","embeddable":true,"href":"https:\/\/sindaopcpb.org.br\/index.php\/wp-json\/wp\/v2\/tags?post=11635"}],"curies":[{"name":"wp","href":"https:\/\/api.w.org\/{rel}","templated":true}]}}