{"id":11614,"date":"2023-04-10T09:47:24","date_gmt":"2023-04-10T12:47:24","guid":{"rendered":"https:\/\/www.infomoney.com.br\/?p=2103513"},"modified":"2023-04-10T09:47:24","modified_gmt":"2023-04-10T12:47:24","slug":"justica-decide-a-favor-do-povo-mura-em-acao-sobre-demarcacao","status":"publish","type":"post","link":"https:\/\/sindaopcpb.org.br\/index.php\/2023\/04\/10\/justica-decide-a-favor-do-povo-mura-em-acao-sobre-demarcacao\/","title":{"rendered":"Justi\u00e7a decide a favor do povo mura em a\u00e7\u00e3o sobre demarca\u00e7\u00e3o"},"content":{"rendered":"<p><img loading=\"lazy\" width=\"300\" height=\"200\" src=\"https:\/\/www.infomoney.com.br\/wp-content\/uploads\/2019\/06\/justica-1.jpg?fit=300%2C200&amp;quality=70&amp;strip=all\" class=\"attachment-medium size-medium wp-post-image\" alt=\"\" decoding=\"async\" style=\"float:right; margin:0 0 10px 10px;\" srcset=\"https:\/\/www.infomoney.com.br\/wp-content\/uploads\/2019\/06\/justica-1.jpg?w=900&amp;quality=70&amp;strip=all 900w, https:\/\/www.infomoney.com.br\/wp-content\/uploads\/2019\/06\/justica-1.jpg?w=300&amp;quality=70&amp;strip=all 300w, https:\/\/www.infomoney.com.br\/wp-content\/uploads\/2019\/06\/justica-1.jpg?w=768&amp;quality=70&amp;strip=all 768w, https:\/\/www.infomoney.com.br\/wp-content\/uploads\/2019\/06\/justica-1.jpg?w=150&amp;quality=70&amp;strip=all 150w\" sizes=\"auto, (max-width: 300px) 100vw, 300px\" data-attachment-id=\"56039\" data-permalink=\"https:\/\/www.infomoney.com.br\/justica-1\/\" data-orig-file=\"https:\/\/www.infomoney.com.br\/wp-content\/uploads\/2019\/06\/justica-1.jpg?fit=900%2C600&amp;quality=70&amp;strip=all\" data-orig-size=\"900,600\" data-comments-opened=\"1\" data-image-meta=\"{&quot;aperture&quot;:&quot;0&quot;,&quot;credit&quot;:&quot;&quot;,&quot;camera&quot;:&quot;&quot;,&quot;caption&quot;:&quot;&quot;,&quot;created_timestamp&quot;:&quot;0&quot;,&quot;copyright&quot;:&quot;&quot;,&quot;focal_length&quot;:&quot;0&quot;,&quot;iso&quot;:&quot;0&quot;,&quot;shutter_speed&quot;:&quot;0&quot;,&quot;title&quot;:&quot;&quot;,&quot;orientation&quot;:&quot;0&quot;}\" data-image-title=\"justica-1\" data-image-description=\"\" data-image-caption=\"&lt;p&gt;(Shutterstock)&lt;\/p&gt;\n\" data-medium-file=\"https:\/\/www.infomoney.com.br\/wp-content\/uploads\/2019\/06\/justica-1.jpg?fit=300%2C200&amp;quality=70&amp;strip=all\" data-large-file=\"https:\/\/www.infomoney.com.br\/wp-content\/uploads\/2019\/06\/justica-1.jpg?fit=900%2C600&amp;quality=70&amp;strip=all\" title=\"\"><\/p>\n<p>A Justi\u00e7a Federal do Amazonas, por meio da 3\u00aa Vara C\u00edvel, reconheceu a legitimidade da demarca\u00e7\u00e3o dos territ\u00f3rios Murutinga e Tracaj\u00e1, do povo mura. O processo estava sendo questionado na Justi\u00e7a pelo Sindicato Rural de Autazes, que representa figuras do agroneg\u00f3cio da regi\u00e3o e foi condenado, na a\u00e7\u00e3o, a pagar as custas e os honor\u00e1rios. A decis\u00e3o foi anunciada na \u00faltima segunda-feira (3).<\/p>\n<p>A demarca\u00e7\u00e3o das duas terras foi realizada pela ent\u00e3o Funda\u00e7\u00e3o Nacional do \u00cdndio (Funai), em 2012. Para o sindicato dos produtores rurais, o procedimento devia ser anulado por tr\u00eas motivos, conforme detalhou \u00e0 Justi\u00e7a: a suspei\u00e7\u00e3o da antrop\u00f3loga que embasou o processo em favor dos mura, o desrespeito \u00e0 ampla defesa e ao contradit\u00f3rio e a aus\u00eancia de posse da \u00e1rea pela comunidade mura na \u00e9poca da promulga\u00e7\u00e3o da Constitui\u00e7\u00e3o de 1988. Isso significa que a entidade que representa o agroneg\u00f3cio, nesse caso, buscou se agarrar no chamado Marco Temporal, tese que prop\u00f5e que seja apenas reconhecido, aos povos ind\u00edgenas o direito \u00e0s terras que eram ocupadas por eles na data de promulga\u00e7\u00e3o da Constitui\u00e7\u00e3o Federal, o que, em outras palavras, limita o acesso aos territ\u00f3rios e permite que sejam considerados propriet\u00e1rios invasores, como grileiros, madeireiros, empres\u00e1rios do agroneg\u00f3cio e garimpeiros.<\/p>\n<p>Ap\u00f3s a an\u00e1lise das provas, o juiz respons\u00e1vel pelo caso considerou que &#8220;o processo administrativo seguiu todas as etapas previstas na legisla\u00e7\u00e3o&#8221;. O magistrado concluiu, ainda, que os direitos dos ind\u00edgenas sobre suas terras s\u00e3o origin\u00e1rios, o que faz com que eventuais t\u00edtulos de propriedade de particulares n\u00e3o tenham validade.<\/p>\n<p>Procurado pela Ag\u00eancia Brasil, o sindicato disse que a assessoria jur\u00eddica da entidade est\u00e1 analisando a decis\u00e3o proferida.<\/p>\n<p>Segundo o Instituto Socioambiental (ISA), os mura vivem tanto em Autazes como na capital amazonense, Manaus, e no munic\u00edpio de Borba. Eles s\u00e3o um povo que ocupa \u00e1reas no complexo h\u00eddrico dos rios Madeira, Amazonas e Purus e que sofreu diversos estigmas e massacres. Um dos efeitos dos ataques \u00e9 a pr\u00f3pria incorpora\u00e7\u00e3o da l\u00edngua portuguesa, que se tornou a principal desde o s\u00e9culo XX e do nheengat\u00fa, sendo que, originalmente, tinham uma l\u00edngua pr\u00f3pria, isolada.<\/p>\n<p>&#8220;Devido \u00e0 ampla mobilidade e dispers\u00e3o dos mura em um vasto territ\u00f3rio, as contagens populacionais globais s\u00e3o altamente imprecisas e dif\u00edceis de serem realizadas. A reuni\u00e3o dos levantamentos publicados pela Funai, produzidos no \u00e2mbito dos processos de regulariza\u00e7\u00e3o fundi\u00e1ria, conduzidos entre 1991 e 2008, apontam para uma popula\u00e7\u00e3o aproximada de 9,3 mil pessoas habitantes de terras ind\u00edgenas. Este c\u00f4mputo, entretanto, n\u00e3o incorpora a popula\u00e7\u00e3o de aldeias e terras ind\u00edgenas cujos processos demarcat\u00f3rios ainda n\u00e3o foram conclu\u00eddos, nem sequer os habitantes de centros urbanos, o que vem a dificultar, ou mesmo impedir, o planejamento de pol\u00edticas p\u00fablicas adequadas de atendimento \u00e0 popula\u00e7\u00e3o mura, tanto nas aldeias quanto nas cidades.&#8221;, pontua o ISA, ao descrever o povo mura.<\/p>\n<p>The post <a rel=\"nofollow noopener\" href=\"https:\/\/www.infomoney.com.br\/politica\/justica-decide-a-favor-do-povo-mura-em-acao-sobre-demarcacao\/\" target=\"_blank\">Justi\u00e7a decide a favor do povo mura em a\u00e7\u00e3o sobre demarca\u00e7\u00e3o<\/a> appeared first on <a rel=\"nofollow noopener\" href=\"https:\/\/www.infomoney.com.br\/\" target=\"_blank\">InfoMoney<\/a>.<\/p>\n","protected":false},"excerpt":{"rendered":"<p><img loading=\"lazy\" decoding=\"async\" width=\"300\" height=\"200\" src=\"https:\/\/www.infomoney.com.br\/wp-content\/uploads\/2019\/06\/justica-1.jpg?fit=300%2C200&amp;quality=70&amp;strip=all\" class=\"attachment-medium size-medium wp-post-image\" alt=\"\" data-attachment-id=\"56039\" data-permalink=\"https:\/\/www.infomoney.com.br\/justica-1\/\" data-orig-file=\"https:\/\/www.infomoney.com.br\/wp-content\/uploads\/2019\/06\/justica-1.jpg?fit=900%2C600&amp;quality=70&amp;strip=all\" data-orig-size=\"900,600\" data-comments-opened=\"1\" data-image-meta='{\"aperture\":\"0\",\"credit\":\"\",\"camera\":\"\",\"caption\":\"\",\"created_timestamp\":\"0\",\"copyright\":\"\",\"focal_length\":\"0\",\"iso\":\"0\",\"shutter_speed\":\"0\",\"title\":\"\",\"orientation\":\"0\"}' data-image-title=\"justica-1\" data-image-description=\"\" data-image-caption=\"&lt;p&gt;(Shutterstock)&lt;\/p&gt;\n\" data-medium-file=\"https:\/\/www.infomoney.com.br\/wp-content\/uploads\/2019\/06\/justica-1.jpg?fit=300%2C200&amp;quality=70&amp;strip=all\" data-large-file=\"https:\/\/www.infomoney.com.br\/wp-content\/uploads\/2019\/06\/justica-1.jpg?fit=900%2C600&amp;quality=70&amp;strip=all\">Sindicato Rural de Autazes questionava legitimidade do direito \u00e0 terra<\/p>\n<p>The post <a rel=\"nofollow\" href=\"https:\/\/www.infomoney.com.br\/politica\/justica-decide-a-favor-do-povo-mura-em-acao-sobre-demarcacao\/\">Justi\u00e7a decide a favor do povo mura em a\u00e7\u00e3o sobre demarca\u00e7\u00e3o<\/a> appeared first on <a rel=\"nofollow\" href=\"https:\/\/www.infomoney.com.br\/\">InfoMoney<\/a>.<\/p>\n","protected":false},"author":44,"featured_media":0,"comment_status":"closed","ping_status":"closed","sticky":false,"template":"","format":"standard","meta":{"advgb_blocks_editor_width":"","advgb_blocks_columns_visual_guide":"","footnotes":""},"categories":[134,34,277,278,47],"tags":[35],"class_list":["post-11614","post","type-post","status-publish","format-standard","hentry","category-brasilia","category-g1","category-indigenas","category-justica","category-politica","tag-g1"],"author_meta":{"display_name":"Ag\u00eancia Brasil","author_link":"https:\/\/sindaopcpb.org.br\/author\/agencia-brasil\/"},"featured_img":null,"coauthors":[],"tax_additional":{"categories":{"linked":["<a href=\"https:\/\/sindaopcpb.org.br\/brasilia\/\" class=\"advgb-post-tax-term\">Bras\u00edlia<\/a>","<a href=\"https:\/\/sindaopcpb.org.br\/g1\/\" class=\"advgb-post-tax-term\">G1<\/a>","<a href=\"https:\/\/sindaopcpb.org.br\/indigenas\/\" class=\"advgb-post-tax-term\">ind\u00edgenas<\/a>","<a href=\"https:\/\/sindaopcpb.org.br\/justica\/\" class=\"advgb-post-tax-term\">Justi\u00e7a<\/a>","<a href=\"https:\/\/sindaopcpb.org.br\/politica\/\" class=\"advgb-post-tax-term\">POLITICA<\/a>"],"unlinked":["<span class=\"advgb-post-tax-term\">Bras\u00edlia<\/span>","<span class=\"advgb-post-tax-term\">G1<\/span>","<span class=\"advgb-post-tax-term\">ind\u00edgenas<\/span>","<span class=\"advgb-post-tax-term\">Justi\u00e7a<\/span>","<span class=\"advgb-post-tax-term\">POLITICA<\/span>"]},"tags":{"linked":["<a href=\"https:\/\/sindaopcpb.org.br\/politica\/\" class=\"advgb-post-tax-term\">g1<\/a>"],"unlinked":["<span class=\"advgb-post-tax-term\">g1<\/span>"]}},"comment_count":"0","relative_dates":{"created":"Publicado 3 anos atr\u00e1s","modified":"Atualizado 3 anos atr\u00e1s"},"absolute_dates":{"created":"Publicado em 10 de abril de 2023","modified":"Atualizado em 10 de abril de 2023"},"absolute_dates_time":{"created":"Publicado em 10 de abril de 2023 09:47","modified":"Atualizado em 10 de abril de 2023 09:47"},"featured_img_caption":"","series_order":"","_links":{"self":[{"href":"https:\/\/sindaopcpb.org.br\/index.php\/wp-json\/wp\/v2\/posts\/11614","targetHints":{"allow":["GET"]}}],"collection":[{"href":"https:\/\/sindaopcpb.org.br\/index.php\/wp-json\/wp\/v2\/posts"}],"about":[{"href":"https:\/\/sindaopcpb.org.br\/index.php\/wp-json\/wp\/v2\/types\/post"}],"author":[{"embeddable":true,"href":"https:\/\/sindaopcpb.org.br\/index.php\/wp-json\/wp\/v2\/users\/44"}],"replies":[{"embeddable":true,"href":"https:\/\/sindaopcpb.org.br\/index.php\/wp-json\/wp\/v2\/comments?post=11614"}],"version-history":[{"count":1,"href":"https:\/\/sindaopcpb.org.br\/index.php\/wp-json\/wp\/v2\/posts\/11614\/revisions"}],"predecessor-version":[{"id":11615,"href":"https:\/\/sindaopcpb.org.br\/index.php\/wp-json\/wp\/v2\/posts\/11614\/revisions\/11615"}],"wp:attachment":[{"href":"https:\/\/sindaopcpb.org.br\/index.php\/wp-json\/wp\/v2\/media?parent=11614"}],"wp:term":[{"taxonomy":"category","embeddable":true,"href":"https:\/\/sindaopcpb.org.br\/index.php\/wp-json\/wp\/v2\/categories?post=11614"},{"taxonomy":"post_tag","embeddable":true,"href":"https:\/\/sindaopcpb.org.br\/index.php\/wp-json\/wp\/v2\/tags?post=11614"}],"curies":[{"name":"wp","href":"https:\/\/api.w.org\/{rel}","templated":true}]}}