{"id":11612,"date":"2023-04-10T10:05:04","date_gmt":"2023-04-10T13:05:04","guid":{"rendered":"https:\/\/www.infomoney.com.br\/?p=2103544"},"modified":"2023-04-10T10:05:04","modified_gmt":"2023-04-10T13:05:04","slug":"lira-defende-a-adocao-de-rito-mais-democratico-para-a-tramitacao-de-mps","status":"publish","type":"post","link":"https:\/\/sindaopcpb.org.br\/index.php\/2023\/04\/10\/lira-defende-a-adocao-de-rito-mais-democratico-para-a-tramitacao-de-mps\/","title":{"rendered":"Lira defende a ado\u00e7\u00e3o de rito \u201cmais democr\u00e1tico\u201d para a tramita\u00e7\u00e3o de MPs"},"content":{"rendered":"<p><img loading=\"lazy\" width=\"300\" height=\"200\" src=\"https:\/\/www.infomoney.com.br\/wp-content\/uploads\/2022\/06\/img20220621184844363MED.jpg?fit=300%2C200&amp;quality=70&amp;strip=all\" class=\"attachment-medium size-medium wp-post-image\" alt=\"\" decoding=\"async\" style=\"float:right; margin:0 0 10px 10px;\" srcset=\"https:\/\/www.infomoney.com.br\/wp-content\/uploads\/2022\/06\/img20220621184844363MED.jpg?w=1000&amp;quality=70&amp;strip=all 1000w, https:\/\/www.infomoney.com.br\/wp-content\/uploads\/2022\/06\/img20220621184844363MED.jpg?w=300&amp;quality=70&amp;strip=all 300w, https:\/\/www.infomoney.com.br\/wp-content\/uploads\/2022\/06\/img20220621184844363MED.jpg?w=768&amp;quality=70&amp;strip=all 768w, https:\/\/www.infomoney.com.br\/wp-content\/uploads\/2022\/06\/img20220621184844363MED.jpg?w=150&amp;quality=70&amp;strip=all 150w\" sizes=\"auto, (max-width: 300px) 100vw, 300px\" data-attachment-id=\"1876246\" data-permalink=\"https:\/\/www.infomoney.com.br\/politica\/governo-acena-com-voucher-para-caminhoneiros-e-vale-gas-mas-congresso-mantem-petrobras-na-mira\/attachment\/img20220621184844363med\/\" data-orig-file=\"https:\/\/www.infomoney.com.br\/wp-content\/uploads\/2022\/06\/img20220621184844363MED.jpg?fit=1000%2C667&amp;quality=70&amp;strip=all\" data-orig-size=\"1000,667\" data-comments-opened=\"1\" data-image-meta=\"{&quot;aperture&quot;:&quot;0&quot;,&quot;credit&quot;:&quot;&quot;,&quot;camera&quot;:&quot;&quot;,&quot;caption&quot;:&quot;&quot;,&quot;created_timestamp&quot;:&quot;0&quot;,&quot;copyright&quot;:&quot;&quot;,&quot;focal_length&quot;:&quot;0&quot;,&quot;iso&quot;:&quot;0&quot;,&quot;shutter_speed&quot;:&quot;0&quot;,&quot;title&quot;:&quot;&quot;,&quot;orientation&quot;:&quot;0&quot;}\" data-image-title=\"Arthur Lira (PP-AL)\" data-image-description=\"\" data-image-caption=\"&lt;p&gt;O presidente da C\u00e2mara dos Deputados, Arthur Lira (PP-AL), comanda sess\u00e3o no plen\u00e1rio (Foto: Marina Ramos\/C\u00e2mara dos Deputados)&lt;\/p&gt;\n\" data-medium-file=\"https:\/\/www.infomoney.com.br\/wp-content\/uploads\/2022\/06\/img20220621184844363MED.jpg?fit=300%2C200&amp;quality=70&amp;strip=all\" data-large-file=\"https:\/\/www.infomoney.com.br\/wp-content\/uploads\/2022\/06\/img20220621184844363MED.jpg?fit=1000%2C667&amp;quality=70&amp;strip=all\" title=\"\"><\/p>\n<p>O presidente da C\u00e2mara dos Deputados, Arthur Lira (PP-AL), afirmou que a discuss\u00e3o sobre a mudan\u00e7a no rito das medidas provis\u00f3rias \u00e9 um desafio democr\u00e1tico que n\u00e3o pode ser ignorado. \u201cRepensar o modelo de tramita\u00e7\u00e3o das MPs \u00e9 um dever de todos os que prometeram manter, defender e cumprir a Constitui\u00e7\u00e3o, seja na C\u00e2mara dos Deputados, seja no Senado Federal. O pa\u00eds tem pressa, e n\u00e3o podemos nos perder em contendas intermin\u00e1veis\u201d, disse ele, em artigo publicado neste domingo (9) na <em>Folha de S.Paulo<\/em>.<\/p>\n<p>Segundo Lira, repensar e aprimorar o atual modelo, em vigor h\u00e1 mais de 20 anos,\u00a0 n\u00e3o representa uma afronta \u00e0 Constitui\u00e7\u00e3o e muito menos deve ser visto como uma busca de poder pessoal.<\/p>\n<p>Para o presidente da C\u00e2mara, o problema do atual rito \u00e9 a exig\u00eancia de forma\u00e7\u00e3o de uma comiss\u00e3o mista, com igual n\u00famero de deputados e senadores (13), que analisa a MP antes de envi\u00e1-la para o Plen\u00e1rio da C\u00e2mara, onde precisa ser votada e depois enviada para o Senado.<\/p>\n<p>As MPs t\u00eam vig\u00eancia imediata e precisam ser votadas nas duas Casas no prazo de 120 dias, do contr\u00e1rio perdem a validade. As comiss\u00f5es mistas n\u00e3o t\u00eam prazo, podendo praticamente esgotar os 120 dias e deixando o conjunto de deputados e senadores sem tempo para analisar as MPs.<\/p>\n<p>Desde 2020, em raz\u00e3o da pandemia e da suspens\u00e3o das reuni\u00f5es presenciais, as comiss\u00f5es mistas deixaram de ser exigidas, e as MPs passaram a ser analisadas diretamente pelos plen\u00e1rios da C\u00e2mara e do Senado. Para Lira, esse modelo \u00e9 mais democr\u00e1tico, porque a discuss\u00e3o n\u00e3o fica restrita a uma pequena parcela de parlamentares. No ano passado, as MPs permaneceram, em m\u00e9dia, 72,5 dias na<br \/>C\u00e2mara \u2013 tempo inferior aos 90 dias que haviam sido acordados com o Senado.<\/p>\n<p>Enquanto se debate uma forma definitiva, Lira disse que\u00a0os parlamentares podem adotar um meio-termo e estabelecer, de imediato, um prazo para atua\u00e7\u00e3o das comiss\u00f5es mistas e constituir uma proporcionalidade justa de participantes entre Senado e C\u00e2mara. \u201cA igualdade num\u00e9rica entre deputados e senadores \u00e9 um desequil\u00edbrio que deprecia a vontade do povo\u201d, disse.<\/p>\n<p>\u201cA pandemia mostrou que a comiss\u00e3o mista nos moldes atuais \u00e9 disfuncional, ineficiente e desproporcional\u201d, acrescentou.<\/p>\n<p>The post <a rel=\"nofollow noopener\" href=\"https:\/\/www.infomoney.com.br\/politica\/lira-defende-a-adocao-de-rito-mais-democratico-para-a-tramitacao-de-mps\/\" target=\"_blank\">Lira defende a ado\u00e7\u00e3o de rito \u201cmais democr\u00e1tico\u201d para a tramita\u00e7\u00e3o de MPs<\/a> appeared first on <a rel=\"nofollow noopener\" href=\"https:\/\/www.infomoney.com.br\/\" target=\"_blank\">InfoMoney<\/a>.<\/p>\n","protected":false},"excerpt":{"rendered":"<p><img loading=\"lazy\" decoding=\"async\" width=\"300\" height=\"200\" src=\"https:\/\/www.infomoney.com.br\/wp-content\/uploads\/2022\/06\/img20220621184844363MED.jpg?fit=300%2C200&amp;quality=70&amp;strip=all\" class=\"attachment-medium size-medium wp-post-image\" alt=\"\" data-attachment-id=\"1876246\" data-permalink=\"https:\/\/www.infomoney.com.br\/politica\/governo-acena-com-voucher-para-caminhoneiros-e-vale-gas-mas-congresso-mantem-petrobras-na-mira\/attachment\/img20220621184844363med\/\" data-orig-file=\"https:\/\/www.infomoney.com.br\/wp-content\/uploads\/2022\/06\/img20220621184844363MED.jpg?fit=1000%2C667&amp;quality=70&amp;strip=all\" data-orig-size=\"1000,667\" data-comments-opened=\"1\" data-image-meta='{\"aperture\":\"0\",\"credit\":\"\",\"camera\":\"\",\"caption\":\"\",\"created_timestamp\":\"0\",\"copyright\":\"\",\"focal_length\":\"0\",\"iso\":\"0\",\"shutter_speed\":\"0\",\"title\":\"\",\"orientation\":\"0\"}' data-image-title=\"Arthur Lira (PP-AL)\" data-image-description=\"\" data-image-caption=\"&lt;p&gt;O presidente da C\u00e2mara dos Deputados, Arthur Lira (PP-AL), comanda sess\u00e3o no plen\u00e1rio (Foto: Marina Ramos\/C\u00e2mara dos Deputados)&lt;\/p&gt;\n\" data-medium-file=\"https:\/\/www.infomoney.com.br\/wp-content\/uploads\/2022\/06\/img20220621184844363MED.jpg?fit=300%2C200&amp;quality=70&amp;strip=all\" data-large-file=\"https:\/\/www.infomoney.com.br\/wp-content\/uploads\/2022\/06\/img20220621184844363MED.jpg?fit=1000%2C667&amp;quality=70&amp;strip=all\">Presidente da C\u00e2mara prop\u00f5e um meio-termo para vigorar de imediato, enquanto se debate um rito definitivo<\/p>\n<p>The post <a rel=\"nofollow\" href=\"https:\/\/www.infomoney.com.br\/politica\/lira-defende-a-adocao-de-rito-mais-democratico-para-a-tramitacao-de-mps\/\">Lira defende a ado\u00e7\u00e3o de rito \u201cmais democr\u00e1tico\u201d para a tramita\u00e7\u00e3o de MPs<\/a> appeared first on <a rel=\"nofollow\" href=\"https:\/\/www.infomoney.com.br\/\">InfoMoney<\/a>.<\/p>\n","protected":false},"author":47,"featured_media":0,"comment_status":"closed","ping_status":"closed","sticky":false,"template":"","format":"standard","meta":{"advgb_blocks_editor_width":"","advgb_blocks_columns_visual_guide":"","footnotes":""},"categories":[275,134,276,34,47],"tags":[35],"class_list":["post-11612","post","type-post","status-publish","format-standard","hentry","category-arthur-lira","category-brasilia","category-camara-dos-deputados","category-g1","category-politica","tag-g1"],"author_meta":{"display_name":"luispereira","author_link":"https:\/\/sindaopcpb.org.br\/author\/luispereira\/"},"featured_img":null,"coauthors":[],"tax_additional":{"categories":{"linked":["<a href=\"https:\/\/sindaopcpb.org.br\/arthur-lira\/\" class=\"advgb-post-tax-term\">Arthur Lira<\/a>","<a href=\"https:\/\/sindaopcpb.org.br\/brasilia\/\" class=\"advgb-post-tax-term\">Bras\u00edlia<\/a>","<a href=\"https:\/\/sindaopcpb.org.br\/camara-dos-deputados\/\" class=\"advgb-post-tax-term\">C\u00e2mara dos Deputados<\/a>","<a href=\"https:\/\/sindaopcpb.org.br\/g1\/\" class=\"advgb-post-tax-term\">G1<\/a>","<a href=\"https:\/\/sindaopcpb.org.br\/politica\/\" class=\"advgb-post-tax-term\">POLITICA<\/a>"],"unlinked":["<span class=\"advgb-post-tax-term\">Arthur Lira<\/span>","<span class=\"advgb-post-tax-term\">Bras\u00edlia<\/span>","<span class=\"advgb-post-tax-term\">C\u00e2mara dos Deputados<\/span>","<span class=\"advgb-post-tax-term\">G1<\/span>","<span class=\"advgb-post-tax-term\">POLITICA<\/span>"]},"tags":{"linked":["<a href=\"https:\/\/sindaopcpb.org.br\/politica\/\" class=\"advgb-post-tax-term\">g1<\/a>"],"unlinked":["<span class=\"advgb-post-tax-term\">g1<\/span>"]}},"comment_count":"0","relative_dates":{"created":"Publicado 3 anos atr\u00e1s","modified":"Atualizado 3 anos atr\u00e1s"},"absolute_dates":{"created":"Publicado em 10 de abril de 2023","modified":"Atualizado em 10 de abril de 2023"},"absolute_dates_time":{"created":"Publicado em 10 de abril de 2023 10:05","modified":"Atualizado em 10 de abril de 2023 10:05"},"featured_img_caption":"","series_order":"","_links":{"self":[{"href":"https:\/\/sindaopcpb.org.br\/index.php\/wp-json\/wp\/v2\/posts\/11612","targetHints":{"allow":["GET"]}}],"collection":[{"href":"https:\/\/sindaopcpb.org.br\/index.php\/wp-json\/wp\/v2\/posts"}],"about":[{"href":"https:\/\/sindaopcpb.org.br\/index.php\/wp-json\/wp\/v2\/types\/post"}],"author":[{"embeddable":true,"href":"https:\/\/sindaopcpb.org.br\/index.php\/wp-json\/wp\/v2\/users\/47"}],"replies":[{"embeddable":true,"href":"https:\/\/sindaopcpb.org.br\/index.php\/wp-json\/wp\/v2\/comments?post=11612"}],"version-history":[{"count":1,"href":"https:\/\/sindaopcpb.org.br\/index.php\/wp-json\/wp\/v2\/posts\/11612\/revisions"}],"predecessor-version":[{"id":11613,"href":"https:\/\/sindaopcpb.org.br\/index.php\/wp-json\/wp\/v2\/posts\/11612\/revisions\/11613"}],"wp:attachment":[{"href":"https:\/\/sindaopcpb.org.br\/index.php\/wp-json\/wp\/v2\/media?parent=11612"}],"wp:term":[{"taxonomy":"category","embeddable":true,"href":"https:\/\/sindaopcpb.org.br\/index.php\/wp-json\/wp\/v2\/categories?post=11612"},{"taxonomy":"post_tag","embeddable":true,"href":"https:\/\/sindaopcpb.org.br\/index.php\/wp-json\/wp\/v2\/tags?post=11612"}],"curies":[{"name":"wp","href":"https:\/\/api.w.org\/{rel}","templated":true}]}}