{"id":11498,"date":"2023-04-08T09:04:50","date_gmt":"2023-04-08T12:04:50","guid":{"rendered":"https:\/\/www.infomoney.com.br\/?p=2103097"},"modified":"2023-04-08T09:04:50","modified_gmt":"2023-04-08T12:04:50","slug":"haddad-estuda-reonerar-custeio-de-empresas-e-quer-regra-para-despesas-obrigatorias","status":"publish","type":"post","link":"https:\/\/sindaopcpb.org.br\/index.php\/2023\/04\/08\/haddad-estuda-reonerar-custeio-de-empresas-e-quer-regra-para-despesas-obrigatorias\/","title":{"rendered":"Haddad\u00a0estuda reonerar custeio de empresas e quer regra para despesas obrigat\u00f3rias\u00a0"},"content":{"rendered":"<p><img loading=\"lazy\" width=\"300\" height=\"200\" src=\"https:\/\/www.infomoney.com.br\/wp-content\/uploads\/2023\/01\/52623834126_a5e679c516_c-1.jpg?fit=300%2C200&amp;quality=70&amp;strip=all\" class=\"attachment-medium size-medium wp-post-image\" alt=\"\" decoding=\"async\" style=\"float:right; margin:0 0 10px 10px;\" srcset=\"https:\/\/www.infomoney.com.br\/wp-content\/uploads\/2023\/01\/52623834126_a5e679c516_c-1.jpg?w=799&amp;quality=70&amp;strip=all 799w, https:\/\/www.infomoney.com.br\/wp-content\/uploads\/2023\/01\/52623834126_a5e679c516_c-1.jpg?w=300&amp;quality=70&amp;strip=all 300w, https:\/\/www.infomoney.com.br\/wp-content\/uploads\/2023\/01\/52623834126_a5e679c516_c-1.jpg?w=768&amp;quality=70&amp;strip=all 768w, https:\/\/www.infomoney.com.br\/wp-content\/uploads\/2023\/01\/52623834126_a5e679c516_c-1.jpg?w=150&amp;quality=70&amp;strip=all 150w\" sizes=\"auto, (max-width: 300px) 100vw, 300px\" data-attachment-id=\"2045413\" data-permalink=\"https:\/\/www.infomoney.com.br\/52623834126_a5e679c516_c-2\/\" data-orig-file=\"https:\/\/www.infomoney.com.br\/wp-content\/uploads\/2023\/01\/52623834126_a5e679c516_c-1.jpg?fit=799%2C533&amp;quality=70&amp;strip=all\" data-orig-size=\"799,533\" data-comments-opened=\"0\" data-image-meta=\"{&quot;aperture&quot;:&quot;0&quot;,&quot;credit&quot;:&quot;Washington Costa&quot;,&quot;camera&quot;:&quot;&quot;,&quot;caption&quot;:&quot;&quot;,&quot;created_timestamp&quot;:&quot;0&quot;,&quot;copyright&quot;:&quot;Ministerio da Economia&quot;,&quot;focal_length&quot;:&quot;0&quot;,&quot;iso&quot;:&quot;0&quot;,&quot;shutter_speed&quot;:&quot;0&quot;,&quot;title&quot;:&quot;&quot;,&quot;orientation&quot;:&quot;0&quot;}\" data-image-title=\"52623834126_a5e679c516_c\" data-image-description=\"\" data-image-caption=\"&lt;p&gt;Entrevista coletiva de Haddad \u00e0 imprensa sobre medidas econ\u00f4micas (Washington Costa\/MF)&lt;\/p&gt;\n\" data-medium-file=\"https:\/\/www.infomoney.com.br\/wp-content\/uploads\/2023\/01\/52623834126_a5e679c516_c-1.jpg?fit=300%2C200&amp;quality=70&amp;strip=all\" data-large-file=\"https:\/\/www.infomoney.com.br\/wp-content\/uploads\/2023\/01\/52623834126_a5e679c516_c-1.jpg?fit=799%2C533&amp;quality=70&amp;strip=all\" title=\"\"><\/p>\n<p><span data-contrast=\"auto\">O ministro da Fazenda, <a href=\"https:\/\/www.infomoney.com.br\/perfil\/fernando-haddad\/\" rel=\"nofollow noopener\" target=\"_blank\">Fernando Haddad<\/a>, refor&ccedil;ou neste s&aacute;bado (8) que est&aacute; em estudo no governo federal medidas para rever a subven&ccedil;&atilde;o do custeio de empresas via cr&eacute;ditos do ICMS. Em entrevista ao jornal <em>Folha de S.Paulo<\/em>, Haddad diz que, embora n&atilde;o seja o melhor modelo, a subven&ccedil;&atilde;o ao investimento ser&aacute; mantida.<\/span><span data-ccp-props='{\"201341983\":0,\"335559739\":160,\"335559740\":259}'>&nbsp;<\/span><\/p>\n<p><span data-contrast=\"auto\">Segundo c&aacute;lculos da Receita Federal, as isen&ccedil;&otilde;es de impostos federais chegam a R$ 400 bilh&otilde;es por ano. Haddad busca uma revis&atilde;o gradual desses subs&iacute;dios para que ele recomponha o or&ccedil;amento e d&ecirc; mais tra&ccedil;&atilde;o aos investimentos do governo federal dentro do novo arcabou&ccedil;o fiscal proposto pela Fazenda.<\/span><span data-ccp-props='{\"201341983\":0,\"335559739\":160,\"335559740\":259}'>&nbsp;<\/span><\/p>\n<p><span data-contrast=\"auto\">Na entrevista, Fernando Haddad prev&ecirc; que a revis&atilde;o dessas desonera&ccedil;&otilde;es dever&aacute; ocorrer depois da aprova&ccedil;&atilde;o da reforma tribut&aacute;ria no Congresso, a qual o ministro estima que a vota&ccedil;&atilde;o seja conclu&iacute;da at&eacute; outubro.<\/span><\/p>\n<p>Haddad tamb&eacute;m j&aacute; buscou se blindar de cr&iacute;ticas de setores subsidiados. Ao falar especificamente do varejo, disse que o que o segmento vai ganhar de redu&ccedil;&atilde;o nos juros &eacute; muito mais importante do que eles v&atilde;o passar a pagar devidamente. &ldquo;Eles n&atilde;o est&atilde;o entendendo o equil&iacute;brio macroecon&ocirc;mico que n&oacute;s estamos perseguindo&rdquo;, disse.<\/p>\n<p><span data-contrast=\"auto\">Outra medida anunciada pelo ministro da Fazenda &eacute; de que o governo federal publicar&aacute; novas regras para as parcerias p&uacute;blico-privadas (PPP). Segundo a reportagem, o Tesouro Nacional dar&aacute; garantia firme &agrave;s empresas que fecharem PPPs com estados e munic&iacute;pios, uma vez que a reclama&ccedil;&atilde;o do setor privada &eacute; a dificuldade de receber desses entes federativos.<\/span><span data-ccp-props='{\"201341983\":0,\"335559739\":160,\"335559740\":259}'>&nbsp;<\/span><\/p>\n<p><span data-contrast=\"auto\">Neste sentido, Haddad adianta que as empresas destas PPPs regionais tamb&eacute;m poder&atilde;o emitir deb&ecirc;ntures incentivadas, com isen&ccedil;&atilde;o de impostos, a exemplo do que ocorre nas parcerias em &acirc;mbito federal.<\/span><span data-ccp-props='{\"201341983\":0,\"335559739\":160,\"335559740\":259}'>&nbsp;<\/span><\/p>\n<p><span data-contrast=\"auto\">Outro assunto em debate na equipe econ&ocirc;mica &eacute; a formula&ccedil;&atilde;o de uma regra para o crescimento das despesas obrigat&oacute;rios e vincula&ccedil;&otilde;es or&ccedil;ament&aacute;rias. O ministro diz que o objetivo &eacute; propor regras mais est&aacute;veis, mas devem estar em quest&atilde;o reajustes do sal&aacute;rio m&iacute;nimo, de servidores, pisos e vincula&ccedil;&otilde;es para sa&uacute;de e educa&ccedil;&atilde;o.<\/span><\/p>\n<p>&ldquo;Uma hora, voc&ecirc; congela o sal&aacute;rio m&iacute;nimo por sete anos, outra hora, voc&ecirc; d&aacute; reajuste de acordo com o crescimento do PIB nominal. Ent&atilde;o vamos buscar, em uma negocia&ccedil;&atilde;o, uma regra est&aacute;vel para evitar os solavancos que verificamos nos &uacute;ltimos anos&rdquo;, acrescentou.<\/p>\n<h2>Juros do BNDES<\/h2>\n<p>Fernando Haddad, disse&nbsp; ainda que o Banco Nacional de Desenvolvimento Econ&ocirc;mico e Social (BNDES), comandado por Aloizio Mercadante, discute com a pasta uma gradua&ccedil;&atilde;o nas taxas de juros cobradas pelo &oacute;rg&atilde;o de fomento, mas que nenhum novo desenho foi apresentado.<\/p>\n<p>No come&ccedil;o de mar&ccedil;o, o <em>Boradcast<\/em> adiantou que a ideia do BNDES &eacute; a de disponibilizar um card&aacute;pio de op&ccedil;&otilde;es e negociar com o tomador do empr&eacute;stimo a escolha dos juros de cada contrato.<\/p>\n<p>Atualmente, a Taxa de Longo Prazo (TLP) do BNDES &eacute; composta pela varia&ccedil;&atilde;o do IPCA e pela taxa de juros prefixada das NTN-B. No plano do banco de fomento, passariam a ser aceitos tamb&eacute;m a indexa&ccedil;&atilde;o &agrave; LFT (p&oacute;s-fixado que segue a varia&ccedil;&atilde;o da Selic) e &agrave; LTN (prefixado do Tesouro), este com remunera&ccedil;&atilde;o baseada no valor de face, ou seja, o valor investido somado &agrave; rentabilidade na data do vencimento.<\/p>\n<div class=\"cta-middle\">\n<div class=\"im-cta\">\n<div class=\"im-shortcode-forms bg-light bg-opacity-25 border rounded-4 p-3 p-sm-4 p-md-3 p-lg-4 px-xxl-5 my-5\" data-configuration='{\"form_name\":false,\"form_hat\":\"Masterclass Gratuita\",\"form_email\":true,\"form_icon\":\"course\",\"form_phone\":false,\"form_campaign\":\"LAB 202304\",\"form_thankyou\":\"\",\"form_journey\":\"APIEvent-b0f8a3f7-6d13-ebe1-6e6d-39c8543c5b60\",\"form_button\":\"Quero participar\",\"form_context\":\"curso-livre\",\"form_origin\":\"https:\\\/\\\/www.infomoney.com.br\\\/politica\\\/feed\\\/?utm_medium=materia&#038;utm_source=infomoney&#038;utm_campaign=202303_lab_info-cl_lead&#038;utm_term=&#038;utm_content=\",\"form_position\":\"meio\",\"form_category\":\"cta_form\"}'>\n<div class=\"d-flex flex-column align-items-center align-items-lg-start mb-4 flex-lg-row\">\n<div class=\"rounded-circle mb-2 mb-lg-0 mr-lg-4 me-lg-4 p-3 p-lg-4 bg-red-500\"><svg width=\"40\" height=\"40\" viewBox=\"0 0 40 40\" fill=\"none\" xmlns=\"http:\/\/www.w3.org\/2000\/svg\"><path d=\"M19.958 33.083 8.833 27v-9.042L3.417 15l16.541-9.042L36.583 15v11.875h-1.875v-10.75l-3.583 1.833V27l-11.167 6.083Zm0-11.208L32.625 15 19.958 8.208 7.375 15l12.583 6.875Zm0 9.042 9.25-5.084v-6.75l-9.25 4.959-9.25-5v6.791l9.25 5.084Z\" fill=\"#fff\"\/><\/svg><\/div>\n<div class=\"flex-fill text-center text-lg-left\">\n<div class=\"h6 small text-orange-700 lh-base mb-1\">Masterclass Gratuita<\/div>\n<div class=\"text-body h4 m-0\">Lucros Al&eacute;m da Bolsa<\/div>\n<div class=\"text-body small lh-base mt-2\">Como ter o potencial de ganhar mais do que a Renda Fixa sem depender dos &acirc;nimos do mercado e das oscila&ccedil;&otilde;es da Bolsa<\/div>\n<\/div>\n<\/div>\n<\/div>\n<\/div>\n<\/div>\n<p>&ldquo;At&eacute; agora, o que o BNDES prop&ocirc;s foi graduar as taxas de juros, mantendo a taxa m&eacute;dia no patamar do atual. At&eacute; hoje, a discuss&atilde;o p&uacute;blica e conosco foi essa, e a&iacute; est&aacute; se discutindo isso. Mas n&atilde;o tem um desenho que foi definido e nos apresentado&rdquo;, afirmou o ministro &agrave; Folha.<\/p>\n<p>Haddad se esquivou de comentar se &eacute; favor&aacute;vel a um aumento de desembolso do BNDES. Ele disse que, &ldquo;em abstrato&rdquo;, seria interessante que o banco de fomento tenha um papel no financiamento de alguns projetos, mas pontuou que o mercado de capitais no Pa&iacute;s &eacute; &ldquo;muito superior&rdquo; ao dos primeiros mandatos do presidente Luiz In&aacute;cio Lula da Silva (PT).<\/p>\n<p>&ldquo;Na hora em que o mercado de capitais retomar voltar a crescer, em que a taxa de juros cair, qual o espa&ccedil;o para o BNDES? Com que objetivo? Vamos pensar. Pode atuar mais em infraestrutura, mais em PPPs? Pode atuar mais em transi&ccedil;&atilde;o ecol&oacute;gica, em inova&ccedil;&atilde;o? Qual o novo BNDES que pode surgir a partir dessa nova realidade? N&atilde;o sou al&eacute;rgico a discuss&atilde;o sobre isso, pelo contr&aacute;rio&rdquo;, disse Haddad.<\/p>\n<h2>Pol&iacute;tica de pre&ccedil;os da Petrobras<\/h2>\n<p>O ministro Fernando Haddad disse que nem o Minist&eacute;rio de Minas e Energia (MME) nem a Petrobras apresentaram &agrave; pasta a nova pol&iacute;tica de pre&ccedil;os de combust&iacute;veis e distribui&ccedil;&atilde;o de dividendos da estatal. &ldquo;A gente vai se debru&ccedil;ar sobre uma proposta concreta&rdquo;, afirmou.<\/p>\n<p>Nesta semana, causou ru&iacute;do declara&ccedil;&otilde;es do chefe do MME, Alexandre Silveira, sobre mudan&ccedil;as no Pre&ccedil;o de Paridade de Importa&ccedil;&atilde;o (PPI) da Petrobras. A estatal teve de vir a p&uacute;blico, por meio de comunicado &agrave; Comiss&atilde;o de Valores Mobili&aacute;rios (CVM), dizer que n&atilde;o recebeu proposta do minist&eacute;rio. O Conselho de Administra&ccedil;&atilde;o tamb&eacute;m escreveu uma carta cobrando do &oacute;rg&atilde;o uma &ldquo;diretriz de pre&ccedil;os&rdquo;, conforme o <em>Broadcast<\/em> mostrou.<\/p>\n<p>&ldquo;O Minist&eacute;rio de Minas e Energia n&atilde;o apresentou um desenho claro para que pud&eacute;ssemos discutir&rdquo;, disse Haddad, emendando que qualquer assunto econ&ocirc;mico ser&aacute; debatido quando as &aacute;reas correlatas tiverem uma proposta formal.<\/p>\n<p>&ldquo;No caso do saneamento, por exemplo, o Minist&eacute;rio das Cidades apresentou uma proposta. Conversamos com o setor privado, estados, munic&iacute;pios e chegamos a um decreto assinado ontem quarta-feira, dia 5 de mar&ccedil;o, que foi celebrado como uma coisa positiva para o setor de saneamento, mantendo o comprometimento de universaliza&ccedil;&atilde;o para 2033, com uma flexibilidade maior que o decreto anterior&rdquo;, exemplificou o ministro.<\/p>\n<h2>Cr&iacute;ticas ao arcabou&ccedil;o fiscal<\/h2>\n<p>Haddad rebateu cr&iacute;ticas do deputado Lindbergh Farias (PT-RJ) ao arcabou&ccedil;o fiscal e declarou que o plano proposto n&atilde;o tem a inten&ccedil;&atilde;o de agradar &ldquo;100% das pessoas&rdquo;.<\/p>\n<p>Em entrevista &agrave; <em>Folha<\/em> nesta semana, Lindbergh disse que, com o arcabou&ccedil;o, o governo de Luiz In&aacute;cio Lula da Silva (PT) fez um &ldquo;pacto com o dem&ocirc;nio&rdquo;, como se referiu ao Banco Central, e que mesmo assim n&atilde;o consegue em troca a redu&ccedil;&atilde;o de juros.<\/p>\n<p>&ldquo;Sinceramente n&atilde;o fiz pacto com ningu&eacute;m. N&atilde;o fiz pacto nem com A nem com B. O que eu fiz foi fechar uma equipe t&eacute;cnica de alt&iacute;ssima qualidade, definir um desenho, levar esse desenho para pessoas t&atilde;o diferentes quanto Esther Dweck ministra da Gest&atilde;o e Simone Tebet ministra do Planejamento, que pensam muito diferente, e falar com Minist&eacute;rio do Desenvolvimento de Geraldo Alckmin, Casa Civil de Rui Costa, presidente da Rep&uacute;blica&rdquo;, disse Haddad, acrescentando ter ouvido vozes da ortodoxia e da heterodoxia econ&ocirc;mica, al&eacute;m de ter recebido o aval de Lula. &ldquo;Agora, ningu&eacute;m tem a pretens&atilde;o de com uma medida agradar a 100% das pessoas&rdquo;, emendou.<\/p>\n<p>Sobre as cr&iacute;ticas de outros petistas al&eacute;m de Lindbergh, Haddad contemporizou que cr&iacute;ticas e elogios ocorrer&atilde;o em qualquer agremia&ccedil;&atilde;o.<\/p>\n<p>&ldquo;Agora quem fala pelo Partido dos Trabalhadores &eacute; a sua Executiva, com todo respeito a vozes internas. Nada obsta a um deputado em exerc&iacute;cio de seu mandato apresentar o seu projeto&rdquo;, sugeriu.<\/p>\n<p><em>(Com Estad&atilde;o Conte&uacute;do)<\/em><\/p>\n<\/p>\n<p>The post <a rel=\"nofollow noopener\" href=\"https:\/\/www.infomoney.com.br\/economia\/haddad-estuda-reonerar-custeio-de-empresas-e-quer-regra-para-despesas-obrigatorias\/\" target=\"_blank\">Haddad\u00a0estuda reonerar custeio de empresas e quer regra para despesas obrigat\u00f3rias\u00a0<\/a> appeared first on <a rel=\"nofollow noopener\" href=\"https:\/\/www.infomoney.com.br\/\" target=\"_blank\">InfoMoney<\/a>.<\/p>\n","protected":false},"excerpt":{"rendered":"<p><img loading=\"lazy\" width=\"300\" height=\"200\" src=\"https:\/\/www.infomoney.com.br\/wp-content\/uploads\/2023\/01\/52623834126_a5e679c516_c-1.jpg?fit=300%2C200&amp;quality=70&amp;strip=all\" class=\"attachment-medium size-medium wp-post-image\" alt=\"\" decoding=\"async\" srcset=\"https:\/\/www.infomoney.com.br\/wp-content\/uploads\/2023\/01\/52623834126_a5e679c516_c-1.jpg?w=799&amp;quality=70&amp;strip=all 799w, https:\/\/www.infomoney.com.br\/wp-content\/uploads\/2023\/01\/52623834126_a5e679c516_c-1.jpg?w=300&amp;quality=70&amp;strip=all 300w, https:\/\/www.infomoney.com.br\/wp-content\/uploads\/2023\/01\/52623834126_a5e679c516_c-1.jpg?w=768&amp;quality=70&amp;strip=all 768w, https:\/\/www.infomoney.com.br\/wp-content\/uploads\/2023\/01\/52623834126_a5e679c516_c-1.jpg?w=150&amp;quality=70&amp;strip=all 150w\" sizes=\"auto, (max-width: 300px) 100vw, 300px\" data-attachment-id=\"2045413\" data-permalink=\"https:\/\/www.infomoney.com.br\/52623834126_a5e679c516_c-2\/\" data-orig-file=\"https:\/\/www.infomoney.com.br\/wp-content\/uploads\/2023\/01\/52623834126_a5e679c516_c-1.jpg?fit=799%2C533&amp;quality=70&amp;strip=all\" data-orig-size=\"799,533\" data-comments-opened=\"0\" data-image-meta='{\"aperture\":\"0\",\"credit\":\"Washington Costa\",\"camera\":\"\",\"caption\":\"\",\"created_timestamp\":\"0\",\"copyright\":\"Ministerio da Economia\",\"focal_length\":\"0\",\"iso\":\"0\",\"shutter_speed\":\"0\",\"title\":\"\",\"orientation\":\"0\"}' data-image-title=\"52623834126_a5e679c516_c\" data-image-description=\"\" data-image-caption=\"&lt;p&gt;Entrevista coletiva de Haddad \u00e0 imprensa sobre medidas econ\u00f4micas (Washington Costa\/MF)&lt;\/p&gt;\n\" data-medium-file=\"https:\/\/www.infomoney.com.br\/wp-content\/uploads\/2023\/01\/52623834126_a5e679c516_c-1.jpg?fit=300%2C200&amp;quality=70&amp;strip=all\" data-large-file=\"https:\/\/www.infomoney.com.br\/wp-content\/uploads\/2023\/01\/52623834126_a5e679c516_c-1.jpg?fit=799%2C533&amp;quality=70&amp;strip=all\">Ministro da Fazenda aponta excesso de isen\u00e7\u00f5es e espera que reforma tribut\u00e1ria seja aprovada no Congresso em outubro\u00a0<\/p>\n<p>The post <a rel=\"nofollow\" href=\"https:\/\/www.infomoney.com.br\/economia\/haddad-estuda-reonerar-custeio-de-empresas-e-quer-regra-para-despesas-obrigatorias\/\">Haddad\u00a0estuda reonerar custeio de empresas e quer regra para despesas obrigat\u00f3rias\u00a0<\/a> appeared first on <a rel=\"nofollow\" href=\"https:\/\/www.infomoney.com.br\/\">InfoMoney<\/a>.<\/p>\n","protected":false},"author":45,"featured_media":0,"comment_status":"closed","ping_status":"closed","sticky":false,"template":"","format":"standard","meta":{"advgb_blocks_editor_width":"","advgb_blocks_columns_visual_guide":"","footnotes":""},"categories":[108,69,109,34,128,129,127,130,120,47,131],"tags":[35],"class_list":["post-11498","post","type-post","status-publish","format-standard","hentry","category-arcabouco-fiscal","category-economia","category-fernando-haddad","category-g1","category-icms","category-luiz-inacio-lula-da-silva","category-mercados","category-ministerio-da-fazenda","category-negocios","category-politica","category-ppp","tag-g1"],"author_meta":{"display_name":"Equipe InfoMoney","author_link":"https:\/\/sindaopcpb.org.br\/author\/equipe-infomoney\/"},"featured_img":null,"coauthors":[],"tax_additional":{"categories":{"linked":["<a href=\"https:\/\/sindaopcpb.org.br\/arcabouco-fiscal\/\" class=\"advgb-post-tax-term\">Arcabou\u00e7o Fiscal<\/a>","<a href=\"https:\/\/sindaopcpb.org.br\/economia\/\" class=\"advgb-post-tax-term\">Economia<\/a>","<a href=\"https:\/\/sindaopcpb.org.br\/fernando-haddad\/\" class=\"advgb-post-tax-term\">FERNANDO HADDAD<\/a>","<a href=\"https:\/\/sindaopcpb.org.br\/g1\/\" class=\"advgb-post-tax-term\">G1<\/a>","<a href=\"https:\/\/sindaopcpb.org.br\/icms\/\" class=\"advgb-post-tax-term\">ICMS<\/a>","<a href=\"https:\/\/sindaopcpb.org.br\/luiz-inacio-lula-da-silva\/\" class=\"advgb-post-tax-term\">Luiz In\u00e1cio Lula da Silva<\/a>","<a href=\"https:\/\/sindaopcpb.org.br\/mercados\/\" class=\"advgb-post-tax-term\">Mercados<\/a>","<a href=\"https:\/\/sindaopcpb.org.br\/ministerio-da-fazenda\/\" class=\"advgb-post-tax-term\">Minist\u00e9rio da Fazenda<\/a>","<a href=\"https:\/\/sindaopcpb.org.br\/negocios\/\" class=\"advgb-post-tax-term\">Neg\u00f3cios<\/a>","<a href=\"https:\/\/sindaopcpb.org.br\/politica\/\" class=\"advgb-post-tax-term\">POLITICA<\/a>","<a href=\"https:\/\/sindaopcpb.org.br\/ppp\/\" class=\"advgb-post-tax-term\">PPP<\/a>"],"unlinked":["<span class=\"advgb-post-tax-term\">Arcabou\u00e7o Fiscal<\/span>","<span class=\"advgb-post-tax-term\">Economia<\/span>","<span class=\"advgb-post-tax-term\">FERNANDO HADDAD<\/span>","<span class=\"advgb-post-tax-term\">G1<\/span>","<span class=\"advgb-post-tax-term\">ICMS<\/span>","<span class=\"advgb-post-tax-term\">Luiz In\u00e1cio Lula da Silva<\/span>","<span class=\"advgb-post-tax-term\">Mercados<\/span>","<span class=\"advgb-post-tax-term\">Minist\u00e9rio da Fazenda<\/span>","<span class=\"advgb-post-tax-term\">Neg\u00f3cios<\/span>","<span class=\"advgb-post-tax-term\">POLITICA<\/span>","<span class=\"advgb-post-tax-term\">PPP<\/span>"]},"tags":{"linked":["<a href=\"https:\/\/sindaopcpb.org.br\/ppp\/\" class=\"advgb-post-tax-term\">g1<\/a>"],"unlinked":["<span class=\"advgb-post-tax-term\">g1<\/span>"]}},"comment_count":"0","relative_dates":{"created":"Publicado 3 anos atr\u00e1s","modified":"Atualizado 3 anos atr\u00e1s"},"absolute_dates":{"created":"Publicado em 8 de abril de 2023","modified":"Atualizado em 8 de abril de 2023"},"absolute_dates_time":{"created":"Publicado em 8 de abril de 2023 09:04","modified":"Atualizado em 8 de abril de 2023 09:04"},"featured_img_caption":"","series_order":"","_links":{"self":[{"href":"https:\/\/sindaopcpb.org.br\/index.php\/wp-json\/wp\/v2\/posts\/11498","targetHints":{"allow":["GET"]}}],"collection":[{"href":"https:\/\/sindaopcpb.org.br\/index.php\/wp-json\/wp\/v2\/posts"}],"about":[{"href":"https:\/\/sindaopcpb.org.br\/index.php\/wp-json\/wp\/v2\/types\/post"}],"author":[{"embeddable":true,"href":"https:\/\/sindaopcpb.org.br\/index.php\/wp-json\/wp\/v2\/users\/45"}],"replies":[{"embeddable":true,"href":"https:\/\/sindaopcpb.org.br\/index.php\/wp-json\/wp\/v2\/comments?post=11498"}],"version-history":[{"count":1,"href":"https:\/\/sindaopcpb.org.br\/index.php\/wp-json\/wp\/v2\/posts\/11498\/revisions"}],"predecessor-version":[{"id":11499,"href":"https:\/\/sindaopcpb.org.br\/index.php\/wp-json\/wp\/v2\/posts\/11498\/revisions\/11499"}],"wp:attachment":[{"href":"https:\/\/sindaopcpb.org.br\/index.php\/wp-json\/wp\/v2\/media?parent=11498"}],"wp:term":[{"taxonomy":"category","embeddable":true,"href":"https:\/\/sindaopcpb.org.br\/index.php\/wp-json\/wp\/v2\/categories?post=11498"},{"taxonomy":"post_tag","embeddable":true,"href":"https:\/\/sindaopcpb.org.br\/index.php\/wp-json\/wp\/v2\/tags?post=11498"}],"curies":[{"name":"wp","href":"https:\/\/api.w.org\/{rel}","templated":true}]}}