{"id":11446,"date":"2023-04-08T08:27:37","date_gmt":"2023-04-08T11:27:37","guid":{"rendered":"https:\/\/paraiba.com.br\/?p=723471"},"modified":"2023-04-08T08:27:37","modified_gmt":"2023-04-08T11:27:37","slug":"carro-sai-da-pista-e-motorista-fica-levemente-ferida-na-br-230-em-joao-pessoa","status":"publish","type":"post","link":"https:\/\/sindaopcpb.org.br\/index.php\/2023\/04\/08\/carro-sai-da-pista-e-motorista-fica-levemente-ferida-na-br-230-em-joao-pessoa\/","title":{"rendered":"Carro sai da pista e motorista fica levemente ferida na BR-230, em Jo\u00e3o Pessoa"},"content":{"rendered":"<p>Uma mulher ficou ferida levemente, na noite dessa sexta-feira (7), ap\u00f3s perder o controle do carro que dirigia e sair da pista em um trecho da BR-230, entre Jo\u00e3o Pessoa e Cabedelo.<\/p>\n<p>De acordo com a PRF, a motorista dirigia no sentido Cabedelo-Jo\u00e3o Pessoa quando perdeu o controle da dire\u00e7\u00e3o. O carro saiu da pista e caiu em um barranco.<\/p>\n<p>Ferida levemente, a mulher foi socorrida com escoria\u00e7\u00f5es para o Hospital de Trauma de Jo\u00e3o Pessoa, onde foi atendida. At\u00e9 a publica\u00e7\u00e3o desta mat\u00e9ria, o Trauma n\u00e3o respondeu se a v\u00edtima havia tido alta m\u00e9dica.<\/p>\n<p>O post <a rel=\"nofollow noopener\" href=\"https:\/\/paraiba.com.br\/2023\/04\/08\/carro-sai-da-pista-e-motorista-fica-levemente-ferida-na-br-230-em-joao-pessoa\/\" target=\"_blank\">Carro sai da pista e motorista fica levemente ferida na BR-230, em Jo\u00e3o Pessoa<\/a> apareceu primeiro em <a rel=\"nofollow noopener\" href=\"https:\/\/paraiba.com.br\/\" target=\"_blank\">paraiba.com.br<\/a>.<\/p>\n","protected":false},"excerpt":{"rendered":"<p>Uma mulher ficou ferida levemente, na noite dessa sexta-feira (7), ap\u00f3s perder o controle do carro que dirigia e sair da pista em um trecho da BR-230, entre Jo\u00e3o Pessoa e Cabedelo. De acordo com a PRF, a motorista dirigia no sentido Cabedelo-Jo\u00e3o Pessoa quando perdeu o controle da dire\u00e7\u00e3o. O carro saiu da pista [\u2026]<\/p>\n<p>O post <a rel=\"nofollow\" href=\"https:\/\/paraiba.com.br\/2023\/04\/08\/carro-sai-da-pista-e-motorista-fica-levemente-ferida-na-br-230-em-joao-pessoa\/\">Carro sai da pista e motorista fica levemente ferida na BR-230, em Jo\u00e3o Pessoa<\/a> apareceu primeiro em <a rel=\"nofollow\" href=\"https:\/\/paraiba.com.br\/\">paraiba.com.br<\/a>.<\/p>\n","protected":false},"author":38,"featured_media":0,"comment_status":"closed","ping_status":"closed","sticky":false,"template":"","format":"standard","meta":{"advgb_blocks_editor_width":"","advgb_blocks_columns_visual_guide":"","footnotes":""},"categories":[67,34,68,66],"tags":[35],"class_list":["post-11446","post","type-post","status-publish","format-standard","hentry","category-carro","category-g1","category-pista","category-policial","tag-g1"],"author_meta":{"display_name":"Editor","author_link":"https:\/\/sindaopcpb.org.br\/author\/editor\/"},"featured_img":null,"coauthors":[],"tax_additional":{"categories":{"linked":["<a href=\"https:\/\/sindaopcpb.org.br\/carro\/\" class=\"advgb-post-tax-term\">CARRO<\/a>","<a href=\"https:\/\/sindaopcpb.org.br\/g1\/\" class=\"advgb-post-tax-term\">G1<\/a>","<a href=\"https:\/\/sindaopcpb.org.br\/pista\/\" class=\"advgb-post-tax-term\">PISTA<\/a>","<a href=\"https:\/\/sindaopcpb.org.br\/policial\/\" class=\"advgb-post-tax-term\">Policial<\/a>"],"unlinked":["<span class=\"advgb-post-tax-term\">CARRO<\/span>","<span class=\"advgb-post-tax-term\">G1<\/span>","<span class=\"advgb-post-tax-term\">PISTA<\/span>","<span class=\"advgb-post-tax-term\">Policial<\/span>"]},"tags":{"linked":["<a href=\"https:\/\/sindaopcpb.org.br\/policial\/\" class=\"advgb-post-tax-term\">g1<\/a>"],"unlinked":["<span class=\"advgb-post-tax-term\">g1<\/span>"]}},"comment_count":"0","relative_dates":{"created":"Publicado 3 anos atr\u00e1s","modified":"Atualizado 3 anos atr\u00e1s"},"absolute_dates":{"created":"Publicado em 8 de abril de 2023","modified":"Atualizado em 8 de abril de 2023"},"absolute_dates_time":{"created":"Publicado em 8 de abril de 2023 08:27","modified":"Atualizado em 8 de abril de 2023 08:27"},"featured_img_caption":"","series_order":"","_links":{"self":[{"href":"https:\/\/sindaopcpb.org.br\/index.php\/wp-json\/wp\/v2\/posts\/11446","targetHints":{"allow":["GET"]}}],"collection":[{"href":"https:\/\/sindaopcpb.org.br\/index.php\/wp-json\/wp\/v2\/posts"}],"about":[{"href":"https:\/\/sindaopcpb.org.br\/index.php\/wp-json\/wp\/v2\/types\/post"}],"author":[{"embeddable":true,"href":"https:\/\/sindaopcpb.org.br\/index.php\/wp-json\/wp\/v2\/users\/38"}],"replies":[{"embeddable":true,"href":"https:\/\/sindaopcpb.org.br\/index.php\/wp-json\/wp\/v2\/comments?post=11446"}],"version-history":[{"count":1,"href":"https:\/\/sindaopcpb.org.br\/index.php\/wp-json\/wp\/v2\/posts\/11446\/revisions"}],"predecessor-version":[{"id":11447,"href":"https:\/\/sindaopcpb.org.br\/index.php\/wp-json\/wp\/v2\/posts\/11446\/revisions\/11447"}],"wp:attachment":[{"href":"https:\/\/sindaopcpb.org.br\/index.php\/wp-json\/wp\/v2\/media?parent=11446"}],"wp:term":[{"taxonomy":"category","embeddable":true,"href":"https:\/\/sindaopcpb.org.br\/index.php\/wp-json\/wp\/v2\/categories?post=11446"},{"taxonomy":"post_tag","embeddable":true,"href":"https:\/\/sindaopcpb.org.br\/index.php\/wp-json\/wp\/v2\/tags?post=11446"}],"curies":[{"name":"wp","href":"https:\/\/api.w.org\/{rel}","templated":true}]}}