{"id":11384,"date":"2023-04-02T14:56:32","date_gmt":"2023-04-02T17:56:32","guid":{"rendered":"https:\/\/g1.globo.com\/pb\/paraiba\/noticia\/2023\/04\/02\/corpo-de-jovem-desaparecida-e-encontrado-com-sinais-de-violencia-em-joao-pessoa.ghtml"},"modified":"2023-04-02T14:56:32","modified_gmt":"2023-04-02T17:56:32","slug":"corpo-de-jovem-desaparecida-e-encontrado-com-sinais-de-violencia-em-joao-pessoa","status":"publish","type":"post","link":"https:\/\/sindaopcpb.org.br\/index.php\/2023\/04\/02\/corpo-de-jovem-desaparecida-e-encontrado-com-sinais-de-violencia-em-joao-pessoa\/","title":{"rendered":"Corpo de jovem desaparecida \u00e9 encontrado com sinais de viol\u00eancia, em Jo\u00e3o Pessoa"},"content":{"rendered":"    V\u00edtima foi identificada como Rafaela Ingrid, de 18 anos. Segundo a Pol\u00edcia Militar, um suspeito foi preso e em seguida liberado. Caso segue em investiga\u00e7\u00e3o. O corpo de uma jovem de 18 anos, que estava desaparecida, foi encontrado neste domingo (2), em um matagal no Portal do Sol, em Jo\u00e3o Pessoa. Segundo a Pol\u00edcia Militar, o corpo estava com marcas de viol\u00eancia e em estado avan\u00e7ado de decomposi\u00e7\u00e3o. Um suspeito foi preso, ouvido e liberado.\nCompartilhe no WhatsApp\nCompartilhe no Telegram\nA v\u00edtima foi identificada como Rafaela Ingrid, de 18 anos. Ela estava desaparecida desde a \u00faltima quarta-feira (29), quando foi vista pela \u00faltima vez com um homem de 24 anos, que mora na mesma comunidade em que a v\u00edtima morava.\nDe acordo com a PM, na manh\u00e3 deste domingo (2) ciclistas que passavam pela regi\u00e3o onde o corpo foi encontrado sentiram o cheiro forte e acionaram a pol\u00edcia. Familiares de Rafaela, que tamb\u00e9m moram na mesma regi\u00e3o, reconheceram o corpo.\nLogo ap\u00f3s o corpo ser encontrado, o homem de 24 anos com quem a v\u00edtima foi vista pela \u00faltima vez foi detido. Populares da comunidade onde Rafaela e o suspeito moravam tentaram o linchar.\nA per\u00edcia realizada no local confirmou que a jovem foi morta de forma violenta. Ainda segundo a PM, a suspeita \u00e9 que o crime tenha acontecido na madrugada da \u00faltima quinta-feira por estrangulamento, j\u00e1 que havia uma sacola pl\u00e1stica no pesco\u00e7o da v\u00edtima.\nO suspeito de 24 anos, natural de Gurinh\u00e9m, foi detido e encaminhado para a Central de Flagrantes da Pol\u00edcia Civil, em Jo\u00e3o Pessoa. Ele prestou esclarecimentos mas, por falta de provas, foi liberado.\nOutros exames de per\u00edcia ser\u00e3o feitos para constatar se a jovem foi v\u00edtima de outros tipos de viol\u00eancia e atestar a autoria do crime. O caso segue em investiga\u00e7\u00e3o.\nV\u00eddeos mais assistidos do g1 Para\u00edba  ","protected":false},"excerpt":{"rendered":"<p>    V\u00edtima foi identificada como Rafaela Ingrid, de 18 anos. Segundo a Pol\u00edcia Militar, um suspeito foi preso e em seguida liberado. Caso segue em investiga\u00e7\u00e3o. O corpo de uma jovem de 18 anos, que estava desaparecida, foi encontrado neste domingo (2),&#8230;<\/p>\n","protected":false},"author":2,"featured_media":0,"comment_status":"closed","ping_status":"closed","sticky":false,"template":"","format":"standard","meta":{"advgb_blocks_editor_width":"","advgb_blocks_columns_visual_guide":"","footnotes":""},"categories":[34],"tags":[35],"class_list":["post-11384","post","type-post","status-publish","format-standard","hentry","category-g1","tag-g1"],"author_meta":{"display_name":"g1 &gt; Para\u00edba","author_link":"https:\/\/sindaopcpb.org.br\/author\/g1-paraiba\/"},"featured_img":null,"coauthors":[],"tax_additional":{"categories":{"linked":["<a href=\"https:\/\/sindaopcpb.org.br\/g1\/\" class=\"advgb-post-tax-term\">G1<\/a>"],"unlinked":["<span class=\"advgb-post-tax-term\">G1<\/span>"]},"tags":{"linked":["<a href=\"https:\/\/sindaopcpb.org.br\/g1\/\" class=\"advgb-post-tax-term\">g1<\/a>"],"unlinked":["<span class=\"advgb-post-tax-term\">g1<\/span>"]}},"comment_count":"0","relative_dates":{"created":"Publicado 3 anos atr\u00e1s","modified":"Atualizado 3 anos atr\u00e1s"},"absolute_dates":{"created":"Publicado em 2 de abril de 2023","modified":"Atualizado em 2 de abril de 2023"},"absolute_dates_time":{"created":"Publicado em 2 de abril de 2023 14:56","modified":"Atualizado em 2 de abril de 2023 14:56"},"featured_img_caption":"","series_order":"","_links":{"self":[{"href":"https:\/\/sindaopcpb.org.br\/index.php\/wp-json\/wp\/v2\/posts\/11384","targetHints":{"allow":["GET"]}}],"collection":[{"href":"https:\/\/sindaopcpb.org.br\/index.php\/wp-json\/wp\/v2\/posts"}],"about":[{"href":"https:\/\/sindaopcpb.org.br\/index.php\/wp-json\/wp\/v2\/types\/post"}],"author":[{"embeddable":true,"href":"https:\/\/sindaopcpb.org.br\/index.php\/wp-json\/wp\/v2\/users\/2"}],"replies":[{"embeddable":true,"href":"https:\/\/sindaopcpb.org.br\/index.php\/wp-json\/wp\/v2\/comments?post=11384"}],"version-history":[{"count":1,"href":"https:\/\/sindaopcpb.org.br\/index.php\/wp-json\/wp\/v2\/posts\/11384\/revisions"}],"predecessor-version":[{"id":11385,"href":"https:\/\/sindaopcpb.org.br\/index.php\/wp-json\/wp\/v2\/posts\/11384\/revisions\/11385"}],"wp:attachment":[{"href":"https:\/\/sindaopcpb.org.br\/index.php\/wp-json\/wp\/v2\/media?parent=11384"}],"wp:term":[{"taxonomy":"category","embeddable":true,"href":"https:\/\/sindaopcpb.org.br\/index.php\/wp-json\/wp\/v2\/categories?post=11384"},{"taxonomy":"post_tag","embeddable":true,"href":"https:\/\/sindaopcpb.org.br\/index.php\/wp-json\/wp\/v2\/tags?post=11384"}],"curies":[{"name":"wp","href":"https:\/\/api.w.org\/{rel}","templated":true}]}}