{"id":11346,"date":"2023-03-31T15:17:47","date_gmt":"2023-03-31T18:17:47","guid":{"rendered":"https:\/\/g1.globo.com\/pb\/paraiba\/noticia\/2023\/03\/31\/justica-mantem-suspensao-de-concurso-publico-em-bayeux-na-paraiba.ghtml"},"modified":"2023-03-31T15:17:47","modified_gmt":"2023-03-31T18:17:47","slug":"justica-mantem-suspensao-de-concurso-publico-em-bayeux-na-paraiba","status":"publish","type":"post","link":"https:\/\/sindaopcpb.org.br\/index.php\/2023\/03\/31\/justica-mantem-suspensao-de-concurso-publico-em-bayeux-na-paraiba\/","title":{"rendered":"Justi\u00e7a mant\u00e9m suspens\u00e3o de concurso p\u00fablico em Bayeux, na Para\u00edba"},"content":{"rendered":"   <img src=\"https:\/\/s2.glbimg.com\/cH95jnBCBpoLliFM7ZzwUHBE8Hw=\/i.s3.glbimg.com\/v1\/AUTH_59edd422c0c84a879bd37670ae4f538a\/internal_photos\/bs\/2018\/X\/z\/9fpmUhTKqZNr2hskbWOg\/vlcsnap-0625-10-18-10h33m51s430.png\" \/><br \/>     Decis\u00e3o do Tribunal de Contas do Estado (TCE-PB) manteve medida cautelar expedida anteriormente.  Prefeitura de Bayeux, PB\nReprodu\u00e7\u00e3o\/TV Cabo Branco\nO concurso p\u00fablico da prefeitura municipal de Bayeux, cidade na regi\u00e3o metropolitana de Jo\u00e3o Pessoa, continua suspenso ap\u00f3s decis\u00e3o da 1\u00aa C\u00e2mara do Tribunal de Contas do Estado (TCE-PB) nesta sexta-feira (31). A decis\u00e3o mant\u00e9m medida cautelar expedida anteriormente. \nO certame previa a contrata\u00e7\u00e3o do Instituto de Desenvolvimento Institucional Brasileiro (Idib) pela prefeitura de Bayeux para a organiza\u00e7\u00e3o, sem passar por processo licitat\u00f3rio, e foi suspenso inicialmente ap\u00f3s determina\u00e7\u00e3o de medida cautelar que foi expedida pelo conselheiro Nominando Diniz. \nO g1 entrou em contato com a empresa organizadora, mas n\u00e3o obteve retorno at\u00e9 o momento de publica\u00e7\u00e3o desta mat\u00e9ria. \nNa decis\u00e3o desta sexta, o relator Fernando Cat\u00e3o manteve a suspens\u00e3o do certame e foi acompanhado por unanimidade ap\u00f3s vota\u00e7\u00e3o no tribunal. Al\u00e9m disso, o TCE ainda pediu em seu voto o encaminhamento da mat\u00e9ria para a 4\u00aa promotoria de Justi\u00e7a de Bayeux.\nConcurso suspenso h\u00e1 2 anos\nEm 2021, tamb\u00e9m por decis\u00e3o do TCE-PB, o concurso da prefeitura de Bayeux foi suspenso ap\u00f3s um pedido de liminar do Minist\u00e9rio P\u00fablico da Para\u00edba (MPPB) que foi acatado pela Justi\u00e7a. \nO certame oferecia mais de 568 vagas, al\u00e9m de preenchimento no cadastro de reserva, para diversas \u00e1reas de atua\u00e7\u00e3o no munic\u00edpio.\n\u00c0 \u00e9poca, o Minist\u00e9rio P\u00fablico que j\u00e1 tinha tratativas com a prefeitura da cidade sobre a realiza\u00e7\u00e3o do concurso, soube atrav\u00e9s da imprensa da divulga\u00e7\u00e3o do edital e n\u00e3o localizou processo licitat\u00f3rio para a contrata\u00e7\u00e3o de uma empresa organizadora. \nAnteriormente, pelo mesmo motivo, o TCE-PB j\u00e1 havia solicitado esclarecimentos \u00e0 prefeitura, ap\u00f3s constatar esse tipo de irregularidade no processo licitat\u00f3rio.  \nAl\u00e9m disso, a decis\u00e3o que suspendeu o concurso em 2021 tamb\u00e9m deixou em aberto a possibilidade de realiza\u00e7\u00e3o ap\u00f3s uma s\u00e9rie de ajustes que deveriam respeitar os ditames legais, os princ\u00edpios de moralidade, impessoalidade, isonomia, transpar\u00eancia e razoabilidade. A empresa organizadora tamb\u00e9m foi obrigada a devolver aos cofres de Bayeux todo o dinheiro arrecadado no per\u00edodo, assim como o valor cobrado aos participantes. \nEm nota emitida na \u00e9poca, a prefeitura da cidade disse que tinha a inten\u00e7\u00e3o de continuar com o concurso e que se comprometia a solucionar os problemas apontados pelo TCE-PB. \nV\u00eddeos mais assistidos do g1 Para\u00edba  ","protected":false},"excerpt":{"rendered":"<p>        Decis\u00e3o do Tribunal de Contas do Estado (TCE-PB) manteve medida cautelar expedida anteriormente.  Prefeitura de Bayeux, PB<br \/>\nReprodu\u00e7\u00e3o\/TV Cabo Branco<br \/>\nO concurso p\u00fablico da prefeitura municipal de Bayeux, cidade na regi\u00e3o metropolitana de Jo\u00e3o Pe&#8230;<\/p>\n","protected":false},"author":2,"featured_media":0,"comment_status":"closed","ping_status":"closed","sticky":false,"template":"","format":"standard","meta":{"advgb_blocks_editor_width":"","advgb_blocks_columns_visual_guide":"","footnotes":""},"categories":[34],"tags":[35],"class_list":["post-11346","post","type-post","status-publish","format-standard","hentry","category-g1","tag-g1"],"author_meta":{"display_name":"g1 &gt; Para\u00edba","author_link":"https:\/\/sindaopcpb.org.br\/author\/g1-paraiba\/"},"featured_img":null,"coauthors":[],"tax_additional":{"categories":{"linked":["<a href=\"https:\/\/sindaopcpb.org.br\/g1\/\" class=\"advgb-post-tax-term\">G1<\/a>"],"unlinked":["<span class=\"advgb-post-tax-term\">G1<\/span>"]},"tags":{"linked":["<a href=\"https:\/\/sindaopcpb.org.br\/g1\/\" class=\"advgb-post-tax-term\">g1<\/a>"],"unlinked":["<span class=\"advgb-post-tax-term\">g1<\/span>"]}},"comment_count":"0","relative_dates":{"created":"Publicado 3 anos atr\u00e1s","modified":"Atualizado 3 anos atr\u00e1s"},"absolute_dates":{"created":"Publicado em 31 de mar\u00e7o de 2023","modified":"Atualizado em 31 de mar\u00e7o de 2023"},"absolute_dates_time":{"created":"Publicado em 31 de mar\u00e7o de 2023 15:17","modified":"Atualizado em 31 de mar\u00e7o de 2023 15:17"},"featured_img_caption":"","series_order":"","_links":{"self":[{"href":"https:\/\/sindaopcpb.org.br\/index.php\/wp-json\/wp\/v2\/posts\/11346","targetHints":{"allow":["GET"]}}],"collection":[{"href":"https:\/\/sindaopcpb.org.br\/index.php\/wp-json\/wp\/v2\/posts"}],"about":[{"href":"https:\/\/sindaopcpb.org.br\/index.php\/wp-json\/wp\/v2\/types\/post"}],"author":[{"embeddable":true,"href":"https:\/\/sindaopcpb.org.br\/index.php\/wp-json\/wp\/v2\/users\/2"}],"replies":[{"embeddable":true,"href":"https:\/\/sindaopcpb.org.br\/index.php\/wp-json\/wp\/v2\/comments?post=11346"}],"version-history":[{"count":2,"href":"https:\/\/sindaopcpb.org.br\/index.php\/wp-json\/wp\/v2\/posts\/11346\/revisions"}],"predecessor-version":[{"id":11353,"href":"https:\/\/sindaopcpb.org.br\/index.php\/wp-json\/wp\/v2\/posts\/11346\/revisions\/11353"}],"wp:attachment":[{"href":"https:\/\/sindaopcpb.org.br\/index.php\/wp-json\/wp\/v2\/media?parent=11346"}],"wp:term":[{"taxonomy":"category","embeddable":true,"href":"https:\/\/sindaopcpb.org.br\/index.php\/wp-json\/wp\/v2\/categories?post=11346"},{"taxonomy":"post_tag","embeddable":true,"href":"https:\/\/sindaopcpb.org.br\/index.php\/wp-json\/wp\/v2\/tags?post=11346"}],"curies":[{"name":"wp","href":"https:\/\/api.w.org\/{rel}","templated":true}]}}