{"id":11314,"date":"2023-03-30T17:16:24","date_gmt":"2023-03-30T20:16:24","guid":{"rendered":"https:\/\/g1.globo.com\/pb\/paraiba\/noticia\/2023\/03\/30\/saiba-onde-se-vacinar-contra-a-covid-19-em-joao-pessoa-nesta-sexta-feira-31.ghtml"},"modified":"2023-03-30T17:16:24","modified_gmt":"2023-03-30T20:16:24","slug":"saiba-onde-se-vacinar-contra-a-covid-19-em-joao-pessoa-nesta-sexta-feira-31","status":"publish","type":"post","link":"https:\/\/sindaopcpb.org.br\/index.php\/2023\/03\/30\/saiba-onde-se-vacinar-contra-a-covid-19-em-joao-pessoa-nesta-sexta-feira-31\/","title":{"rendered":"Saiba onde se vacinar contra a Covid-19 em Jo\u00e3o Pessoa nesta sexta-feira (31)"},"content":{"rendered":"   <img src=\"https:\/\/s2.glbimg.com\/djRwfDlWZsh-Rm03_DTMR4H6Yiw=\/i.s3.glbimg.com\/v1\/AUTH_59edd422c0c84a879bd37670ae4f538a\/internal_photos\/bs\/2020\/4\/C\/GoAf6wTN6XdBUgcldRQg\/whatsapp-image-2020-03-28-at-11.01.41.jpeg\" \/><br \/>     Imunizantes est\u00e3o dispon\u00edveis nas USFs, Centro de Imuniza\u00e7\u00e3o, policl\u00ednicas municipais e pontos m\u00f3veis que funcionam entre 8h e 22h. Vacina Jo\u00e3o Pessoa\nDivulga\u00e7\u00e3o\/Secom-JP\nO munic\u00edpio de Jo\u00e3o Pessoa continua com a campanha de vacina\u00e7\u00e3o contra a Covid-19 para todos os p\u00fablicos a partir dos seis meses, nesta sexta-feira (31). Os imunizantes est\u00e3o dispon\u00edveis nas unidades de sa\u00fade da fam\u00edlia (USFs), Centro de Imuniza\u00e7\u00e3o, policl\u00ednicas municipais e pontos m\u00f3veis que funcionam entre 8h e 22h.\nA vacina bivalente segue sendo ofertada apenas para os grupos priorit\u00e1rios: pessoas imunocomprometidas e pessoas com defici\u00eancia permanente acima de 12 anos, idosos acima de 60 anos de idade, gestantes, pu\u00e9rperas (mulheres at\u00e9 45 dias ap\u00f3s o parto), comunidades quilombolas e trabalhadores da sa\u00fade.\nVacina\u00e7\u00e3o domiciliar\nPara os idosos 60+ acamados, restritos aos leitos assistidos pela Aten\u00e7\u00e3o B\u00e1sica ou do Servi\u00e7o de Aten\u00e7\u00e3o Domiciliar (SAD) da Prefeitura de Jo\u00e3o Pessoa, podem realizar o agendamento pelo Disque Vacina pelo (83) 98645-7727, de segunda a sexta-feira, para serem imunizados em casa.\nDocumenta\u00e7\u00e3o\nNo momento da vacina\u00e7\u00e3o, \u00e9 necess\u00e1rio apresentar um documento oficial e cart\u00e3o de vacina que comprovem outras doses dos imunizantes que previne contra Covid-19 e Cart\u00e3o do SUS. No caso de pessoas imunocomprometidas, h\u00e1 a necessidade de apresenta\u00e7\u00e3o do laudo ou declara\u00e7\u00e3o m\u00e9dica.\nJ\u00e1 os trabalhadores de sa\u00fade precisam apresentar c\u00f3pia de documento que comprove v\u00ednculo ativo como trabalhador de sa\u00fade, que ficar\u00e1 retido no local. S\u00e3o eles: carteira do conselho profissional ou contracheque. No caso de estudantes que estagiam em servi\u00e7o de sa\u00fade, devem apresentar declara\u00e7\u00e3o da institui\u00e7\u00e3o de ensino e do servi\u00e7o onde atuam.\nLocais para vacina\u00e7\u00e3o em Jo\u00e3o Pessoa nesta sexta-feira (31):\nCrian\u00e7as a partir dos seis meses a 2 anos (sem agendamento)\n1\u00aa dose: Pfizer-BioNTech baby\n2\u00aa dose: Pfizer-BioNTech baby (28 dias)\nSalas de vacinas nas USFs \u2013 7h \u00e0s 11h e das 12h \u00e0s 16h (Exceto as USFs de Ilha do Bispo, Alto do C\u00e9u II, Mandacaru VIII, Jardim Planalto, Rosa de F\u00e1tima, Cruz das Armas IV, Jardim Sa\u00fade e Vieira Diniz)\nPolicl\u00ednicas Municipais \u2013 8h \u00e0s 16h\nCentro Municipal de Imuniza\u00e7\u00e3o \u2013 8h \u00e0s 16h\nMangabeira Shopping \u2013 13h \u00e0s 22h \u2013 (apenas acesso pedestre)\nCrian\u00e7as de 3 e 4 anos (sem agendamento)\n1\u00aa dose: Pfizer-BioNTech baby\n2\u00aa dose: Pfizer-BioNTech baby (28 dias)\n3\u00aa dose: Pfizer-BioNTech baby (60 dias)\nSalas de vacinas nas USFs \u2013 7h \u00e0s 11h e das 12h \u00e0s 16h (Exceto as USFs de Ilha do Bispo, Alto do C\u00e9u II, Mandacaru VIII, Jardim Planalto, Rosa de F\u00e1tima, Cruz das Armas IV, Jardim Sa\u00fade e Vieira Diniz)\nPolicl\u00ednicas Municipais \u2013 8h \u00e0s 16h\nCentro Municipal de Imuniza\u00e7\u00e3o \u2013 8h \u00e0s 16h\nMangabeira Shopping \u2013 13h \u00e0s 22h \u2013 (apenas acesso pedestre)\nCrian\u00e7as a partir dos 5 a 11 anos (sem agendamento)\n1\u00aa dose: Pfizer pedi\u00e1trica\n2\u00aa dose: Pfizer pedi\u00e1trica (56 dias)\n3\u00aa dose: Pfizer pedi\u00e1trica (120 dias)\nSalas de vacinas nas USFs \u2013 7h \u00e0s 11h e das 12h \u00e0s 16h (Exceto as USFs de Ilha do Bispo, Alto do C\u00e9u II, Mandacaru VIII, Jardim Planalto, Rosa de F\u00e1tima, Cruz das Armas IV, Jardim Sa\u00fade e Vieira Diniz)\nPolicl\u00ednicas Municipais \u2013 8h \u00e0s 16h\nCentro Municipal de Imuniza\u00e7\u00e3o \u2013 8h \u00e0s 16h\nMangabeira Shopping \u2013 13h \u00e0s 22h \u2013 (apenas acesso pedestre)\nA partir de 12 anos (sem agendamento)\n1\u00aa dose: 12+\n2\u00aa dose: Janssen, Astrazeneca (60 dias) e Pfizer (60 dias)\n3\u00aa dose: 12+ (ap\u00f3s 120 dias da 2\u00aa dose); imunossuprimidos (ap\u00f3s 28 dias da 2\u00aa dose); e trabalhadores de sa\u00fade (ap\u00f3s 120 dias da 2\u00aa dose)\n4\u00aa dose: 30+ (ap\u00f3s 120 dias da 3\u00aa dose); trabalhadores de sa\u00fade (ap\u00f3s 120 dias da 2\u00aa dose); imunossuprimidos (ap\u00f3s 120 dias da 3\u00aa dose)\nSalas de vacinas nas USFs \u2013 7h \u00e0s 11h e das 12h \u00e0s 16h (Exceto as USFs de Ilha do Bispo, Alto do C\u00e9u II, Mandacaru VIII, Jardim Planalto, Rosa de F\u00e1tima, Cruz das Armas IV, Jardim Sa\u00fade e Vieira Diniz)\nCentro Municipal de Imuniza\u00e7\u00e3o \u2013 8h \u00e0s 16h\nMangabeira Shopping (pedestres e drive-thru) \u2013 13h \u00e0s 22h\nIdosos acima 60 anos, pessoas com defici\u00eancia e imunocomprometidas acima de 12 anos, gestantes e pu\u00e9rperas \u2013 at\u00e9 45 dias ap\u00f3s o parto e trabalhadores da sa\u00fade (sem agendamento)\n1\u00aa dose: Dose \u00fanica \u2013 Imunizante Pfizer Bivalente\nFerreira Costa \u2013 Aeroclube \u2013 8h \u00e0s 16h \u2013 pedestre\nMangabeira Shopping \u2013 13h \u00e0s 22h \u2013 drive e pedestre\nShopping Liv Mall \u2013 Jardim Oceania \u2013 10h \u00e0s 16h\nShopping Tambi\u00e1 \u2013 10h \u00e0s 16h\nPolicl\u00ednicas Municipais \u2013 8h \u00e0s 16h\nCentro Municipal de Imuniza\u00e7\u00e3o \u2013 8h \u00e0s 16h\nUnidades de Sa\u00fade da Fam\u00edlia \u2013 8h \u00e0s 11h e das 12h \u00e0s 16h\n\u2013 USF Integrada Cruz das Armas (Distrito Sanit\u00e1rio I)\n\u2013 USF Integrando Vidas (Distrito Sanit\u00e1rio II)\n\u2013 USF Ipiranga (Distrito Sanit\u00e1rio III)\n\u2013 USF Viver Bem (Distrito Sanit\u00e1rio IV)\n\u2013 USF Banc\u00e1rios Integrada (Distrito Sanit\u00e1rio V)\nUSF S\u00e3o Jos\u00e9 \u2013 16h \u00e0s 20h\nPara pessoas com defici\u00eancia a partir de 12 anos \u2013 das 8h \u00e0s 12h\nFunda\u00e7\u00e3o Centro Integrado de Apoio \u00e0 Pessoa com Defici\u00eancia (Funad)\nPara pessoas imunocomprometidas a partir de 12 anos \u2013 das 9h \u00e0s 16h\n31.03 \u2013 Unirim Servi\u00e7os de Nefrologia\n31.03 \u2013 Nefruza Servi\u00e7os Nefrol\u00f3gicos\nVacina\u00e7\u00e3o Domiciliar\nIdosos acima de 60 anos, com comorbidades e acamados\nAgendamento: (83) 98645-7727\nHor\u00e1rio: 8h \u00e0s 16h (de segunda a sexta-feira)\nV\u00eddeos mais assistidos do g1 Para\u00edba  ","protected":false},"excerpt":{"rendered":"<p>        Imunizantes est\u00e3o dispon\u00edveis nas USFs, Centro de Imuniza\u00e7\u00e3o, policl\u00ednicas municipais e pontos m\u00f3veis que funcionam entre 8h e 22h. Vacina Jo\u00e3o Pessoa<br \/>\nDivulga\u00e7\u00e3o\/Secom-JP<br \/>\nO munic\u00edpio de Jo\u00e3o Pessoa continua com a campanha de vacina\u00e7\u00e3o contra a &#8230;<\/p>\n","protected":false},"author":2,"featured_media":0,"comment_status":"closed","ping_status":"closed","sticky":false,"template":"","format":"standard","meta":{"advgb_blocks_editor_width":"","advgb_blocks_columns_visual_guide":"","footnotes":""},"categories":[34],"tags":[35],"class_list":["post-11314","post","type-post","status-publish","format-standard","hentry","category-g1","tag-g1"],"author_meta":{"display_name":"g1 &gt; Para\u00edba","author_link":"https:\/\/sindaopcpb.org.br\/author\/g1-paraiba\/"},"featured_img":null,"coauthors":[],"tax_additional":{"categories":{"linked":["<a href=\"https:\/\/sindaopcpb.org.br\/g1\/\" class=\"advgb-post-tax-term\">G1<\/a>"],"unlinked":["<span class=\"advgb-post-tax-term\">G1<\/span>"]},"tags":{"linked":["<a href=\"https:\/\/sindaopcpb.org.br\/g1\/\" class=\"advgb-post-tax-term\">g1<\/a>"],"unlinked":["<span class=\"advgb-post-tax-term\">g1<\/span>"]}},"comment_count":"0","relative_dates":{"created":"Publicado 3 anos atr\u00e1s","modified":"Atualizado 3 anos atr\u00e1s"},"absolute_dates":{"created":"Publicado em 30 de mar\u00e7o de 2023","modified":"Atualizado em 30 de mar\u00e7o de 2023"},"absolute_dates_time":{"created":"Publicado em 30 de mar\u00e7o de 2023 17:16","modified":"Atualizado em 30 de mar\u00e7o de 2023 17:16"},"featured_img_caption":"","series_order":"","_links":{"self":[{"href":"https:\/\/sindaopcpb.org.br\/index.php\/wp-json\/wp\/v2\/posts\/11314","targetHints":{"allow":["GET"]}}],"collection":[{"href":"https:\/\/sindaopcpb.org.br\/index.php\/wp-json\/wp\/v2\/posts"}],"about":[{"href":"https:\/\/sindaopcpb.org.br\/index.php\/wp-json\/wp\/v2\/types\/post"}],"author":[{"embeddable":true,"href":"https:\/\/sindaopcpb.org.br\/index.php\/wp-json\/wp\/v2\/users\/2"}],"replies":[{"embeddable":true,"href":"https:\/\/sindaopcpb.org.br\/index.php\/wp-json\/wp\/v2\/comments?post=11314"}],"version-history":[{"count":1,"href":"https:\/\/sindaopcpb.org.br\/index.php\/wp-json\/wp\/v2\/posts\/11314\/revisions"}],"predecessor-version":[{"id":11315,"href":"https:\/\/sindaopcpb.org.br\/index.php\/wp-json\/wp\/v2\/posts\/11314\/revisions\/11315"}],"wp:attachment":[{"href":"https:\/\/sindaopcpb.org.br\/index.php\/wp-json\/wp\/v2\/media?parent=11314"}],"wp:term":[{"taxonomy":"category","embeddable":true,"href":"https:\/\/sindaopcpb.org.br\/index.php\/wp-json\/wp\/v2\/categories?post=11314"},{"taxonomy":"post_tag","embeddable":true,"href":"https:\/\/sindaopcpb.org.br\/index.php\/wp-json\/wp\/v2\/tags?post=11314"}],"curies":[{"name":"wp","href":"https:\/\/api.w.org\/{rel}","templated":true}]}}