{"id":11278,"date":"2023-03-30T06:22:49","date_gmt":"2023-03-30T09:22:49","guid":{"rendered":"https:\/\/g1.globo.com\/pb\/paraiba\/noticia\/2023\/03\/30\/inscricoes-em-mais-de-500-vagas-remanescentes-do-sisu-na-ufcg-terminam-nesta-quinta.ghtml"},"modified":"2023-03-30T06:22:49","modified_gmt":"2023-03-30T09:22:49","slug":"inscricoes-em-mais-de-500-vagas-remanescentes-do-sisu-na-ufcg-terminam-nesta-quinta","status":"publish","type":"post","link":"https:\/\/sindaopcpb.org.br\/index.php\/2023\/03\/30\/inscricoes-em-mais-de-500-vagas-remanescentes-do-sisu-na-ufcg-terminam-nesta-quinta\/","title":{"rendered":"Inscri\u00e7\u00f5es em mais de 500 vagas remanescentes do Sisu na UFCG terminam nesta quinta"},"content":{"rendered":"   <img src=\"https:\/\/s2.glbimg.com\/QqTXsh37PdlGb1veLyGbr_nf58M=\/i.s3.glbimg.com\/v1\/AUTH_59edd422c0c84a879bd37670ae4f538a\/internal_photos\/bs\/2018\/N\/B\/elV4YdT1eNWzJ3MBehYw\/ufcg.jpg\" \/><br \/>     Podem se inscrever candidatos que participaram da edi\u00e7\u00e3o do Enem a partir de 2019. Universidade Federal de Campina Grande\nMarinilson Braga\/UFCG\nTerminam nesta quinta-feira (30) as inscri\u00e7\u00f5es em 536 vagas remanescentes do Sistema de Sele\u00e7\u00e3o Unificada (Sisu) 2022.2, oferecidas pela Universidade Federal de Campina Grande (UFCG). Os interessados podem se inscrever no site da institui\u00e7\u00e3o.\nCompartilhe esta not\u00edcia pelo Whatsapp\nCompartilhe esta not\u00edcia pelo Telegram\nH\u00e1 oportunidades para cursos de gradua\u00e7\u00e3o nos campi de Campina Grande, Cajazeiras, Cuit\u00e9, Patos e Pombal.\nPodem participar candidatos inscritos na edi\u00e7\u00e3o do Exame Nacional do Ensino M\u00e9dio (Enem) a partir de 2019 com pontua\u00e7\u00e3o igual ou maior a 400 e que n\u00e3o tenham zerado a prova de reda\u00e7\u00e3o.\nO in\u00edcio das aulas \u00e9 imediato, j\u00e1 que o per\u00edodo letivo 2022.2 come\u00e7ou no \u00faltimo dia 13 de mar\u00e7o.\nP\u00e1gina de inscri\u00e7\u00f5es\nEdital da sele\u00e7\u00e3o\nNo dia 3 de abril, ser\u00e1 publicada no site da Comiss\u00e3o de Processos Vestibulares (Comprov) uma chamada \u00fanica com os nomes dos candidatos classificados.\nOs convocados dever\u00e3o encaminhar a documenta\u00e7\u00e3o para cadastramento a partir do dia 3 de abril at\u00e9 12h do dia 4 de abril via formul\u00e1rio eletr\u00f4nico. Tamb\u00e9m nos dias 3 e 4, as coordena\u00e7\u00f5es de curso analisar\u00e3o a documenta\u00e7\u00e3o enviada pelos candidatos e efetuar\u00e3o o cadastramento e matr\u00edcula em disciplinas.\nNo caso de documenta\u00e7\u00e3o irregular, a coordena\u00e7\u00e3o do curso informar\u00e1 ao candidato, via e-mail, para que ele possa regularizar a situa\u00e7\u00e3o.\nSe o candidato n\u00e3o fizer o cadastramento, perder\u00e1 o direito \u00e0 vaga.\nV\u00eddeos mais assistidos do g1 Para\u00edba  ","protected":false},"excerpt":{"rendered":"<p>        Podem se inscrever candidatos que participaram da edi\u00e7\u00e3o do Enem a partir de 2019. Universidade Federal de Campina Grande<br \/>\nMarinilson Braga\/UFCG<br \/>\nTerminam nesta quinta-feira (30) as inscri\u00e7\u00f5es em 536 vagas remanescentes do Sistema de Sele\u00e7\u00e3o Unif&#8230;<\/p>\n","protected":false},"author":2,"featured_media":0,"comment_status":"closed","ping_status":"closed","sticky":false,"template":"","format":"standard","meta":{"advgb_blocks_editor_width":"","advgb_blocks_columns_visual_guide":"","footnotes":""},"categories":[34],"tags":[35],"class_list":["post-11278","post","type-post","status-publish","format-standard","hentry","category-g1","tag-g1"],"author_meta":{"display_name":"g1 &gt; Para\u00edba","author_link":"https:\/\/sindaopcpb.org.br\/author\/g1-paraiba\/"},"featured_img":null,"coauthors":[],"tax_additional":{"categories":{"linked":["<a href=\"https:\/\/sindaopcpb.org.br\/g1\/\" class=\"advgb-post-tax-term\">G1<\/a>"],"unlinked":["<span class=\"advgb-post-tax-term\">G1<\/span>"]},"tags":{"linked":["<a href=\"https:\/\/sindaopcpb.org.br\/g1\/\" class=\"advgb-post-tax-term\">g1<\/a>"],"unlinked":["<span class=\"advgb-post-tax-term\">g1<\/span>"]}},"comment_count":"0","relative_dates":{"created":"Publicado 3 anos atr\u00e1s","modified":"Atualizado 3 anos atr\u00e1s"},"absolute_dates":{"created":"Publicado em 30 de mar\u00e7o de 2023","modified":"Atualizado em 30 de mar\u00e7o de 2023"},"absolute_dates_time":{"created":"Publicado em 30 de mar\u00e7o de 2023 06:22","modified":"Atualizado em 30 de mar\u00e7o de 2023 06:22"},"featured_img_caption":"","series_order":"","_links":{"self":[{"href":"https:\/\/sindaopcpb.org.br\/index.php\/wp-json\/wp\/v2\/posts\/11278","targetHints":{"allow":["GET"]}}],"collection":[{"href":"https:\/\/sindaopcpb.org.br\/index.php\/wp-json\/wp\/v2\/posts"}],"about":[{"href":"https:\/\/sindaopcpb.org.br\/index.php\/wp-json\/wp\/v2\/types\/post"}],"author":[{"embeddable":true,"href":"https:\/\/sindaopcpb.org.br\/index.php\/wp-json\/wp\/v2\/users\/2"}],"replies":[{"embeddable":true,"href":"https:\/\/sindaopcpb.org.br\/index.php\/wp-json\/wp\/v2\/comments?post=11278"}],"version-history":[{"count":1,"href":"https:\/\/sindaopcpb.org.br\/index.php\/wp-json\/wp\/v2\/posts\/11278\/revisions"}],"predecessor-version":[{"id":11279,"href":"https:\/\/sindaopcpb.org.br\/index.php\/wp-json\/wp\/v2\/posts\/11278\/revisions\/11279"}],"wp:attachment":[{"href":"https:\/\/sindaopcpb.org.br\/index.php\/wp-json\/wp\/v2\/media?parent=11278"}],"wp:term":[{"taxonomy":"category","embeddable":true,"href":"https:\/\/sindaopcpb.org.br\/index.php\/wp-json\/wp\/v2\/categories?post=11278"},{"taxonomy":"post_tag","embeddable":true,"href":"https:\/\/sindaopcpb.org.br\/index.php\/wp-json\/wp\/v2\/tags?post=11278"}],"curies":[{"name":"wp","href":"https:\/\/api.w.org\/{rel}","templated":true}]}}