{"id":11212,"date":"2023-03-28T11:07:58","date_gmt":"2023-03-28T14:07:58","guid":{"rendered":"https:\/\/g1.globo.com\/pb\/paraiba\/noticia\/2023\/03\/28\/arquidiocese-da-paraiba-divulga-programacao-da-semana-santa-confira.ghtml"},"modified":"2023-03-28T11:07:58","modified_gmt":"2023-03-28T14:07:58","slug":"arquidiocese-da-paraiba-divulga-programacao-da-semana-santa-confira","status":"publish","type":"post","link":"https:\/\/sindaopcpb.org.br\/index.php\/2023\/03\/28\/arquidiocese-da-paraiba-divulga-programacao-da-semana-santa-confira\/","title":{"rendered":"Arquidiocese da Para\u00edba divulga programa\u00e7\u00e3o da Semana Santa; confira"},"content":{"rendered":"   <img src=\"https:\/\/s2.glbimg.com\/euUbQB5HGlTAhKxGT3OtWDtjhKU=\/i.s3.glbimg.com\/v1\/AUTH_59edd422c0c84a879bd37670ae4f538a\/internal_photos\/bs\/2019\/L\/i\/UiYfMsQAWDWRm0NDWWug\/catedral-basilica-de-nossa-senhora-das-neves-em-joao-pessoa.jpg\" \/><br \/>     Programa\u00e7\u00e3o da Semana Santa na Catedral Bas\u00edlica de Nossa Senhora das Neves acontece de 31 de mar\u00e7o a 9 de abril.  Catedral Bas\u00edlica de Nossa Senhora das Neves, em Jo\u00e3o Pessoa\nTV Cabo Branco\/Reprodu\u00e7\u00e3o\nA Arquidiocese da Para\u00edba divulgou nesta ter\u00e7a-feira (28) a programa\u00e7\u00e3o completa da Catedral Bas\u00edlica de Nossa Senhora das Neves, em Jo\u00e3o Pessoa, para a Semana Santa. A data marca o fim da quaresma para os cat\u00f3licos e a morte e ressurrei\u00e7\u00e3o de Jesus Cristo.\nLEIA TAMB\u00c9M:\nPara\u00edba ter\u00e1 ponto facultativo na quinta-feira da Semana Santa\nA programa\u00e7\u00e3o da Semana Santa na Catedral Bas\u00edlica de Nossa Senhora das Neves acontece de 31 de mar\u00e7o a 9 de abril deste ano. Entre as atividades, est\u00e3o missas, prociss\u00f5es e mutir\u00e3o de confiss\u00f5es.\nOs fi\u00e9is poder\u00e3o acompanhar as celebra\u00e7\u00f5es presencialmente. O arcebispo da Para\u00edba, Dom Frei Manoel Delson, est\u00e1 \u00e0 frente de algumas atividades religiosas.\nPrograma\u00e7\u00e3o Semana Santa na Catedral Bas\u00edlica de Nossa Senhora das Neves\n31\/03 \u2013 Sexta feira\nIgreja da Miseric\u00f3rdia\n15h: Missa Votiva Seguida da Prociss\u00e3o do Encontro (Dom Delson)\n01\/04 \u2013 S\u00e1bado\nCatedral Bas\u00edlica\n18h: Celebra\u00e7\u00e3o Penitencial\n02\/04 \u2013 Domingo Ramos\nCatedral Bas\u00edlica\n6h: Missa de Ramos \n9h: Missa de Ramos (Dom Delson)\nMosteiro de S\u00e3o Bento\n17h: Missa de Ramos \n18h30 Missa de Ramos \n04\/04 e 05\/04 \u2013 Ter\u00e7a e quarta-feira\nCatedral Bas\u00edlica\nDe 15h \u00e0s 18h e de 19h \u00e0s 22h: Mutir\u00e3o de Confiss\u00f5es \n*Ser\u00e3o entregues fichas at\u00e9 \u00e0s 20h\n06\/04 \u2013 Quinta-feira\nCatedral Bas\u00edlica\n9h: Missa dos Santos \u00d3leos (Dom Delson)\n17h: Missa do Lava-p\u00e9s (Dom Delson)\nAdora\u00e7\u00e3o at\u00e9 \u00e0s 21h Seguida da Prociss\u00e3o do Sil\u00eancio (da Bas\u00edlica para a Igreja do Carmo)\n07\/04 - Sexta-feira\n15h: Paix\u00e3o do Senhor. Prociss\u00e3o do Senhor Morto (Dom Delson)\n08\/04 \u2013 S\u00e1bado\nCatedral Bas\u00edlica\n18h Vig\u00edlia Pascal (Dom Delson)\n09\/04 \u2013 Domingo de P\u00e1scoa\nCatedral Bas\u00edlica\n6h (9h. Dom Delson) e 17h\nMosteiro de S\u00e3o Bento\n18h30\nV\u00eddeos mais assistidos do g1 Para\u00edba  ","protected":false},"excerpt":{"rendered":"<p>        Programa\u00e7\u00e3o da Semana Santa na Catedral Bas\u00edlica de Nossa Senhora das Neves acontece de 31 de mar\u00e7o a 9 de abril.  Catedral Bas\u00edlica de Nossa Senhora das Neves, em Jo\u00e3o Pessoa<br \/>\nTV Cabo Branco\/Reprodu\u00e7\u00e3o<br \/>\nA Arquidiocese da Para\u00edba divulgou nesta t&#8230;<\/p>\n","protected":false},"author":2,"featured_media":0,"comment_status":"closed","ping_status":"closed","sticky":false,"template":"","format":"standard","meta":{"advgb_blocks_editor_width":"","advgb_blocks_columns_visual_guide":"","footnotes":""},"categories":[34],"tags":[35],"class_list":["post-11212","post","type-post","status-publish","format-standard","hentry","category-g1","tag-g1"],"author_meta":{"display_name":"g1 &gt; Para\u00edba","author_link":"https:\/\/sindaopcpb.org.br\/author\/g1-paraiba\/"},"featured_img":null,"coauthors":[],"tax_additional":{"categories":{"linked":["<a href=\"https:\/\/sindaopcpb.org.br\/g1\/\" class=\"advgb-post-tax-term\">G1<\/a>"],"unlinked":["<span class=\"advgb-post-tax-term\">G1<\/span>"]},"tags":{"linked":["<a href=\"https:\/\/sindaopcpb.org.br\/g1\/\" class=\"advgb-post-tax-term\">g1<\/a>"],"unlinked":["<span class=\"advgb-post-tax-term\">g1<\/span>"]}},"comment_count":"0","relative_dates":{"created":"Publicado 3 anos atr\u00e1s","modified":"Atualizado 3 anos atr\u00e1s"},"absolute_dates":{"created":"Publicado em 28 de mar\u00e7o de 2023","modified":"Atualizado em 28 de mar\u00e7o de 2023"},"absolute_dates_time":{"created":"Publicado em 28 de mar\u00e7o de 2023 11:07","modified":"Atualizado em 28 de mar\u00e7o de 2023 11:07"},"featured_img_caption":"","series_order":"","_links":{"self":[{"href":"https:\/\/sindaopcpb.org.br\/index.php\/wp-json\/wp\/v2\/posts\/11212","targetHints":{"allow":["GET"]}}],"collection":[{"href":"https:\/\/sindaopcpb.org.br\/index.php\/wp-json\/wp\/v2\/posts"}],"about":[{"href":"https:\/\/sindaopcpb.org.br\/index.php\/wp-json\/wp\/v2\/types\/post"}],"author":[{"embeddable":true,"href":"https:\/\/sindaopcpb.org.br\/index.php\/wp-json\/wp\/v2\/users\/2"}],"replies":[{"embeddable":true,"href":"https:\/\/sindaopcpb.org.br\/index.php\/wp-json\/wp\/v2\/comments?post=11212"}],"version-history":[{"count":1,"href":"https:\/\/sindaopcpb.org.br\/index.php\/wp-json\/wp\/v2\/posts\/11212\/revisions"}],"predecessor-version":[{"id":11213,"href":"https:\/\/sindaopcpb.org.br\/index.php\/wp-json\/wp\/v2\/posts\/11212\/revisions\/11213"}],"wp:attachment":[{"href":"https:\/\/sindaopcpb.org.br\/index.php\/wp-json\/wp\/v2\/media?parent=11212"}],"wp:term":[{"taxonomy":"category","embeddable":true,"href":"https:\/\/sindaopcpb.org.br\/index.php\/wp-json\/wp\/v2\/categories?post=11212"},{"taxonomy":"post_tag","embeddable":true,"href":"https:\/\/sindaopcpb.org.br\/index.php\/wp-json\/wp\/v2\/tags?post=11212"}],"curies":[{"name":"wp","href":"https:\/\/api.w.org\/{rel}","templated":true}]}}