{"id":11207,"date":"2023-03-28T10:11:41","date_gmt":"2023-03-28T13:11:41","guid":{"rendered":"https:\/\/g1.globo.com\/pb\/paraiba\/noticia\/2023\/03\/28\/impacto-socioambiental-de-usinas-eolicas-e-solares-na-paraiba-e-apurado-pelo-mpf-dpu-e-dpe.ghtml"},"modified":"2023-03-28T10:11:41","modified_gmt":"2023-03-28T13:11:41","slug":"impacto-socioambiental-de-usinas-eolicas-e-solares-na-paraiba-e-apurado-pelo-mpf-dpu-e-dpe","status":"publish","type":"post","link":"https:\/\/sindaopcpb.org.br\/index.php\/2023\/03\/28\/impacto-socioambiental-de-usinas-eolicas-e-solares-na-paraiba-e-apurado-pelo-mpf-dpu-e-dpe\/","title":{"rendered":"Impacto socioambiental de usinas e\u00f3licas e solares na Para\u00edba \u00e9 apurado pelo MPF, DPU e DPE"},"content":{"rendered":"   <img src=\"https:\/\/s2.glbimg.com\/8kiX1Ne0io0n26KuquCsGCDFu3s=\/i.s3.glbimg.com\/v1\/AUTH_59edd422c0c84a879bd37670ae4f538a\/internal_photos\/bs\/2023\/J\/r\/6GWxOWRvW8oaiXnOMuHQ\/complexo-eolico-paraiba.jpg\" \/><br \/>     Dentre os problemas identificados at\u00e9 o momento, est\u00e3o falta de transpar\u00eancia contratual, danos ambientais expressivos e \u00e0 sa\u00fade das popula\u00e7\u00f5es atingidas.  Complexo e\u00f3lico na Para\u00edba na regi\u00e3o de Santa Luzia\nDivulga\u00e7\u00e3o\/Neoenergia \nO Minist\u00e9rio P\u00fablico Federal (MPF) na Para\u00edba, a Defensoria P\u00fablica da Uni\u00e3o (DPU) e a Defensoria P\u00fablica do Estado da Para\u00edba (DPE\/PB) est\u00e3o apurando o impacto socioambiental das usinas e\u00f3licas e solares constru\u00eddas em \u00e1reas de comunidades tradicionais, assentamentos da reforma agr\u00e1ria e territ\u00f3rios quilombolas no estado. A informa\u00e7\u00e3o foi divulgada nesta segunda-feira (27), mas uma reuni\u00e3o foi realizada no dia 20 de mar\u00e7o. \nNa reuni\u00e3o, al\u00e9m do MPF, DPU e DPE, estiveram presentes representantes do Centro de A\u00e7\u00e3o Cultural (Centrac), que atua com agricultores familiares; da Coordena\u00e7\u00e3o Estadual das Comunidades Negras e Quilombolas da Para\u00edba (Cecneq-PB), Associa\u00e7\u00e3o de Apoio aos Assentamentos e Comunidades Afrodescendentes da Para\u00edba (Aacade-PB), Comiss\u00e3o Pastoral da Terra (CPT), e do mandato do deputado estadual Chi\u00f3.\nSegundo o MPF, dentre os problemas identificados at\u00e9 o momento est\u00e3o a aus\u00eancia de transpar\u00eancia contratual e de acesso \u00e0 informa\u00e7\u00e3o pelas popula\u00e7\u00f5es atingidas; danos ambientais expressivos e burla \u00e0 fiscaliza\u00e7\u00e3o ambiental adequada; danos \u00e0 sa\u00fade das popula\u00e7\u00f5es; e dano ao patrim\u00f4nio hist\u00f3rico e arquitet\u00f4nico.\nConforme apurado at\u00e9 o momento, os impactos causados \u00e0 parcela da popula\u00e7\u00e3o rural em cujas terras s\u00e3o instaladas as usinas de energias renov\u00e1veis come\u00e7am na forma individual como cada pequeno propriet\u00e1rio \u00e9 abordado, a fim de ser convencido a vender ou arrendar a propriedade rural onde ser\u00e1 constru\u00edda a estrutura da usina. Conforme divulgou o MPF, a negocia\u00e7\u00e3o ocorre de forma pouco transparente, uma vez que os contratos de arrendamento das terras s\u00e3o firmados e mantidos sob sigilo, impossibilitando a verifica\u00e7\u00e3o das cl\u00e1usulas e valores.\nAl\u00e9m disso, como os contratos s\u00e3o feitos por longos per\u00edodos (20 anos ou mais) e s\u00e3o renov\u00e1veis automaticamente, os arrendamentos acabam se tornando, na realidade, uma forma de apropria\u00e7\u00e3o das propriedades rurais pelas empresas. \nRisco de \u00eaxodo rural e desertifica\u00e7\u00e3o \nSegundo a defensora p\u00fablica estadual Fernanda Peres, um dos grandes preju\u00edzos causados pelas usinas de energias renov\u00e1veis \u00e9 com rela\u00e7\u00e3o aos descendentes dos agricultores familiares, das comunidades tradicionais e dos quilombolas, por ser o trabalho deles uma tradi\u00e7\u00e3o que passa de gera\u00e7\u00e3o a gera\u00e7\u00e3o. \n\u201cCom a instala\u00e7\u00e3o das torres, os filhos n\u00e3o ter\u00e3o mais como desenvolver as atividades exercidas h\u00e1 anos pelos pais e av\u00f3s, o que provocar\u00e1 inevit\u00e1vel \u00eaxodo e desemprego dessas pessoas no futuro, porque perder\u00e3o o meio tradicional de trabalho\u201d, prev\u00ea Peres.\nEla ainda pondera quanto \u00e0s mudan\u00e7as ambientais: \u201ctemos que nos atentar que \u00e9 uma regi\u00e3o sens\u00edvel e n\u00e3o houve nenhum estudo acerca dos impactos ambientais. Por ser uma regi\u00e3o de vegeta\u00e7\u00e3o mais sens\u00edvel, h\u00e1 risco, inclusive, de desertifica\u00e7\u00e3o, como j\u00e1 ocorreu em outros locais\u201d, alerta a defensora.\nV\u00eddeos mais assistidos do g1 Para\u00edba  ","protected":false},"excerpt":{"rendered":"<p>        Dentre os problemas identificados at\u00e9 o momento, est\u00e3o falta de transpar\u00eancia contratual, danos ambientais expressivos e \u00e0 sa\u00fade das popula\u00e7\u00f5es atingidas.  Complexo e\u00f3lico na Para\u00edba na regi\u00e3o de Santa Luzia<br \/>\nDivulga\u00e7\u00e3o\/Neoenergia<br \/>\nO Minist\u00e9rio &#8230;<\/p>\n","protected":false},"author":2,"featured_media":0,"comment_status":"closed","ping_status":"closed","sticky":false,"template":"","format":"standard","meta":{"advgb_blocks_editor_width":"","advgb_blocks_columns_visual_guide":"","footnotes":""},"categories":[34],"tags":[35],"class_list":["post-11207","post","type-post","status-publish","format-standard","hentry","category-g1","tag-g1"],"author_meta":{"display_name":"g1 &gt; Para\u00edba","author_link":"https:\/\/sindaopcpb.org.br\/author\/g1-paraiba\/"},"featured_img":null,"coauthors":[],"tax_additional":{"categories":{"linked":["<a href=\"https:\/\/sindaopcpb.org.br\/g1\/\" class=\"advgb-post-tax-term\">G1<\/a>"],"unlinked":["<span class=\"advgb-post-tax-term\">G1<\/span>"]},"tags":{"linked":["<a href=\"https:\/\/sindaopcpb.org.br\/g1\/\" class=\"advgb-post-tax-term\">g1<\/a>"],"unlinked":["<span class=\"advgb-post-tax-term\">g1<\/span>"]}},"comment_count":"0","relative_dates":{"created":"Publicado 3 anos atr\u00e1s","modified":"Atualizado 3 anos atr\u00e1s"},"absolute_dates":{"created":"Publicado em 28 de mar\u00e7o de 2023","modified":"Atualizado em 28 de mar\u00e7o de 2023"},"absolute_dates_time":{"created":"Publicado em 28 de mar\u00e7o de 2023 10:11","modified":"Atualizado em 28 de mar\u00e7o de 2023 10:11"},"featured_img_caption":"","series_order":"","_links":{"self":[{"href":"https:\/\/sindaopcpb.org.br\/index.php\/wp-json\/wp\/v2\/posts\/11207","targetHints":{"allow":["GET"]}}],"collection":[{"href":"https:\/\/sindaopcpb.org.br\/index.php\/wp-json\/wp\/v2\/posts"}],"about":[{"href":"https:\/\/sindaopcpb.org.br\/index.php\/wp-json\/wp\/v2\/types\/post"}],"author":[{"embeddable":true,"href":"https:\/\/sindaopcpb.org.br\/index.php\/wp-json\/wp\/v2\/users\/2"}],"replies":[{"embeddable":true,"href":"https:\/\/sindaopcpb.org.br\/index.php\/wp-json\/wp\/v2\/comments?post=11207"}],"version-history":[{"count":0,"href":"https:\/\/sindaopcpb.org.br\/index.php\/wp-json\/wp\/v2\/posts\/11207\/revisions"}],"wp:attachment":[{"href":"https:\/\/sindaopcpb.org.br\/index.php\/wp-json\/wp\/v2\/media?parent=11207"}],"wp:term":[{"taxonomy":"category","embeddable":true,"href":"https:\/\/sindaopcpb.org.br\/index.php\/wp-json\/wp\/v2\/categories?post=11207"},{"taxonomy":"post_tag","embeddable":true,"href":"https:\/\/sindaopcpb.org.br\/index.php\/wp-json\/wp\/v2\/tags?post=11207"}],"curies":[{"name":"wp","href":"https:\/\/api.w.org\/{rel}","templated":true}]}}