{"id":11189,"date":"2023-03-27T17:15:19","date_gmt":"2023-03-27T20:15:19","guid":{"rendered":"https:\/\/g1.globo.com\/pb\/paraiba\/noticia\/2023\/03\/27\/adolescente-morre-apos-acidente-de-moto-em-conceicao-no-sertao-da-paraiba.ghtml"},"modified":"2023-03-27T17:15:19","modified_gmt":"2023-03-27T20:15:19","slug":"adolescente-morre-apos-acidente-de-moto-em-conceicao-no-sertao-da-paraiba","status":"publish","type":"post","link":"https:\/\/sindaopcpb.org.br\/index.php\/2023\/03\/27\/adolescente-morre-apos-acidente-de-moto-em-conceicao-no-sertao-da-paraiba\/","title":{"rendered":"Adolescente morre ap\u00f3s acidente de moto, em Concei\u00e7\u00e3o, no Sert\u00e3o da Para\u00edba"},"content":{"rendered":"   <img src=\"https:\/\/s2.glbimg.com\/Agndna-AMgkXcGGFKfXAsCuWTh0=\/i.s3.glbimg.com\/v1\/AUTH_59edd422c0c84a879bd37670ae4f538a\/internal_photos\/bs\/2022\/W\/P\/UkxC6aRwuwUdRqupBm0w\/policia-civil-da-paraiba-ilustra.jpg\" \/><br \/>     Ana Beatriz Soares dos Santos, de 14 anos, estava em uma moto com homem, m\u00e3e e irm\u00e3 mais nova, que ficaram feridos.  Pol\u00edcia Civil investiga o caso \nReprodu\u00e7\u00e3o\/TV Para\u00edba\nUma adolescente de 14 anos morreu ap\u00f3s sofrer um acidente de moto na PB-368, pr\u00f3ximo ao s\u00edtio Maria Soares, na cidade de Concei\u00e7\u00e3o, no sert\u00e3o da Para\u00edba, na tarde do domingo (26), de acordo com informa\u00e7\u00f5es da Pol\u00edcia Civil. \nEstavam na moto, al\u00e9m da pr\u00f3pria v\u00edtima, um homem de 29 anos, que pilotava o ve\u00edculo, a m\u00e3e que tem 32 anos, al\u00e9m da irm\u00e3 mais nova, que tem 7 anos. \nSegundo a pol\u00edcia, o grupo seguia sentido Concei\u00e7\u00e3o-Ibiara, que \u00e9 outra cidade do Sert\u00e3o do estado e o motivo para o acidente foi que o pneu traseiro do ve\u00edculo estourou, o que fez com que o homem que pilotava a moto perdesse o controle. \nA jovem que morreu foi socorrida para o Hospital de Concei\u00e7\u00e3o ainda com vida, mas morreu ap\u00f3s chegar na unidade, devido aos graves ferimentos. \nJ\u00e1 a m\u00e3e da v\u00edtima e o homem que pilotava a moto sofreram apenas leves escoria\u00e7\u00f5es e foram atendidos pelo Servi\u00e7o de Atendimento M\u00f3vel de Urg\u00eancia (Samu) ap\u00f3s o acidente. \nNo entanto, a crian\u00e7a de 7 anos precisou ser socorrida com mais aten\u00e7\u00e3o. Ela foi levada para o Hospital do Trauma de Campina Grande em estado grave, mas a pol\u00edcia informou que a crian\u00e7a j\u00e1 passa bem ap\u00f3s o que aconteceu. \nV\u00eddeos mais assistidos do g1 Para\u00edba  ","protected":false},"excerpt":{"rendered":"<p>        Ana Beatriz Soares dos Santos, de 14 anos, estava em uma moto com homem, m\u00e3e e irm\u00e3 mais nova, que ficaram feridos.  Pol\u00edcia Civil investiga o caso<br \/>\nReprodu\u00e7\u00e3o\/TV Para\u00edba<br \/>\nUma adolescente de 14 anos morreu ap\u00f3s sofrer um acidente de moto na PB-3&#8230;<\/p>\n","protected":false},"author":2,"featured_media":0,"comment_status":"closed","ping_status":"closed","sticky":false,"template":"","format":"standard","meta":{"advgb_blocks_editor_width":"","advgb_blocks_columns_visual_guide":"","footnotes":""},"categories":[34],"tags":[35],"class_list":["post-11189","post","type-post","status-publish","format-standard","hentry","category-g1","tag-g1"],"author_meta":{"display_name":"g1 &gt; Para\u00edba","author_link":"https:\/\/sindaopcpb.org.br\/author\/g1-paraiba\/"},"featured_img":null,"coauthors":[],"tax_additional":{"categories":{"linked":["<a href=\"https:\/\/sindaopcpb.org.br\/g1\/\" class=\"advgb-post-tax-term\">G1<\/a>"],"unlinked":["<span class=\"advgb-post-tax-term\">G1<\/span>"]},"tags":{"linked":["<a href=\"https:\/\/sindaopcpb.org.br\/g1\/\" class=\"advgb-post-tax-term\">g1<\/a>"],"unlinked":["<span class=\"advgb-post-tax-term\">g1<\/span>"]}},"comment_count":"0","relative_dates":{"created":"Publicado 3 anos atr\u00e1s","modified":"Atualizado 3 anos atr\u00e1s"},"absolute_dates":{"created":"Publicado em 27 de mar\u00e7o de 2023","modified":"Atualizado em 27 de mar\u00e7o de 2023"},"absolute_dates_time":{"created":"Publicado em 27 de mar\u00e7o de 2023 17:15","modified":"Atualizado em 27 de mar\u00e7o de 2023 17:15"},"featured_img_caption":"","series_order":"","_links":{"self":[{"href":"https:\/\/sindaopcpb.org.br\/index.php\/wp-json\/wp\/v2\/posts\/11189","targetHints":{"allow":["GET"]}}],"collection":[{"href":"https:\/\/sindaopcpb.org.br\/index.php\/wp-json\/wp\/v2\/posts"}],"about":[{"href":"https:\/\/sindaopcpb.org.br\/index.php\/wp-json\/wp\/v2\/types\/post"}],"author":[{"embeddable":true,"href":"https:\/\/sindaopcpb.org.br\/index.php\/wp-json\/wp\/v2\/users\/2"}],"replies":[{"embeddable":true,"href":"https:\/\/sindaopcpb.org.br\/index.php\/wp-json\/wp\/v2\/comments?post=11189"}],"version-history":[{"count":1,"href":"https:\/\/sindaopcpb.org.br\/index.php\/wp-json\/wp\/v2\/posts\/11189\/revisions"}],"predecessor-version":[{"id":11190,"href":"https:\/\/sindaopcpb.org.br\/index.php\/wp-json\/wp\/v2\/posts\/11189\/revisions\/11190"}],"wp:attachment":[{"href":"https:\/\/sindaopcpb.org.br\/index.php\/wp-json\/wp\/v2\/media?parent=11189"}],"wp:term":[{"taxonomy":"category","embeddable":true,"href":"https:\/\/sindaopcpb.org.br\/index.php\/wp-json\/wp\/v2\/categories?post=11189"},{"taxonomy":"post_tag","embeddable":true,"href":"https:\/\/sindaopcpb.org.br\/index.php\/wp-json\/wp\/v2\/tags?post=11189"}],"curies":[{"name":"wp","href":"https:\/\/api.w.org\/{rel}","templated":true}]}}