{"id":11164,"date":"2023-03-27T06:56:45","date_gmt":"2023-03-27T09:56:45","guid":{"rendered":"https:\/\/g1.globo.com\/pb\/paraiba\/noticia\/2023\/03\/27\/miss-que-morreu-apos-cair-de-predio-para-fugir-de-incendio-teve-medo-de-enfrentar-as-chamas-diz-irmao.ghtml"},"modified":"2023-03-27T06:56:45","modified_gmt":"2023-03-27T09:56:45","slug":"miss-que-morreu-apos-cair-de-predio-para-fugir-de-incendio-teve-medo-de-enfrentar-as-chamas-diz-irmao","status":"publish","type":"post","link":"https:\/\/sindaopcpb.org.br\/index.php\/2023\/03\/27\/miss-que-morreu-apos-cair-de-predio-para-fugir-de-incendio-teve-medo-de-enfrentar-as-chamas-diz-irmao\/","title":{"rendered":"Miss que morreu ap\u00f3s cair de pr\u00e9dio para fugir de inc\u00eandio &#8216;teve medo de enfrentar as chamas&#8217;, diz irm\u00e3o"},"content":{"rendered":"   <img src=\"https:\/\/s2.glbimg.com\/o9u2u0mHWu5rVxNnTlJUQ9pAXVQ=\/i.s3.glbimg.com\/v1\/AUTH_59edd422c0c84a879bd37670ae4f538a\/internal_photos\/bs\/2023\/S\/n\/5dOGnuRWKdcBqtpDi16w\/familia-de-maya-nitao.jpg\" \/><br \/>     Maya Mit\u00e3o, de 26 anos, foi coroada a primeira Miss Sert\u00e3o Paraibano em janeiro deste ano. Morte aconteceu ap\u00f3s inc\u00eandio no pr\u00e9dio em que ela morava com o irm\u00e3o. Cesinha Nit\u00e3o (\u00e0 direita), a irm\u00e3, Maya, e os pais, C\u00e9sar Nit\u00e3o e Geraldina Kelly, em foto de fam\u00edlia em Jo\u00e3o Pessoa\nC\u00e9sar Nit\u00e3o\/Acervo pessoal\nO jovem C\u00e9sar Henrique Silva Nit\u00e3o, de 23 anos, ficou sabendo no domingo (26) que a irm\u00e3 dele, a modelo e miss Maya Nit\u00e3o, morreu ap\u00f3s cair do 6\u00ba andar do pr\u00e9dio onde moravam, em S\u00e3o Paulo, para fugir de um inc\u00eandio. O pai do casal, Carlos C\u00e9sar Nit\u00e3o, contou ao g1 que o filho relatou ter tentado chamar a irm\u00e3 para sair do apartamento, mas que ela \u201cteve medo de enfrentar as chamas\u201d. \nO inc\u00eandio aconteceu no apartamento onde os irm\u00e3os moravam, no bairro Itaim Bibi, na Zona Sul de S\u00e3o Paulo, na manh\u00e3 do s\u00e1bado (25).\n \u201cEles estavam dormindo quando o meu filho acordou e j\u00e1 percebeu as chamas. Ele a chamou v\u00e1rias vezes, para sair do apartamento, mas ela estava em p\u00e2nico e disse que estava com medo de enfrentar as chamas. Quando ele conseguiu abrir a porta do quarto, ela j\u00e1 havia ca\u00eddo\", disse o pai dos jovens. \nMaya Nit\u00e3o foi a primeira Miss Sert\u00e3o Paraibana CNB, eleita em janeiro deste ano. Ela morreu ap\u00f3s pular do 6\u00ba andar para fugir de um inc\u00eandio, em S\u00e3o Paulo\nCNB\/Divulga\u00e7\u00e3o\nNo hospital, C\u00e9sar Henrique, conhecido como Cesinha, relatou que o inc\u00eandio pode ter come\u00e7ado em um curto-circuito atr\u00e1s do sof\u00e1. \u201cMeu filho disse que o fogo come\u00e7ou na sala, e que depois foi se espalhando, junto a uma fuma\u00e7a preta. O pr\u00e9dio \u00e9 antigo, com instala\u00e7\u00f5es el\u00e9tricas antigas, ent\u00e3o pode ter acontecido este curto-circuito na tomada atr\u00e1s do sof\u00e1\u201d, disse. As causas do inc\u00eandio v\u00e3o ser apuradas por uma per\u00edcia a ser feita pelo Corpo de Bombeiros.\nMayara Ingrid Silva Nit\u00e3o, conhecida como Maya Nit\u00e3o, tinha 26 anos e havia sido eleita a primeira Miss Sert\u00e3o Paraibano, em janeiro deste ano. Ela foi para S\u00e3o Paulo h\u00e1 oito anos, e morava com o irm\u00e3o, que se formou engenheiro de produ\u00e7\u00e3o h\u00e1 cerca de 15 dias. Ele \u00e9 diretor de um cursinho para concursos. \nMulher pula do sexto andar durante inc\u00eandio em apartamento na Zona Sul de SP\nMaya chegou a ser socorrida por um carro do Corpo de Bombeiros, e levada para o Hospital das Cl\u00ednicas de S\u00e3o Paulo, em estado grave, mas n\u00e3o resistiu. O irm\u00e3o dela inalou fuma\u00e7a e tamb\u00e9m foi socorrido pelos Bombeiros, sendo levado para o Hospital Benefic\u00eancia Portuguesa, onde ficou internado at\u00e9 a madrugada desta segunda-feira (27), quando teve alta.\nO pai dos jovens disse ao g1 que o filho ficou devastado ap\u00f3s saber da morte da irm\u00e3. \u201cEles eram muito unidos, e ela sempre o apoiou em tudo, sendo ao mesmo tempo irm\u00e3 e m\u00e3e neste per\u00edodo em que eles estavam em S\u00e3o Paulo\u201d, contou.\nC\u00e9sar e a mulher, Geraldina Kelly Silva, moram em Itaporanga, no Sert\u00e3o paraibano. Maya tamb\u00e9m era paraibana, ela nasceu em Campina Grande, e sempre atuou como modelo, competindo em concursos de beleza desde 2019 e vencendo nove t\u00edtulos. Ela se preparava para representar o estado da Para\u00edba na 63\u00aa edi\u00e7\u00e3o do Miss Brasil Mundo CNB, prevista para acontecer ainda este ano. \nAinda conforme os familiares, o translado do corpo de Maya Nit\u00e3o deve acontecer entre esta segunda (27) e a ter\u00e7a-feira (28). O vel\u00f3rio est\u00e1 previsto para acontecer em uma central de vel\u00f3rios no bairro de Jaguaribe, em Jo\u00e3o Pessoa, na ter\u00e7a-feira.\nC\u00e9sar Nit\u00e3o, pai de Maya, lamentou a morte da filha nas redes sociais. O filho dele est\u00e1 internado em S\u00e3o Paulo\nReprodu\u00e7\u00e3o\/Redes sociais\nPelas redes sociais, o perfil oficial do Concurso Nacional de Beleza (CNB) Miss Brasil expressou pesar pela morte da modelo.\n\"Era uma jovem entusiasmada e cheia de vida, sempre muito atenciosa e ansiosa pelo momento de concorrer ao t\u00edtulo de Miss Brasil Mundo. Oramos pela recupera\u00e7\u00e3o do seu irm\u00e3o e expressamos nosso mais profundo pesar a todos os seus familiares, amigos e f\u00e3s\", diz a postagem.\nInitial plugin text\nInc\u00eandio em apartamento na Zona Sul de SP\nArquivo Pessoal \nV\u00eddeos mais assistidos da Para\u00edba  ","protected":false},"excerpt":{"rendered":"<p>        Maya Mit\u00e3o, de 26 anos, foi coroada a primeira Miss Sert\u00e3o Paraibano em janeiro deste ano. Morte aconteceu ap\u00f3s inc\u00eandio no pr\u00e9dio em que ela morava com o irm\u00e3o. Cesinha Nit\u00e3o (\u00e0 direita), a irm\u00e3, Maya, e os pais, C\u00e9sar Nit\u00e3o e Geraldina Kelly,&#8230;<\/p>\n","protected":false},"author":2,"featured_media":0,"comment_status":"closed","ping_status":"closed","sticky":false,"template":"","format":"standard","meta":{"advgb_blocks_editor_width":"","advgb_blocks_columns_visual_guide":"","footnotes":""},"categories":[34],"tags":[35],"class_list":["post-11164","post","type-post","status-publish","format-standard","hentry","category-g1","tag-g1"],"author_meta":{"display_name":"g1 &gt; Para\u00edba","author_link":"https:\/\/sindaopcpb.org.br\/author\/g1-paraiba\/"},"featured_img":null,"coauthors":[],"tax_additional":{"categories":{"linked":["<a href=\"https:\/\/sindaopcpb.org.br\/g1\/\" class=\"advgb-post-tax-term\">G1<\/a>"],"unlinked":["<span class=\"advgb-post-tax-term\">G1<\/span>"]},"tags":{"linked":["<a href=\"https:\/\/sindaopcpb.org.br\/g1\/\" class=\"advgb-post-tax-term\">g1<\/a>"],"unlinked":["<span class=\"advgb-post-tax-term\">g1<\/span>"]}},"comment_count":"0","relative_dates":{"created":"Publicado 3 anos atr\u00e1s","modified":"Atualizado 3 anos atr\u00e1s"},"absolute_dates":{"created":"Publicado em 27 de mar\u00e7o de 2023","modified":"Atualizado em 27 de mar\u00e7o de 2023"},"absolute_dates_time":{"created":"Publicado em 27 de mar\u00e7o de 2023 06:56","modified":"Atualizado em 27 de mar\u00e7o de 2023 06:56"},"featured_img_caption":"","series_order":"","_links":{"self":[{"href":"https:\/\/sindaopcpb.org.br\/index.php\/wp-json\/wp\/v2\/posts\/11164","targetHints":{"allow":["GET"]}}],"collection":[{"href":"https:\/\/sindaopcpb.org.br\/index.php\/wp-json\/wp\/v2\/posts"}],"about":[{"href":"https:\/\/sindaopcpb.org.br\/index.php\/wp-json\/wp\/v2\/types\/post"}],"author":[{"embeddable":true,"href":"https:\/\/sindaopcpb.org.br\/index.php\/wp-json\/wp\/v2\/users\/2"}],"replies":[{"embeddable":true,"href":"https:\/\/sindaopcpb.org.br\/index.php\/wp-json\/wp\/v2\/comments?post=11164"}],"version-history":[{"count":1,"href":"https:\/\/sindaopcpb.org.br\/index.php\/wp-json\/wp\/v2\/posts\/11164\/revisions"}],"predecessor-version":[{"id":11165,"href":"https:\/\/sindaopcpb.org.br\/index.php\/wp-json\/wp\/v2\/posts\/11164\/revisions\/11165"}],"wp:attachment":[{"href":"https:\/\/sindaopcpb.org.br\/index.php\/wp-json\/wp\/v2\/media?parent=11164"}],"wp:term":[{"taxonomy":"category","embeddable":true,"href":"https:\/\/sindaopcpb.org.br\/index.php\/wp-json\/wp\/v2\/categories?post=11164"},{"taxonomy":"post_tag","embeddable":true,"href":"https:\/\/sindaopcpb.org.br\/index.php\/wp-json\/wp\/v2\/tags?post=11164"}],"curies":[{"name":"wp","href":"https:\/\/api.w.org\/{rel}","templated":true}]}}