{"id":11141,"date":"2023-03-26T11:26:45","date_gmt":"2023-03-26T14:26:45","guid":{"rendered":"https:\/\/g1.globo.com\/pb\/paraiba\/noticia\/2023\/03\/26\/inmet-emite-alerta-de-perigo-potencial-de-chuvas-intensas-para-207-cidades-da-paraiba-veja-lista.ghtml"},"modified":"2023-03-26T11:26:45","modified_gmt":"2023-03-26T14:26:45","slug":"inmet-emite-alerta-de-perigo-potencial-de-chuvas-intensas-para-207-cidades-da-paraiba-veja-lista","status":"publish","type":"post","link":"https:\/\/sindaopcpb.org.br\/index.php\/2023\/03\/26\/inmet-emite-alerta-de-perigo-potencial-de-chuvas-intensas-para-207-cidades-da-paraiba-veja-lista\/","title":{"rendered":"Inmet emite alerta de perigo potencial de chuvas intensas para 207 cidades da Para\u00edba; veja lista"},"content":{"rendered":"   <img src=\"https:\/\/s2.glbimg.com\/cVqqdjttm7W8ETKrh8zR-VFien4=\/i.s3.glbimg.com\/v1\/AUTH_59edd422c0c84a879bd37670ae4f538a\/internal_photos\/bs\/2023\/2\/f\/3bFC9cTBS25RDA9BZS5Q\/cidades-em-alerta-amarelo-de-chuvas-intensas-na-pb-26032023.jpg\" \/><br \/>     Aviso \u00e9 v\u00e1lido at\u00e9 11h da segunda-feira (27) Cidades da Para\u00edba em alerta amarelo de perigo potencial de chuvas intensas, neste domingo (26)\nReprodu\u00e7\u00e3o\/Inmet\nO Instituto Nacional de Meteorologia (Inmet) emitiu, neste domingo (26), um alerta de perigo potencial de chuvas intensas para 207  cidades da Para\u00edba. O aviso \u00e9 v\u00e1lido at\u00e9 11h de segunda-feira (27). (veja rela\u00e7\u00e3o das cidades no fim da mat\u00e9ria).\nPara as cidades sob o alerta, h\u00e1 previs\u00e3o de chuvas entre 20 e 30 mil\u00edmetros por hora e 50 mil\u00edmetros por dia e tamb\u00e9m de ventos intensos entre 40 e 60 quil\u00f4metros por hora. H\u00e1 ainda baixo risco de corte de energia el\u00e9trica, queda de galhos de \u00e1rvores, alagamentos e de descargas el\u00e9tricas.\nCaso haja algum problema, o Inmet orienta que as pessoas entrem em contato com a Defesa Civil, por meio do n\u00famero 199, e com o Corpo de Bombeiros, por meio do n\u00famero 193.\nCidades em alerta amarelo de perigo potencial de chuvas intensas - at\u00e9 11h de domingo (26):\n\u00c1gua Branca\nAguiar\nAlagoa Grande\nAlagoa Nova\nAlagoinha\nAlcantil\nAlgod\u00e3o de Janda\u00edra\nAmparo\nAparecida\nAra\u00e7agi\nArara\nAraruna\nAreia\nAreia de Bara\u00fanas\nAreial\nAroeiras\nAssun\u00e7\u00e3o\nBananeiras\nBara\u00fana\nBarra de Santana\nBarra de Santa Rosa\nBarra de S\u00e3o Miguel\nBel\u00e9m\nBel\u00e9m do Brejo do Cruz\nBernardino Batista\nBoa Ventura\nBoa Vista\nBom Jesus\nBom Sucesso\nBonito de Santa F\u00e9\nBoqueir\u00e3o\nBorborema\nBrejo do Cruz\nBrejo dos Santos\nCabaceiras\nCachoeira dos \u00cdndios\nCacimba de Areia\nCacimba de Dentro\nCacimbas\nCai\u00e7ara\nCajazeiras\nCajazeirinhas\nCaldas Brand\u00e3o\nCamala\u00fa\nCampina Grande\nCapim\nCara\u00fabas\nCarrapateira\nCasserengue\nCatingueira\nCatol\u00e9 do Rocha\nCaturit\u00e9\nConcei\u00e7\u00e3o\nCondado\nCongo\nCoremas\nCoxixola\nCubati\nCuit\u00e9\nCuit\u00e9 de Mamanguape\nCuitegi\nCurral de Cima\nCurral Velho\nDami\u00e3o\nDesterro\nDiamante\nDona In\u00eas\nDuas Estradas\nEmas\nEsperan\u00e7a\nFagundes\nFrei Martinho\nGado Bravo\nGuarabira\nGurinh\u00e9m\nGurj\u00e3o\nIbiara\nIgaracy\nImaculada\nIng\u00e1\nItabaiana\nItaporanga\nItapororoca\nItatuba\nJacara\u00fa\nJeric\u00f3\nJoca Claudino\nJuarez T\u00e1vora\nJuazeirinho\nJunco do Serid\u00f3\nJuru\nLagoa\nLagoa de Dentro\nLagoa Seca\nLastro\nLivramento\nLogradouro\nM\u00e3e d'\u00c1gua\nMalta\nMamanguape\nMana\u00edra\nMari\nMariz\u00f3polis\nMassaranduba\nMataraca\nMatinhas\nMato Grosso\nMatur\u00e9ia\nMogeiro\nMontadas\nMonte Horebe\nMonteiro\nMulungu\nNatuba\nNazarezinho\nNova Floresta\nNova Olinda\nNova Palmeira\nOlho d'\u00c1gua\nOlivedos\nOuro Velho\nParari\nPassagem\nPatos\nPaulista\nPedra Branca\nPedra Lavrada\nPedro R\u00e9gis\nPianc\u00f3\nPicu\u00ed\nPilar\nPil\u00f5es\nPil\u00f5ezinhos\nPirpirituba\nPocinhos\nPo\u00e7o Dantas\nPo\u00e7o de Jos\u00e9 de Moura\nPombal\nPrata\nPrincesa Isabel\nPuxinan\u00e3\nQueimadas\nQuixaba\nRem\u00edgio\nRiach\u00e3o\nRiach\u00e3o do Bacamarte\nRiach\u00e3o do Po\u00e7o\nRiacho de Santo Ant\u00f4nio\nRiacho dos Cavalos\nSalgadinho\nSalgado de S\u00e3o F\u00e9lix\nSanta Cec\u00edlia\nSanta Cruz\nSanta Helena\nSanta In\u00eas\nSanta Luzia\nSantana de Mangueira\nSantana dos Garrotes\nSanta Teresinha\nSanto Andr\u00e9\nS\u00e3o Bentinho\nS\u00e3o Bento\nS\u00e3o Domingos\nS\u00e3o Domingos do Cariri\nS\u00e3o Francisco\nS\u00e3o Jo\u00e3o do Cariri\nS\u00e3o Jo\u00e3o do Rio do Peixe\nS\u00e3o Jo\u00e3o do Tigre\nS\u00e3o Jos\u00e9 da Lagoa Tapada\nS\u00e3o Jos\u00e9 de Caiana\nS\u00e3o Jos\u00e9 de Espinharas\nS\u00e3o Jos\u00e9 de Piranhas\nS\u00e3o Jos\u00e9 de Princesa\nS\u00e3o Jos\u00e9 do Bonfim\nS\u00e3o Jos\u00e9 do Brejo do Cruz\nS\u00e3o Jos\u00e9 do Sabugi\nS\u00e3o Jos\u00e9 dos Cordeiros\nS\u00e3o Jos\u00e9 dos Ramos\nS\u00e3o Mamede\nS\u00e3o Sebasti\u00e3o de Lagoa de Ro\u00e7a\nS\u00e3o Sebasti\u00e3o do Umbuzeiro\nS\u00e3o Vicente do Serid\u00f3\nSap\u00e9\nSerra Branca\nSerra da Raiz\nSerra Grande\nSerra Redonda\nSerraria\nSert\u00e3ozinho\nSobrado\nSol\u00e2nea\nSoledade\nSoss\u00eago\nSousa\nSum\u00e9\nTacima\nTapero\u00e1\nTavares\nTeixeira\nTen\u00f3rio\nTriunfo\nUira\u00fana\nUmbuzeiro\nV\u00e1rzea\nVieir\u00f3polis\nVista Serrana\nZabel\u00ea\nV\u00eddeos mais assistidos do g1 Para\u00edba  ","protected":false},"excerpt":{"rendered":"<p>        Aviso \u00e9 v\u00e1lido at\u00e9 11h da segunda-feira (27) Cidades da Para\u00edba em alerta amarelo de perigo potencial de chuvas intensas, neste domingo (26)<br \/>\nReprodu\u00e7\u00e3o\/Inmet<br \/>\nO Instituto Nacional de Meteorologia (Inmet) emitiu, neste domingo (26), um alerta de &#8230;<\/p>\n","protected":false},"author":2,"featured_media":0,"comment_status":"closed","ping_status":"closed","sticky":false,"template":"","format":"standard","meta":{"advgb_blocks_editor_width":"","advgb_blocks_columns_visual_guide":"","footnotes":""},"categories":[34],"tags":[35],"class_list":["post-11141","post","type-post","status-publish","format-standard","hentry","category-g1","tag-g1"],"author_meta":{"display_name":"g1 &gt; Para\u00edba","author_link":"https:\/\/sindaopcpb.org.br\/author\/g1-paraiba\/"},"featured_img":null,"coauthors":[],"tax_additional":{"categories":{"linked":["<a href=\"https:\/\/sindaopcpb.org.br\/g1\/\" class=\"advgb-post-tax-term\">G1<\/a>"],"unlinked":["<span class=\"advgb-post-tax-term\">G1<\/span>"]},"tags":{"linked":["<a href=\"https:\/\/sindaopcpb.org.br\/g1\/\" class=\"advgb-post-tax-term\">g1<\/a>"],"unlinked":["<span class=\"advgb-post-tax-term\">g1<\/span>"]}},"comment_count":"0","relative_dates":{"created":"Publicado 3 anos atr\u00e1s","modified":"Atualizado 3 anos atr\u00e1s"},"absolute_dates":{"created":"Publicado em 26 de mar\u00e7o de 2023","modified":"Atualizado em 26 de mar\u00e7o de 2023"},"absolute_dates_time":{"created":"Publicado em 26 de mar\u00e7o de 2023 11:26","modified":"Atualizado em 26 de mar\u00e7o de 2023 11:26"},"featured_img_caption":"","series_order":"","_links":{"self":[{"href":"https:\/\/sindaopcpb.org.br\/index.php\/wp-json\/wp\/v2\/posts\/11141","targetHints":{"allow":["GET"]}}],"collection":[{"href":"https:\/\/sindaopcpb.org.br\/index.php\/wp-json\/wp\/v2\/posts"}],"about":[{"href":"https:\/\/sindaopcpb.org.br\/index.php\/wp-json\/wp\/v2\/types\/post"}],"author":[{"embeddable":true,"href":"https:\/\/sindaopcpb.org.br\/index.php\/wp-json\/wp\/v2\/users\/2"}],"replies":[{"embeddable":true,"href":"https:\/\/sindaopcpb.org.br\/index.php\/wp-json\/wp\/v2\/comments?post=11141"}],"version-history":[{"count":1,"href":"https:\/\/sindaopcpb.org.br\/index.php\/wp-json\/wp\/v2\/posts\/11141\/revisions"}],"predecessor-version":[{"id":11142,"href":"https:\/\/sindaopcpb.org.br\/index.php\/wp-json\/wp\/v2\/posts\/11141\/revisions\/11142"}],"wp:attachment":[{"href":"https:\/\/sindaopcpb.org.br\/index.php\/wp-json\/wp\/v2\/media?parent=11141"}],"wp:term":[{"taxonomy":"category","embeddable":true,"href":"https:\/\/sindaopcpb.org.br\/index.php\/wp-json\/wp\/v2\/categories?post=11141"},{"taxonomy":"post_tag","embeddable":true,"href":"https:\/\/sindaopcpb.org.br\/index.php\/wp-json\/wp\/v2\/tags?post=11141"}],"curies":[{"name":"wp","href":"https:\/\/api.w.org\/{rel}","templated":true}]}}