{"id":11136,"date":"2023-03-25T18:30:05","date_gmt":"2023-03-25T21:30:05","guid":{"rendered":"https:\/\/g1.globo.com\/pb\/paraiba\/noticia\/2023\/03\/25\/cancer-colorretal-ja-matou-pessoas-em-2023-na-paraiba.ghtml"},"modified":"2023-03-25T18:30:05","modified_gmt":"2023-03-25T21:30:05","slug":"cancer-colorretal-ja-matou-22-pessoas-em-2023-na-paraiba","status":"publish","type":"post","link":"https:\/\/sindaopcpb.org.br\/index.php\/2023\/03\/25\/cancer-colorretal-ja-matou-22-pessoas-em-2023-na-paraiba\/","title":{"rendered":"C\u00e2ncer colorretal j\u00e1 matou 22 pessoas em 2023 na Para\u00edba"},"content":{"rendered":"   <img src=\"https:\/\/s2.glbimg.com\/C2WzhxSxiBVUQTUb0Y88xOSgfJY=\/i.s3.glbimg.com\/v1\/AUTH_59edd422c0c84a879bd37670ae4f538a\/internal_photos\/bs\/2022\/y\/F\/c3aUVlRayrcATFDVYrFg\/cancer-de-colon-4.png\" \/><br \/>     No ano passado, a Para\u00edba registrou 271 mortes pela doen\u00e7a, segundo n\u00fameros da Secretaria de Estado de Sa\u00fade (SES).  O c\u00e2ncer pode come\u00e7ar no c\u00f3lon (intestino grosso) ou no reto (passagem posterior) e tamb\u00e9m \u00e9 conhecido como c\u00e2ncer colorretal\nGETTY IMAGES\nO c\u00e2ncer colorretal matou 271 pessoas em 2022 na Para\u00edba, segundo a Secretaria de Estado de Sa\u00fade (SES). Em menos de tr\u00eas meses deste ano, a doen\u00e7a j\u00e1 matou 22 pessoas em toda a Para\u00edba. Na capital Jo\u00e3o Pessoa, s\u00e3o estimados 130 novos casos da doen\u00e7a somente neste ano, sendo 60 mulheres e 70 homens. \nEm outro levantamento, desta vez feito pelo Instituto Nacional do C\u00e2ncer (Inca), a previs\u00e3o de novos casos no estado para o tri\u00eanio entre 2023 e 2025, \u00e9 de 400 pessoas com a doen\u00e7a, sendo 190 em homens e 210 mulheres. \nNo m\u00eas de conscientiza\u00e7\u00e3o contra este tipo espec\u00edfico de c\u00e2ncer, o \u2018Mar\u00e7o Azul-Marinho\u2019, a reportagem do g1 conversou com um m\u00e9dico oncologista para saber como surge a doen\u00e7a, que \u00e9 uma das mais recorrentes na Para\u00edba, e para saber as formas de tratamento e, principalmente, o que fazer e quais h\u00e1bitos devem ter para se prevenir contra a enfermidade. \nO que \u00e9 o c\u00e2ncer colorretal\nC\u00e2ncer colorretal \u00e9 um dos mais comuns no Brasil\nGETTY IMAGES via BBC\nO cirurgi\u00e3o em oncologia, Kl\u00e9cius Fernandes, que \u00e9 professor da Universidade Federal da Para\u00edba (UFPB) explicou como o c\u00e2ncer colorretal acontece no corpo humano. \u201cO col\u00f3n \u00e9 o que a gente chama de intestino grosso e na por\u00e7\u00e3o final a gente vai ter o reto, ent\u00e3o por isso essa designa\u00e7\u00e3o\u201d, explica. \nAl\u00e9m disso, o m\u00e9dico conta que existem fatores de risco que podem aumentar a possibilidade de algu\u00e9m sofrer com este tipo de c\u00e2ncer, como a m\u00e1 alimenta\u00e7\u00e3o. \u201cPrimeiro uma dieta pobre em fibras, j\u00e1 que elas funcionam como uma verdadeira \u2018vassoura\u2019 para limpar o intestino. Consumimos muitos alimentos industrializados, que t\u00eam subst\u00e2ncias que podem causar c\u00e2ncer\u201d, conta. \nOutro tipo de alimenta\u00e7\u00e3o que pode causar problemas no futuro s\u00e3o as carnes vermelhas, que s\u00e3o comumente consumidas em churrasco e outros tipos de refei\u00e7\u00f5es, porque elas t\u00eam outras subst\u00e2ncias prejudiciais na maioria dos casos. \u201cOs hidrocarbonetos s\u00e3o subst\u00e2ncias capazes de causar c\u00e2ncer, pois s\u00e3o ricas em carcin\u00f3genos, que est\u00e3o presentes nessas carnes\u201d. \nO m\u00e9dico tamb\u00e9m explica que pr\u00e1ticas como tabagismo, a falta de atividades f\u00edsicas, e fatores como a obesidade s\u00e3o pontos que predisp\u00f5em o c\u00e2ncer colorretal. \nQuando procurar um m\u00e9dico?\nO especialista explica que um dos sinais que podem levar com que uma pessoa procure um m\u00e9dico para descobrir se sofre com este problema \u00e9 uma mudan\u00e7a muito abrupta e estendida do h\u00e1bito intestinal. \u201cO nosso organismo funciona como um rel\u00f3gio, possuem h\u00e1bitos e repetem h\u00e1bitos, mas se de repente isso come\u00e7a a se modificar, com as fezes come\u00e7ando a aparecer com algum tipo de sangramento ou apresentar c\u00f3licas que se repetem por meses, essa pessoa precisa ir em um especialista\u201d, recomenda. \nAl\u00e9m disso, o exame para detec\u00e7\u00e3o do c\u00e2ncer \u00e9 a colonoscopia, segundo explica o doutor Kl\u00e9cius. \u201cCom esse exame, al\u00e9m de diagnosticar a doen\u00e7a, tamb\u00e9m \u00e9 poss\u00edvel come\u00e7ar o tratamento do paciente\u201d. \nTratamento e Preven\u00e7\u00e3o contra o c\u00e2ncer colorretal \nSaiba como se prevenir contra o c\u00e2ncer colorretal\nFreepik \nO m\u00e9dico explica que a partir dos 55 anos \u00e9 recomendado que as pessoas fa\u00e7am regularmente a colonoscopia, como forma de preven\u00e7\u00e3o, mesmo que n\u00e3o existam sintomas ou que ainda seja mais jovem e que dentro da fam\u00edlia existam casos da doen\u00e7a. \u201cO tumor come\u00e7a pequenininho, mas qual a realidade nossa? Encontramos muitos tumores grandes, porque o exame n\u00e3o \u00e9 feito cedo e fica mais dif\u00edcil de tratar\u201d, explica. \nComo forma de tratamento, Kl\u00e9cius ainda disse que existem uma gama de op\u00e7\u00f5es. \"Existem cirurgias alargadas, quimioterapia e at\u00e9 radioterapia. As chances de cura, quando o tumor \u00e9 diagnosticado grande, \u00e9 muito pequena, ent\u00e3o o ideal \u00e9 prevenir\u201d, recomenda. \nComo forma de preven\u00e7\u00e3o, al\u00e9m da realiza\u00e7\u00e3o da colonoscopia de 5 em 5 anos a partir dos 45 anos de idade, o m\u00e9dico recomenda uma boa alimenta\u00e7\u00e3o, a pr\u00e1tica de exerc\u00edcios f\u00edsicos e um estilo de vida saud\u00e1vel que pode deixar este tipo de problema longe da vida das pessoas. \nV\u00eddeos mais assistidos do g1 Para\u00edba  ","protected":false},"excerpt":{"rendered":"<p>        No ano passado, a Para\u00edba registrou 271 mortes pela doen\u00e7a, segundo n\u00fameros da Secretaria de Estado de Sa\u00fade (SES).  O c\u00e2ncer pode come\u00e7ar no c\u00f3lon (intestino grosso) ou no reto (passagem posterior) e tamb\u00e9m \u00e9 conhecido como c\u00e2ncer colorretal<br \/>\nG&#8230;<\/p>\n","protected":false},"author":2,"featured_media":0,"comment_status":"closed","ping_status":"closed","sticky":false,"template":"","format":"standard","meta":{"advgb_blocks_editor_width":"","advgb_blocks_columns_visual_guide":"","footnotes":""},"categories":[34],"tags":[35],"class_list":["post-11136","post","type-post","status-publish","format-standard","hentry","category-g1","tag-g1"],"author_meta":{"display_name":"g1 &gt; Para\u00edba","author_link":"https:\/\/sindaopcpb.org.br\/author\/g1-paraiba\/"},"featured_img":null,"coauthors":[],"tax_additional":{"categories":{"linked":["<a href=\"https:\/\/sindaopcpb.org.br\/g1\/\" class=\"advgb-post-tax-term\">G1<\/a>"],"unlinked":["<span class=\"advgb-post-tax-term\">G1<\/span>"]},"tags":{"linked":["<a href=\"https:\/\/sindaopcpb.org.br\/g1\/\" class=\"advgb-post-tax-term\">g1<\/a>"],"unlinked":["<span class=\"advgb-post-tax-term\">g1<\/span>"]}},"comment_count":"0","relative_dates":{"created":"Publicado 3 anos atr\u00e1s","modified":"Atualizado 3 anos atr\u00e1s"},"absolute_dates":{"created":"Publicado em 25 de mar\u00e7o de 2023","modified":"Atualizado em 25 de mar\u00e7o de 2023"},"absolute_dates_time":{"created":"Publicado em 25 de mar\u00e7o de 2023 18:30","modified":"Atualizado em 25 de mar\u00e7o de 2023 18:30"},"featured_img_caption":"","series_order":"","_links":{"self":[{"href":"https:\/\/sindaopcpb.org.br\/index.php\/wp-json\/wp\/v2\/posts\/11136","targetHints":{"allow":["GET"]}}],"collection":[{"href":"https:\/\/sindaopcpb.org.br\/index.php\/wp-json\/wp\/v2\/posts"}],"about":[{"href":"https:\/\/sindaopcpb.org.br\/index.php\/wp-json\/wp\/v2\/types\/post"}],"author":[{"embeddable":true,"href":"https:\/\/sindaopcpb.org.br\/index.php\/wp-json\/wp\/v2\/users\/2"}],"replies":[{"embeddable":true,"href":"https:\/\/sindaopcpb.org.br\/index.php\/wp-json\/wp\/v2\/comments?post=11136"}],"version-history":[{"count":1,"href":"https:\/\/sindaopcpb.org.br\/index.php\/wp-json\/wp\/v2\/posts\/11136\/revisions"}],"predecessor-version":[{"id":11137,"href":"https:\/\/sindaopcpb.org.br\/index.php\/wp-json\/wp\/v2\/posts\/11136\/revisions\/11137"}],"wp:attachment":[{"href":"https:\/\/sindaopcpb.org.br\/index.php\/wp-json\/wp\/v2\/media?parent=11136"}],"wp:term":[{"taxonomy":"category","embeddable":true,"href":"https:\/\/sindaopcpb.org.br\/index.php\/wp-json\/wp\/v2\/categories?post=11136"},{"taxonomy":"post_tag","embeddable":true,"href":"https:\/\/sindaopcpb.org.br\/index.php\/wp-json\/wp\/v2\/tags?post=11136"}],"curies":[{"name":"wp","href":"https:\/\/api.w.org\/{rel}","templated":true}]}}