{"id":11088,"date":"2023-03-21T17:27:10","date_gmt":"2023-03-21T20:27:10","guid":{"rendered":"https:\/\/g1.globo.com\/pb\/paraiba\/noticia\/2023\/03\/21\/joao-pessoa-amplia-vacina-bivalente-para-pessoas-com-deficiencia-permanente-a-partir-de-12-anos.ghtml"},"modified":"2023-03-21T17:27:10","modified_gmt":"2023-03-21T20:27:10","slug":"joao-pessoa-amplia-vacina-bivalente-para-pessoas-com-deficiencia-permanente-a-partir-de-12-anos","status":"publish","type":"post","link":"https:\/\/sindaopcpb.org.br\/index.php\/2023\/03\/21\/joao-pessoa-amplia-vacina-bivalente-para-pessoas-com-deficiencia-permanente-a-partir-de-12-anos\/","title":{"rendered":"Jo\u00e3o Pessoa amplia vacina bivalente para pessoas com defici\u00eancia permanente a partir de 12 anos"},"content":{"rendered":"   <img src=\"https:\/\/s2.glbimg.com\/_XCfaEwkhKmLXXPC9J5iYUUj60A=\/i.s3.glbimg.com\/v1\/AUTH_59edd422c0c84a879bd37670ae4f538a\/internal_photos\/bs\/2022\/M\/K\/EvM9rBTIOCZIycFzsSew\/vacinacao-de-criancas-contra-covid-19.jpg\" \/><br \/>     A vacina monovalente contra a Covid-19 continua dispon\u00edvel para o p\u00fablico a partir dos seis meses, sem a necessidade de agendamento. Vacina\u00e7\u00e3o contra Covid-19 em crian\u00e7as em Jo\u00e3o Pessoa\nFoto: Divulga\u00e7\u00e3o\/Secom-JP\nO munic\u00edpio de Jo\u00e3o Pessoa amplia a vacina\u00e7\u00e3o contra a Covid-19 com o imunizante Pfizer Bivalente para pessoas com defici\u00eancia permanente acima de 12 anos, nesta quarta-feira (22). Tamb\u00e9m podem ser vacinados com a bivalente idosos acima de 60 anos de idade, gestantes, pu\u00e9rperas (mulheres at\u00e9 45 dias ap\u00f3s o parto), pessoas imunocomprometidas a partir dos 12 anos, comunidade quilombola e trabalhadores de sa\u00fade.\nPara o novo grupo, o Instituto dos Cegos da Para\u00edba Adalgisa Cunha, Instituto Helena Holanda e Funda\u00e7\u00e3o Centro Integrado de Apoio \u00e0 Pessoa com Defici\u00eancia (Funad) ser\u00e3o pontos extras de vacina\u00e7\u00e3o, das 8h \u00e0s 12h.\nOs imunizantes monovalentes contra a Covid-19 continuam dispon\u00edveis para o p\u00fablico a partir dos seis meses, sem a necessidade de agendamento.\nQuem faz parte do novo grupo?\nConsidera-se pessoa com defici\u00eancia aquela que tem impedimento de longo prazo de natureza f\u00edsica, mental, intelectual ou sensorial, o qual em intera\u00e7\u00e3o com uma ou mais barreiras pode obstruir sua participa\u00e7\u00e3o plena e efetiva na sociedade em igualdade de condi\u00e7\u00f5es as demais pessoas. Este grupo inclui pessoas com limita\u00e7\u00e3o motora ou que cause grande dificuldade ou incapacidade para andar ou subir escadas; Indiv\u00edduos com grande dificuldade ou incapacidade de ouvir mesmo com uso de aparelho auditivo; Indiv\u00edduos com grande dificuldade ou incapacidade de enxergar; Indiv\u00edduos com alguma defici\u00eancia intelectual permanente que limite suas atividades habituais, como trabalhar, brincar, ir \u00e0 escola, entre outros.\nVacina\u00e7\u00e3o domiciliar\nPara os idosos 60+ acamados, restritos aos leitos assistidos pela Aten\u00e7\u00e3o B\u00e1sica ou do Servi\u00e7o de Aten\u00e7\u00e3o Domiciliar (SAD) da Prefeitura de Jo\u00e3o Pessoa, podem realizar o agendamento pelo Disque Vacina pelo (83) 98645-7727, de segunda a sexta-feira, para serem imunizados em casa.\nDocumenta\u00e7\u00e3o\nNo momento da vacina\u00e7\u00e3o, \u00e9 necess\u00e1rio apresentar um documento oficial e cart\u00e3o de vacina que comprovem outras doses dos imunizantes que previne contra Covid-19 e Cart\u00e3o do SUS. No caso de pessoas imunocomprometidas, h\u00e1 a necessidade de apresenta\u00e7\u00e3o do laudo ou declara\u00e7\u00e3o m\u00e9dica.\nJ\u00e1 os trabalhadores de sa\u00fade precisam apresentar c\u00f3pia de documento que comprove v\u00ednculo ativo como trabalhador de sa\u00fade, que ficar\u00e1 retido no local. S\u00e3o eles: carteira do conselho profissional ou contracheque. No caso de estudantes que estagiam em servi\u00e7o de sa\u00fade, devem apresentar declara\u00e7\u00e3o da institui\u00e7\u00e3o de ensino e do servi\u00e7o onde atuam.\nLocais para vacina\u00e7\u00e3o em Jo\u00e3o Pessoa nesta quarta-feira (22):\nCrian\u00e7as a partir dos seis meses a 2 anos (sem agendamento)\n1\u00aa dose: Pfizer-BioNTech baby\n2\u00aa dose: Pfizer-BioNTech baby (28 dias)\nSalas de vacinas nas USFs \u2013 7h \u00e0s 11h e das 12h \u00e0s 16h (Exceto as USFs de Ilha do Bispo, Alto do C\u00e9u II, Mandacaru VIII, Jardim Planalto, Rosa de F\u00e1tima, Cruz das Armas IV, Jardim Sa\u00fade e Vieira Diniz)\nPolicl\u00ednicas Municipais \u2013 8h \u00e0s 16h\nCentro Municipal de Imuniza\u00e7\u00e3o \u2013 8h \u00e0s 16h\nMangabeira Shopping \u2013 13h \u00e0s 22h \u2013 (apenas acesso pedestre)\nCrian\u00e7as de 3 e 4 anos (sem agendamento)\n1\u00aa dose: Pfizer-BioNTech baby\n2\u00aa dose: Pfizer-BioNTech baby (28 dias)\n3\u00aa dose: Pfizer-BioNTech baby (120 dias)\nSalas de vacinas nas USFs \u2013 7h \u00e0s 11h e das 12h \u00e0s 16h (Exceto as USFs de Ilha do Bispo, Alto do C\u00e9u II, Mandacaru VIII, Jardim Planalto, Rosa de F\u00e1tima, Cruz das Armas IV, Jardim Sa\u00fade e Vieira Diniz)\nPolicl\u00ednicas Municipais \u2013 8h \u00e0s 16h\nCentro Municipal de Imuniza\u00e7\u00e3o \u2013 8h \u00e0s 16h\nMangabeira Shopping \u2013 13h \u00e0s 22h \u2013 (apenas acesso pedestre)\nCrian\u00e7as a partir dos 5 a 11 anos (sem agendamento)\n1\u00aa dose: Pfizer pedi\u00e1trica\n2\u00aa dose: Pfizer pedi\u00e1trica (56 dias)\n3\u00aa dose: Pfizer pedi\u00e1trica (120 dias)\nSalas de vacinas nas USFs \u2013 7h \u00e0s 11h e das 12h \u00e0s 16h (Exceto as USFs de Ilha do Bispo, Alto do C\u00e9u II, Mandacaru VIII, Jardim Planalto, Rosa de F\u00e1tima, Cruz das Armas IV, Jardim Sa\u00fade e Vieira Diniz)\nPolicl\u00ednicas Municipais \u2013 8h \u00e0s 16h\nCentro Municipal de Imuniza\u00e7\u00e3o \u2013 8h \u00e0s 16h\nMangabeira Shopping \u2013 13h \u00e0s 22h \u2013 (apenas acesso pedestre)\nA partir de 12 anos (sem agendamento)\n1\u00aa dose: 12+\n2\u00aa dose: Janssen, Astrazeneca (60 dias) e Pfizer (60 dias)\n3\u00aa dose: 12+ (ap\u00f3s 120 dias da 2\u00aa dose); imunossuprimidos (ap\u00f3s 28 dias da 2\u00aa dose); e trabalhadores de sa\u00fade (ap\u00f3s 120 dias da 2\u00aa dose)\n4\u00aa dose: 30+ (ap\u00f3s 120 dias da 3\u00aa dose); trabalhadores de sa\u00fade (ap\u00f3s 120 dias da 2\u00aa dose); imunossuprimidos (ap\u00f3s 120 dias da 3\u00aa dose)\nSalas de vacinas nas USFs \u2013 7h \u00e0s 11h e das 12h \u00e0s 16h (Exceto as USFs de Ilha do Bispo, Alto do C\u00e9u II, Mandacaru VIII, Jardim Planalto, Rosa de F\u00e1tima, Cruz das Armas IV, Jardim Sa\u00fade e Vieira Diniz)\nCentro Municipal de Imuniza\u00e7\u00e3o \u2013 8h \u00e0s 16h\nMangabeira Shopping (pedestres e drive-thru) \u2013 13h \u00e0s 22h\nIdosos acima 60 anos, pessoas imunocomprometidas acima de 12 anos, gestantes e pu\u00e9rperas \u2013 at\u00e9 45 dias ap\u00f3s o parto, trabalhadores da sa\u00fade, comunidade quilombola e pessoas com defici\u00eancia acima de 12 anos (sem agendamento)\n1\u00aa dose: Dose \u00fanica \u2013 Imunizante Pfizer Bivalente\nFerreira Costa \u2013 Aeroclube \u2013 8h \u00e0s 16h \u2013 pedestre\nMangabeira Shopping \u2013 13h \u00e0s 22h \u2013 drive e pedestre\nShopping Liv Mall \u2013 Jardim Oceania \u2013 10h \u00e0s 16h\nShopping Tambi\u00e1 \u2013 10h \u00e0s 16h\nPolicl\u00ednicas Municipais \u2013 8h \u00e0s 16h\nCentro Municipal de Imuniza\u00e7\u00e3o \u2013 8h \u00e0s 16h\nUnidades de Sa\u00fade da Fam\u00edlia \u2013 8h \u00e0s 11h e das 12h \u00e0s 16h:\n\u2013 USF Integrada Cruz das Armas (Distrito Sanit\u00e1rio I)\n\u2013 USF Integrando Vidas (Distrito Sanit\u00e1rio II)\n\u2013 USF Ipiranga (Distrito Sanit\u00e1rio III)\n\u2013 USF Viver Bem (Distrito Sanit\u00e1rio IV)\n\u2013 USF Banc\u00e1rios Integrada (Distrito Sanit\u00e1rio V)\nUSF S\u00e3o Jos\u00e9 \u2013 16h \u00e0s 20h\nPara pessoas com defici\u00eancia a partir de 12 anos \u2013 8h \u00e0s 12h\nInstituto dos Cegos da Para\u00edba Adalgisa Cunha\nInstituto Helena Holanda\nFunda\u00e7\u00e3o Centro Integrado de Apoio \u00e0 Pessoa com Defici\u00eancia (Funad)\nPara pessoas imunocomprometidas a partir de 12 anos de idade\n22 e 23.03 \u2013 Hospital Santa Isabel \u2013 9h \u00e0s 16h\n24 e 27.03 \u2013 Amip Hospital Infantil \u2013 9h \u00e0s 16h\n28 e 29.03 \u2013 Hospital S\u00e3o Vicente de Paulo \u2013 9h \u00e0s 16h\n30 e 31.03 \u2013 Unirim Servi\u00e7os de Nefrologia \u2013 9h \u00e0s 16h\n30 e 31.03 \u2013 Nefruza Servi\u00e7os Nefrol\u00f3gicos \u2013 9h \u00e0s 16h\nVacina\u00e7\u00e3o Domiciliar\nIdosos acima de 60 anos, com comorbidades e acamados\nAgendamento: (83) 98645-7727\nHor\u00e1rio: 8h \u00e0s 16h (de segunda a sexta-feira)\nV\u00eddeos mais assistidos do g1 Para\u00edba  ","protected":false},"excerpt":{"rendered":"<p>        A vacina monovalente contra a Covid-19 continua dispon\u00edvel para o p\u00fablico a partir dos seis meses, sem a necessidade de agendamento. Vacina\u00e7\u00e3o contra Covid-19 em crian\u00e7as em Jo\u00e3o Pessoa<br \/>\nFoto: Divulga\u00e7\u00e3o\/Secom-JP<br \/>\nO munic\u00edpio de Jo\u00e3o Pessoa ampli&#8230;<\/p>\n","protected":false},"author":2,"featured_media":0,"comment_status":"closed","ping_status":"closed","sticky":false,"template":"","format":"standard","meta":{"advgb_blocks_editor_width":"","advgb_blocks_columns_visual_guide":"","footnotes":""},"categories":[34],"tags":[35],"class_list":["post-11088","post","type-post","status-publish","format-standard","hentry","category-g1","tag-g1"],"author_meta":{"display_name":"g1 &gt; Para\u00edba","author_link":"https:\/\/sindaopcpb.org.br\/author\/g1-paraiba\/"},"featured_img":null,"coauthors":[],"tax_additional":{"categories":{"linked":["<a href=\"https:\/\/sindaopcpb.org.br\/g1\/\" class=\"advgb-post-tax-term\">G1<\/a>"],"unlinked":["<span class=\"advgb-post-tax-term\">G1<\/span>"]},"tags":{"linked":["<a href=\"https:\/\/sindaopcpb.org.br\/g1\/\" class=\"advgb-post-tax-term\">g1<\/a>"],"unlinked":["<span class=\"advgb-post-tax-term\">g1<\/span>"]}},"comment_count":"0","relative_dates":{"created":"Publicado 3 anos atr\u00e1s","modified":"Atualizado 3 anos atr\u00e1s"},"absolute_dates":{"created":"Publicado em 21 de mar\u00e7o de 2023","modified":"Atualizado em 21 de mar\u00e7o de 2023"},"absolute_dates_time":{"created":"Publicado em 21 de mar\u00e7o de 2023 17:27","modified":"Atualizado em 21 de mar\u00e7o de 2023 17:27"},"featured_img_caption":"","series_order":"","_links":{"self":[{"href":"https:\/\/sindaopcpb.org.br\/index.php\/wp-json\/wp\/v2\/posts\/11088","targetHints":{"allow":["GET"]}}],"collection":[{"href":"https:\/\/sindaopcpb.org.br\/index.php\/wp-json\/wp\/v2\/posts"}],"about":[{"href":"https:\/\/sindaopcpb.org.br\/index.php\/wp-json\/wp\/v2\/types\/post"}],"author":[{"embeddable":true,"href":"https:\/\/sindaopcpb.org.br\/index.php\/wp-json\/wp\/v2\/users\/2"}],"replies":[{"embeddable":true,"href":"https:\/\/sindaopcpb.org.br\/index.php\/wp-json\/wp\/v2\/comments?post=11088"}],"version-history":[{"count":1,"href":"https:\/\/sindaopcpb.org.br\/index.php\/wp-json\/wp\/v2\/posts\/11088\/revisions"}],"predecessor-version":[{"id":11089,"href":"https:\/\/sindaopcpb.org.br\/index.php\/wp-json\/wp\/v2\/posts\/11088\/revisions\/11089"}],"wp:attachment":[{"href":"https:\/\/sindaopcpb.org.br\/index.php\/wp-json\/wp\/v2\/media?parent=11088"}],"wp:term":[{"taxonomy":"category","embeddable":true,"href":"https:\/\/sindaopcpb.org.br\/index.php\/wp-json\/wp\/v2\/categories?post=11088"},{"taxonomy":"post_tag","embeddable":true,"href":"https:\/\/sindaopcpb.org.br\/index.php\/wp-json\/wp\/v2\/tags?post=11088"}],"curies":[{"name":"wp","href":"https:\/\/api.w.org\/{rel}","templated":true}]}}