{"id":11082,"date":"2023-03-22T09:18:43","date_gmt":"2023-03-22T12:18:43","guid":{"rendered":"https:\/\/g1.globo.com\/pb\/paraiba\/noticia\/2023\/03\/22\/motorista-envolvido-em-acidente-nos-bancarios-se-apresenta-a-policia-e-e-liberado-em-joao-pessoa.ghtml"},"modified":"2023-03-22T09:18:43","modified_gmt":"2023-03-22T12:18:43","slug":"motorista-envolvido-em-acidente-nos-bancarios-em-joao-pessoa-confessa-que-dirigia-veiculo","status":"publish","type":"post","link":"https:\/\/sindaopcpb.org.br\/index.php\/2023\/03\/22\/motorista-envolvido-em-acidente-nos-bancarios-em-joao-pessoa-confessa-que-dirigia-veiculo\/","title":{"rendered":"Motorista envolvido em acidente nos Banc\u00e1rios, em Jo\u00e3o Pessoa, confessa que dirigia ve\u00edculo"},"content":{"rendered":"   <img src=\"https:\/\/s2.glbimg.com\/l2AlDTvTp3mW5aHXLLHC_xo743Y=\/i.s3.glbimg.com\/v1\/AUTH_59edd422c0c84a879bd37670ae4f538a\/internal_photos\/bs\/2023\/T\/q\/sRkLSPTZa4fRY6Kyai8g\/acidente-bancarios.jpg\" \/><br \/>     Ele compareceu \u00e0 Delegacia de Acidentes de Tr\u00e2nsito na presen\u00e7a de tr\u00eas advogado nesta ter\u00e7a-feira (21) e confesso que dirigia o carro. Acidente aconteceu na principal dos Banc\u00e1rios, em Jo\u00e3o Pessoa, na madrugada desta segunda-feira (20).\nReprodu\u00e7\u00e3o\/TV Cabo Branco\nO motorista do carro envolvido em um acidente que deixou dois feridos na madrugada desta segunda-feira (20) apresentou-se \u00e0 pol\u00edcia, foi interrogado e foi liberado, em Jo\u00e3o Pessoa. Ele compareceu \u00e0 Delegacia de Acidentes de Tr\u00e2nsito na presen\u00e7a de tr\u00eas advogados nesta ter\u00e7a-feira (21) e, conforme o delegado Marcos Vasconcelos, o motorista confessou que dirigia o carro envolvido no acidente.\nO homem n\u00e3o deu nenhum detalhe do caso e disse que mais perguntas sobre o acidente vai responder apenas em julgamento.\nO acidente aconteceu na principal dos Banc\u00e1rios, a Rua Empres\u00e1rio Jo\u00e3o Rodrigues Alves. Duas pessoas ficaram feridas ap\u00f3s a moto em que elas estavam ser atingida por um carro em alta velocidade. (Veja v\u00eddeo abaixo).\nUm v\u00eddeo do circuito de seguran\u00e7a de um estabelecimento na rua flagrou o momento em que a moto \u00e9 atingida, derrubando uma jovem de 23 anos e um jovem de 22. O acidente aconteceu no sentido Centro - Bairro, mas com o impacto, o carro atravessou o canteiro central e parou na outra via.\nCarro em alta velocidade atinge moto e deixa casal ferido, em Jo\u00e3o Pessoa\nAs v\u00edtimas foram socorridas pelo Servi\u00e7o de Atendimento M\u00f3vel de Urg\u00eancia (Samu) e levadas para o Hospital de Emerg\u00eancia e Trauma de Jo\u00e3o Pessoa. Segundo a unidade hospitalar, o jovem que conduzia a moto passou por procedimentos e foi liberado. \nJ\u00e1 a passageira segue internada em estado grave, conforme a \u00faltima atualiza\u00e7\u00e3o da unidade.\nV\u00eddeos mais assistidos do g1 Para\u00edba  ","protected":false},"excerpt":{"rendered":"<p>        Ele compareceu \u00e0 Delegacia de Acidentes de Tr\u00e2nsito na presen\u00e7a de tr\u00eas advogado nesta ter\u00e7a-feira (21) e confesso que dirigia o carro. Acidente aconteceu na principal dos Banc\u00e1rios, em Jo\u00e3o Pessoa, na madrugada desta segunda-feira (20).<br \/>\nReprod&#8230;<\/p>\n","protected":false},"author":2,"featured_media":0,"comment_status":"closed","ping_status":"closed","sticky":false,"template":"","format":"standard","meta":{"advgb_blocks_editor_width":"","advgb_blocks_columns_visual_guide":"","footnotes":""},"categories":[34],"tags":[35],"class_list":["post-11082","post","type-post","status-publish","format-standard","hentry","category-g1","tag-g1"],"author_meta":{"display_name":"g1 &gt; Para\u00edba","author_link":"https:\/\/sindaopcpb.org.br\/author\/g1-paraiba\/"},"featured_img":null,"coauthors":[],"tax_additional":{"categories":{"linked":["<a href=\"https:\/\/sindaopcpb.org.br\/g1\/\" class=\"advgb-post-tax-term\">G1<\/a>"],"unlinked":["<span class=\"advgb-post-tax-term\">G1<\/span>"]},"tags":{"linked":["<a href=\"https:\/\/sindaopcpb.org.br\/g1\/\" class=\"advgb-post-tax-term\">g1<\/a>"],"unlinked":["<span class=\"advgb-post-tax-term\">g1<\/span>"]}},"comment_count":"0","relative_dates":{"created":"Publicado 3 anos atr\u00e1s","modified":"Atualizado 3 anos atr\u00e1s"},"absolute_dates":{"created":"Publicado em 22 de mar\u00e7o de 2023","modified":"Atualizado em 22 de mar\u00e7o de 2023"},"absolute_dates_time":{"created":"Publicado em 22 de mar\u00e7o de 2023 09:18","modified":"Atualizado em 22 de mar\u00e7o de 2023 09:18"},"featured_img_caption":"","series_order":"","_links":{"self":[{"href":"https:\/\/sindaopcpb.org.br\/index.php\/wp-json\/wp\/v2\/posts\/11082","targetHints":{"allow":["GET"]}}],"collection":[{"href":"https:\/\/sindaopcpb.org.br\/index.php\/wp-json\/wp\/v2\/posts"}],"about":[{"href":"https:\/\/sindaopcpb.org.br\/index.php\/wp-json\/wp\/v2\/types\/post"}],"author":[{"embeddable":true,"href":"https:\/\/sindaopcpb.org.br\/index.php\/wp-json\/wp\/v2\/users\/2"}],"replies":[{"embeddable":true,"href":"https:\/\/sindaopcpb.org.br\/index.php\/wp-json\/wp\/v2\/comments?post=11082"}],"version-history":[{"count":1,"href":"https:\/\/sindaopcpb.org.br\/index.php\/wp-json\/wp\/v2\/posts\/11082\/revisions"}],"predecessor-version":[{"id":11083,"href":"https:\/\/sindaopcpb.org.br\/index.php\/wp-json\/wp\/v2\/posts\/11082\/revisions\/11083"}],"wp:attachment":[{"href":"https:\/\/sindaopcpb.org.br\/index.php\/wp-json\/wp\/v2\/media?parent=11082"}],"wp:term":[{"taxonomy":"category","embeddable":true,"href":"https:\/\/sindaopcpb.org.br\/index.php\/wp-json\/wp\/v2\/categories?post=11082"},{"taxonomy":"post_tag","embeddable":true,"href":"https:\/\/sindaopcpb.org.br\/index.php\/wp-json\/wp\/v2\/tags?post=11082"}],"curies":[{"name":"wp","href":"https:\/\/api.w.org\/{rel}","templated":true}]}}