{"id":11080,"date":"2023-03-22T09:51:21","date_gmt":"2023-03-22T12:51:21","guid":{"rendered":"https:\/\/g1.globo.com\/pb\/paraiba\/noticia\/2023\/03\/22\/presidente-lula-cumpre-agenda-na-paraiba.ghtml"},"modified":"2023-03-22T09:51:21","modified_gmt":"2023-03-22T12:51:21","slug":"lula-participa-de-inauguracao-de-parque-de-energias-renovaveis-na-paraiba","status":"publish","type":"post","link":"https:\/\/sindaopcpb.org.br\/index.php\/2023\/03\/22\/lula-participa-de-inauguracao-de-parque-de-energias-renovaveis-na-paraiba\/","title":{"rendered":"Lula participa de inaugura\u00e7\u00e3o de parque de energias renov\u00e1veis na Para\u00edba"},"content":{"rendered":"   <img src=\"https:\/\/s2.glbimg.com\/IlN5Wc0wT1szgG9lKZ-Xzdjt4z0=\/i.s3.glbimg.com\/v1\/AUTH_59edd422c0c84a879bd37670ae4f538a\/internal_photos\/bs\/2023\/k\/F\/t9kn9lTjmI9qKGdjJApA\/evento-santa-luzia.jpg\" \/><br \/>     Lula esteve na Para\u00edba para participar da inaugura\u00e7\u00e3o de um complexo de energia solar e e\u00f3lica em Santa Luzia, no Sert\u00e3o do estado. Lula participa de inaugura\u00e7\u00e3o de parque de energias renov\u00e1veis na Para\u00edba\nArtur Lira\/TV Para\u00edba\nO presidente  Luiz In\u00e1cio Lula da Silva (PT) cumpriu agenda na Para\u00edba nesta quarta-feira (22). Ele veio ao  estado para inaugura\u00e7\u00e3o do primeiro complexo h\u00edbrido de energia solar e e\u00f3lica autorizado pela Ag\u00eancia Nacional de Energia El\u00e9trica (Aneel), em Santa Luzia, no Sert\u00e3o paraibano. Foi a primeira vez de Lula na Para\u00edba neste mandato.\nLula desembarcou junto com o Ministro das Minas e Energia, Alexandre Silveira, com a ministra da Ci\u00eancia, Tecnologia e Inova\u00e7\u00e3o, Luciana Santos, e com a primeira-dama Janja, em Campina Grande, no Agreste da Para\u00edba, por volta das 9h50. Ele foi recebido pelo governador da Para\u00edba, Jo\u00e3o Azev\u00eado (PSB), e pelo prefeito de Campina Grande, Bruno Cunha Lima (PSD).\nO presidente seguiu viagem de avi\u00e3o para Santa Luzia por volta das 10h15, junto com Jo\u00e3o Azev\u00eado  e a primeira-dama Janja, em um helic\u00f3ptero. Ele desembarcou para inaugurar o Complexo Renov\u00e1vel Neoenergia \u2013 Parque E\u00f3lico Chafariz, por volta das 11h30.\nDurante o evento de inaugura\u00e7\u00e3o dos parques, l\u00edderes da empresa respons\u00e1vel pelo empreendimento e Jo\u00e3o Azev\u00eado discursaram. O governador da Para\u00edba falou sobre o impacto do complexo para a regi\u00e3o onde foi instalado.\n\"Essa gera\u00e7\u00e3o (de energia) acontece por conta desse ambiente seguro que n\u00f3s estamos potenciando. Ent\u00e3o, fico muito feliz neste momento. A gente est\u00e1 celebrando aqui esse grande investimento na energia, mas acima de tudo, a revolu\u00e7\u00e3o que est\u00e1 acontecendo para cada munic\u00edpio\", disse o governador.\nPresidente Lula, primeira dama Janja, governador da Para\u00edba e outras autoridades em Santa Luzia, PB\nJo\u00e3o Paulo Medeiros\/Jornal da Para\u00edba\nO evento acabou por volta das 12h10. O presidente Lula n\u00e3o discursou. \nAp\u00f3s agenda em Santa Luzia, Lula voltou para Campina Grande e deve seguir para Recife, Pernambuco. A previs\u00e3o \u00e9 que ele deixe a Para\u00edba por volta das 13h. \nComplexo de energias renov\u00e1veis\nO Complexo Renov\u00e1vel Neoenergia \u2013 Parque E\u00f3lico Chafariz \u00e9 do grupo Neoenergia. Localizado em Santa Luzia, o empreendimento privado \u00e9 composto por 15 parques com 136 aerogeradores e capacidade instalada de 471 MW. Segundo a empresa, o investimento para a implanta\u00e7\u00e3o do complexo foi de R$ 3 bilh\u00f5es.\nO empreendimento \u00e9 o primeiro complexo de energia associada autorizado pela Aneel no Brasil.\nV\u00eddeos mais assistidos do g1 Para\u00edba\nPresidente Lula, primeira dama Janja, governador da Para\u00edba e outras autoridades em Santa Luzia, PB\nJo\u00e3o Paulo Medeiros\/Jornal da Para\u00edba  ","protected":false},"excerpt":{"rendered":"<p>        Lula esteve na Para\u00edba para participar da inaugura\u00e7\u00e3o de um complexo de energia solar e e\u00f3lica em Santa Luzia, no Sert\u00e3o do estado. Lula participa de inaugura\u00e7\u00e3o de parque de energias renov\u00e1veis na Para\u00edba<br \/>\nArtur Lira\/TV Para\u00edba<br \/>\nO presidente  Lu&#8230;<\/p>\n","protected":false},"author":2,"featured_media":0,"comment_status":"closed","ping_status":"closed","sticky":false,"template":"","format":"standard","meta":{"advgb_blocks_editor_width":"","advgb_blocks_columns_visual_guide":"","footnotes":""},"categories":[34],"tags":[35],"class_list":["post-11080","post","type-post","status-publish","format-standard","hentry","category-g1","tag-g1"],"author_meta":{"display_name":"g1 &gt; Para\u00edba","author_link":"https:\/\/sindaopcpb.org.br\/author\/g1-paraiba\/"},"featured_img":null,"coauthors":[],"tax_additional":{"categories":{"linked":["<a href=\"https:\/\/sindaopcpb.org.br\/g1\/\" class=\"advgb-post-tax-term\">G1<\/a>"],"unlinked":["<span class=\"advgb-post-tax-term\">G1<\/span>"]},"tags":{"linked":["<a href=\"https:\/\/sindaopcpb.org.br\/g1\/\" class=\"advgb-post-tax-term\">g1<\/a>"],"unlinked":["<span class=\"advgb-post-tax-term\">g1<\/span>"]}},"comment_count":"0","relative_dates":{"created":"Publicado 3 anos atr\u00e1s","modified":"Atualizado 3 anos atr\u00e1s"},"absolute_dates":{"created":"Publicado em 22 de mar\u00e7o de 2023","modified":"Atualizado em 22 de mar\u00e7o de 2023"},"absolute_dates_time":{"created":"Publicado em 22 de mar\u00e7o de 2023 09:51","modified":"Atualizado em 22 de mar\u00e7o de 2023 09:51"},"featured_img_caption":"","series_order":"","_links":{"self":[{"href":"https:\/\/sindaopcpb.org.br\/index.php\/wp-json\/wp\/v2\/posts\/11080","targetHints":{"allow":["GET"]}}],"collection":[{"href":"https:\/\/sindaopcpb.org.br\/index.php\/wp-json\/wp\/v2\/posts"}],"about":[{"href":"https:\/\/sindaopcpb.org.br\/index.php\/wp-json\/wp\/v2\/types\/post"}],"author":[{"embeddable":true,"href":"https:\/\/sindaopcpb.org.br\/index.php\/wp-json\/wp\/v2\/users\/2"}],"replies":[{"embeddable":true,"href":"https:\/\/sindaopcpb.org.br\/index.php\/wp-json\/wp\/v2\/comments?post=11080"}],"version-history":[{"count":1,"href":"https:\/\/sindaopcpb.org.br\/index.php\/wp-json\/wp\/v2\/posts\/11080\/revisions"}],"predecessor-version":[{"id":11081,"href":"https:\/\/sindaopcpb.org.br\/index.php\/wp-json\/wp\/v2\/posts\/11080\/revisions\/11081"}],"wp:attachment":[{"href":"https:\/\/sindaopcpb.org.br\/index.php\/wp-json\/wp\/v2\/media?parent=11080"}],"wp:term":[{"taxonomy":"category","embeddable":true,"href":"https:\/\/sindaopcpb.org.br\/index.php\/wp-json\/wp\/v2\/categories?post=11080"},{"taxonomy":"post_tag","embeddable":true,"href":"https:\/\/sindaopcpb.org.br\/index.php\/wp-json\/wp\/v2\/tags?post=11080"}],"curies":[{"name":"wp","href":"https:\/\/api.w.org\/{rel}","templated":true}]}}